{"id":90005,"date":"2024-08-27T18:23:20","date_gmt":"2024-08-27T18:23:20","guid":{"rendered":"https:\/\/estado29.mx\/?p=90005"},"modified":"2024-08-27T18:23:22","modified_gmt":"2024-08-27T18:23:22","slug":"invita-coordinacion-de-turismo-de-huamantla-a-la-feria-de-emprendimientos-2024","status":"publish","type":"post","link":"https:\/\/estado29.mx\/?p=90005","title":{"rendered":"Invita Coordinaci\u00f3n de Turismo de Huamantla a la Feria de Emprendimientos 2024."},"content":{"rendered":"\n<p>La Coordinadora de Turismo en el Municipio de Huamantla, Mar\u00eda Celeste Caballero Mart\u00ednez, refiri\u00f3 que dentro de las actividades de promoci\u00f3n para productores en expansi\u00f3n de alg\u00fan negocio o producto tradicional, el pr\u00f3ximo viernes 30 de agosto, se llevar\u00e1 a cabo la Feria de emprendimientos, titulada \u201cYo Tambi\u00e9n Emprendo\u201d.<\/p>\n\n\n\n<p><br>Este evento se realizar\u00e1 en las instalaciones de la Cancha 13, en un horario de nueve de la ma\u00f1ana a siete de la noche, mencion\u00f3 que esta feria, se organiz\u00f3 en conjunto con las Coordinaciones de Desarrollo Econ\u00f3mico y Juventud.<\/p>\n\n\n\n<p><br>Agreg\u00f3 que entre los participantes de este evento, se encuentran algunos que forman parte del programa Manjares Tlaxcaltecas, con productos como pan de pulque, nuevos productores de mezcal y muchos productores m\u00e1s.<\/p>\n\n\n\n<p><br>Para finalizar, destac\u00f3 que el objetivo de estas actividades, es que los productores puedan dar a conocer sus productos y llegar a un mayor mercado.<\/p>\n\n\n<figure class=\"wp-block-post-featured-image\"><img loading=\"lazy\" decoding=\"async\" width=\"2560\" height=\"1920\" src=\"https:\/\/estado29.mx\/wp-content\/uploads\/2024\/08\/IMG_20240809_112208-min-scaled.jpg\" class=\"attachment-post-thumbnail size-post-thumbnail wp-post-image\" alt=\"\" style=\"object-fit:cover;\" srcset=\"https:\/\/estado29.mx\/wp-content\/uploads\/2024\/08\/IMG_20240809_112208-min-scaled.jpg 2560w, https:\/\/estado29.mx\/wp-content\/uploads\/2024\/08\/IMG_20240809_112208-min-300x225.jpg 300w, https:\/\/estado29.mx\/wp-content\/uploads\/2024\/08\/IMG_20240809_112208-min-1024x768.jpg 1024w, https:\/\/estado29.mx\/wp-content\/uploads\/2024\/08\/IMG_20240809_112208-min-768x576.jpg 768w, https:\/\/estado29.mx\/wp-content\/uploads\/2024\/08\/IMG_20240809_112208-min-1536x1152.jpg 1536w, https:\/\/estado29.mx\/wp-content\/uploads\/2024\/08\/IMG_20240809_112208-min-2048x1536.jpg 2048w, https:\/\/estado29.mx\/wp-content\/uploads\/2024\/08\/IMG_20240809_112208-min-750x563.jpg 750w, https:\/\/estado29.mx\/wp-content\/uploads\/2024\/08\/IMG_20240809_112208-min-1140x855.jpg 1140w\" sizes=\"auto, (max-width: 2560px) 100vw, 2560px\" \/><\/figure>","protected":false},"excerpt":{"rendered":"<p>La Coordinadora de Turismo en el Municipio de Huamantla, Mar\u00eda Celeste Caballero Mart\u00ednez, refiri\u00f3 que dentro de las actividades de promoci\u00f3n para productores en expansi\u00f3n de alg\u00fan negocio o producto tradicional, el pr\u00f3ximo viernes 30 de agosto, se llevar\u00e1 a cabo la Feria de emprendimientos, titulada \u201cYo Tambi\u00e9n Emprendo\u201d. Este evento se realizar\u00e1 en las [&hellip;]<\/p>\n","protected":false},"author":7,"featured_media":89973,"comment_status":"open","ping_status":"open","sticky":false,"template":"","format":"standard","meta":{"om_disable_all_campaigns":false,"_monsterinsights_skip_tracking":false,"_monsterinsights_sitenote_active":false,"_monsterinsights_sitenote_note":"","_monsterinsights_sitenote_category":0,"jnews-multi-image_gallery":[],"jnews_single_post":{"subtitle":"","format":"standard","video":"","gallery":"","source_name":"","source_url":"","via_name":"","via_url":"","override_template":"0","override":[{"template":"1","single_blog_custom":"","parallax":"1","fullscreen":"1","layout":"right-sidebar","sidebar":"default-sidebar","second_sidebar":"default-sidebar","sticky_sidebar":"1","share_position":"top","share_float_style":"share-monocrhome","show_share_counter":"1","show_view_counter":"1","show_featured":"1","show_post_meta":"1","show_post_author":"1","show_post_author_image":"1","show_post_date":"1","post_date_format":"default","post_date_format_custom":"Y\/m\/d","show_post_category":"1","show_post_reading_time":"0","post_reading_time_wpm":"300","show_zoom_button":"0","zoom_button_out_step":"2","zoom_button_in_step":"3","show_post_tag":"1","show_prev_next_post":"1","show_popup_post":"1","number_popup_post":"1","show_author_box":"1","show_post_related":"0","show_inline_post_related":"0"}],"override_image_size":"0","image_override":[{"single_post_thumbnail_size":"crop-500","single_post_gallery_size":"crop-500"}],"trending_post":"0","trending_post_position":"meta","trending_post_label":"Trending","sponsored_post":"0","sponsored_post_label":"Sponsored by","sponsored_post_name":"","sponsored_post_url":"","sponsored_post_logo_enable":"0","sponsored_post_logo":"","sponsored_post_desc":"","disable_ad":"0"},"jnews_primary_category":{"id":""},"footnotes":""},"categories":[1],"tags":[],"class_list":["post-90005","post","type-post","status-publish","format-standard","has-post-thumbnail","hentry","category-uncategorized"],"aioseo_notices":[],"_links":{"self":[{"href":"https:\/\/estado29.mx\/index.php?rest_route=\/wp\/v2\/posts\/90005","targetHints":{"allow":["GET"]}}],"collection":[{"href":"https:\/\/estado29.mx\/index.php?rest_route=\/wp\/v2\/posts"}],"about":[{"href":"https:\/\/estado29.mx\/index.php?rest_route=\/wp\/v2\/types\/post"}],"author":[{"embeddable":true,"href":"https:\/\/estado29.mx\/index.php?rest_route=\/wp\/v2\/users\/7"}],"replies":[{"embeddable":true,"href":"https:\/\/estado29.mx\/index.php?rest_route=%2Fwp%2Fv2%2Fcomments&post=90005"}],"version-history":[{"count":1,"href":"https:\/\/estado29.mx\/index.php?rest_route=\/wp\/v2\/posts\/90005\/revisions"}],"predecessor-version":[{"id":90006,"href":"https:\/\/estado29.mx\/index.php?rest_route=\/wp\/v2\/posts\/90005\/revisions\/90006"}],"wp:featuredmedia":[{"embeddable":true,"href":"https:\/\/estado29.mx\/index.php?rest_route=\/wp\/v2\/media\/89973"}],"wp:attachment":[{"href":"https:\/\/estado29.mx\/index.php?rest_route=%2Fwp%2Fv2%2Fmedia&parent=90005"}],"wp:term":[{"taxonomy":"category","embeddable":true,"href":"https:\/\/estado29.mx\/index.php?rest_route=%2Fwp%2Fv2%2Fcategories&post=90005"},{"taxonomy":"post_tag","embeddable":true,"href":"https:\/\/estado29.mx\/index.php?rest_route=%2Fwp%2Fv2%2Ftags&post=90005"}],"curies":[{"name":"wp","href":"https:\/\/api.w.org\/{rel}","templated":true}]}}