{"id":90037,"date":"2024-08-30T19:45:59","date_gmt":"2024-08-30T19:45:59","guid":{"rendered":"https:\/\/estado29.mx\/?p=90037"},"modified":"2024-08-30T19:46:00","modified_gmt":"2024-08-30T19:46:00","slug":"se-lleva-a-cabo-en-el-municipio-de-huamantla-la-feria-de-emprendimientos-2024-yo-tambien-emprendo","status":"publish","type":"post","link":"https:\/\/estado29.mx\/?p=90037","title":{"rendered":"Se lleva a cabo en el Municipio de Huamantla la Feria de Emprendimientos 2024 \u201cYo Tambi\u00e9n Emprendo\u201d."},"content":{"rendered":"\n<p>Hoy viernes 30 de agosto, se llev\u00f3 a cabo en el municipio de Huamantla, la Feria de Emprendimientos 2024 \u201cYo Tambi\u00e9n Emprendo\u201d, evento realizado en las instalaciones de Cancha 13, en el que participaron al menos 40 emprendedores de la regi\u00f3n.<\/p>\n\n\n\n<figure class=\"wp-block-image size-large\"><img loading=\"lazy\" decoding=\"async\" width=\"1024\" height=\"768\" src=\"https:\/\/estado29.mx\/wp-content\/uploads\/2024\/08\/IMG_20240830_130306-min-1-1024x768.jpg\" alt=\"\" class=\"wp-image-90039\" srcset=\"https:\/\/estado29.mx\/wp-content\/uploads\/2024\/08\/IMG_20240830_130306-min-1-1024x768.jpg 1024w, https:\/\/estado29.mx\/wp-content\/uploads\/2024\/08\/IMG_20240830_130306-min-1-300x225.jpg 300w, https:\/\/estado29.mx\/wp-content\/uploads\/2024\/08\/IMG_20240830_130306-min-1-768x576.jpg 768w, https:\/\/estado29.mx\/wp-content\/uploads\/2024\/08\/IMG_20240830_130306-min-1-1536x1152.jpg 1536w, https:\/\/estado29.mx\/wp-content\/uploads\/2024\/08\/IMG_20240830_130306-min-1-2048x1536.jpg 2048w, https:\/\/estado29.mx\/wp-content\/uploads\/2024\/08\/IMG_20240830_130306-min-1-750x563.jpg 750w, https:\/\/estado29.mx\/wp-content\/uploads\/2024\/08\/IMG_20240830_130306-min-1-1140x855.jpg 1140w\" sizes=\"auto, (max-width: 1024px) 100vw, 1024px\" \/><\/figure>\n\n\n\n<p><br>La Presidenta Interina Municipal, Luz Mar\u00eda Calva Pimentel en su mensaje, reconoci\u00f3 el esfuerzo de estos emprendedores, pues en su mayor\u00eda, los productos que ofrecen son artesanales.<\/p>\n\n\n\n<p>Por otra parte, el Coordinador de Juventud en el lugar, Hugo Alejandro S\u00e1nchez P\u00e9rez, dijo que el objetivo de este evento, es que los emprendedores participantes den a conocer su producto.<\/p>\n\n\n\n<figure class=\"wp-block-image size-large\"><img loading=\"lazy\" decoding=\"async\" width=\"1024\" height=\"768\" src=\"https:\/\/estado29.mx\/wp-content\/uploads\/2024\/08\/IMG_20240830_131738-min-1024x768.jpg\" alt=\"\" class=\"wp-image-90040\" srcset=\"https:\/\/estado29.mx\/wp-content\/uploads\/2024\/08\/IMG_20240830_131738-min-1024x768.jpg 1024w, https:\/\/estado29.mx\/wp-content\/uploads\/2024\/08\/IMG_20240830_131738-min-300x225.jpg 300w, https:\/\/estado29.mx\/wp-content\/uploads\/2024\/08\/IMG_20240830_131738-min-768x576.jpg 768w, https:\/\/estado29.mx\/wp-content\/uploads\/2024\/08\/IMG_20240830_131738-min-1536x1152.jpg 1536w, https:\/\/estado29.mx\/wp-content\/uploads\/2024\/08\/IMG_20240830_131738-min-2048x1536.jpg 2048w, https:\/\/estado29.mx\/wp-content\/uploads\/2024\/08\/IMG_20240830_131738-min-750x563.jpg 750w, https:\/\/estado29.mx\/wp-content\/uploads\/2024\/08\/IMG_20240830_131738-min-1140x855.jpg 1140w\" sizes=\"auto, (max-width: 1024px) 100vw, 1024px\" \/><\/figure>\n\n\n\n<p>Asimismo, la Coordinadora de Turismo, Mar\u00eda Celeste Caballero Mart\u00ednez, invit\u00f3 a productores y emprendedores a no desaprovechar estas oportunidades de que los pobladores conozcan sus productos.<\/p>\n\n\n\n<p>Destacar que durante la presentaci\u00f3n del los productos, la Presidenta Interina acompa\u00f1ada de lo Coordinadores de Juventud, Turismo y Desarrollo Econ\u00f3mico, hicieron entrega de reconocimientos a los productores y emprendedores participantes.<\/p>\n\n\n<figure class=\"wp-block-post-featured-image\"><img loading=\"lazy\" decoding=\"async\" width=\"2560\" height=\"1920\" src=\"https:\/\/estado29.mx\/wp-content\/uploads\/2024\/08\/IMG_20240830_124948-min-scaled.jpg\" class=\"attachment-post-thumbnail size-post-thumbnail wp-post-image\" alt=\"\" style=\"object-fit:cover;\" srcset=\"https:\/\/estado29.mx\/wp-content\/uploads\/2024\/08\/IMG_20240830_124948-min-scaled.jpg 2560w, https:\/\/estado29.mx\/wp-content\/uploads\/2024\/08\/IMG_20240830_124948-min-300x225.jpg 300w, https:\/\/estado29.mx\/wp-content\/uploads\/2024\/08\/IMG_20240830_124948-min-1024x768.jpg 1024w, https:\/\/estado29.mx\/wp-content\/uploads\/2024\/08\/IMG_20240830_124948-min-768x576.jpg 768w, https:\/\/estado29.mx\/wp-content\/uploads\/2024\/08\/IMG_20240830_124948-min-1536x1152.jpg 1536w, https:\/\/estado29.mx\/wp-content\/uploads\/2024\/08\/IMG_20240830_124948-min-2048x1536.jpg 2048w, https:\/\/estado29.mx\/wp-content\/uploads\/2024\/08\/IMG_20240830_124948-min-750x563.jpg 750w, https:\/\/estado29.mx\/wp-content\/uploads\/2024\/08\/IMG_20240830_124948-min-1140x855.jpg 1140w\" sizes=\"auto, (max-width: 2560px) 100vw, 2560px\" \/><\/figure>","protected":false},"excerpt":{"rendered":"<p>Hoy viernes 30 de agosto, se llev\u00f3 a cabo en el municipio de Huamantla, la Feria de Emprendimientos 2024 \u201cYo Tambi\u00e9n Emprendo\u201d, evento realizado en las instalaciones de Cancha 13, en el que participaron al menos 40 emprendedores de la regi\u00f3n. La Presidenta Interina Municipal, Luz Mar\u00eda Calva Pimentel en su mensaje, reconoci\u00f3 el esfuerzo [&hellip;]<\/p>\n","protected":false},"author":7,"featured_media":90038,"comment_status":"open","ping_status":"open","sticky":false,"template":"","format":"standard","meta":{"om_disable_all_campaigns":false,"_monsterinsights_skip_tracking":false,"_monsterinsights_sitenote_active":false,"_monsterinsights_sitenote_note":"","_monsterinsights_sitenote_category":0,"jnews-multi-image_gallery":[],"jnews_single_post":{"subtitle":"","format":"standard","video":"","gallery":"","source_name":"","source_url":"","via_name":"","via_url":"","override_template":"0","override":[{"template":"1","single_blog_custom":"","parallax":"1","fullscreen":"1","layout":"right-sidebar","sidebar":"default-sidebar","second_sidebar":"default-sidebar","sticky_sidebar":"1","share_position":"top","share_float_style":"share-monocrhome","show_share_counter":"1","show_view_counter":"1","show_featured":"1","show_post_meta":"1","show_post_author":"1","show_post_author_image":"1","show_post_date":"1","post_date_format":"default","post_date_format_custom":"Y\/m\/d","show_post_category":"1","show_post_reading_time":"0","post_reading_time_wpm":"300","show_zoom_button":"0","zoom_button_out_step":"2","zoom_button_in_step":"3","show_post_tag":"1","show_prev_next_post":"1","show_popup_post":"1","number_popup_post":"1","show_author_box":"1","show_post_related":"0","show_inline_post_related":"0"}],"override_image_size":"0","image_override":[{"single_post_thumbnail_size":"crop-500","single_post_gallery_size":"crop-500"}],"trending_post":"0","trending_post_position":"meta","trending_post_label":"Trending","sponsored_post":"0","sponsored_post_label":"Sponsored by","sponsored_post_name":"","sponsored_post_url":"","sponsored_post_logo_enable":"0","sponsored_post_logo":"","sponsored_post_desc":"","disable_ad":"0"},"jnews_primary_category":{"id":""},"footnotes":""},"categories":[1],"tags":[],"class_list":["post-90037","post","type-post","status-publish","format-standard","has-post-thumbnail","hentry","category-uncategorized"],"aioseo_notices":[],"_links":{"self":[{"href":"https:\/\/estado29.mx\/index.php?rest_route=\/wp\/v2\/posts\/90037","targetHints":{"allow":["GET"]}}],"collection":[{"href":"https:\/\/estado29.mx\/index.php?rest_route=\/wp\/v2\/posts"}],"about":[{"href":"https:\/\/estado29.mx\/index.php?rest_route=\/wp\/v2\/types\/post"}],"author":[{"embeddable":true,"href":"https:\/\/estado29.mx\/index.php?rest_route=\/wp\/v2\/users\/7"}],"replies":[{"embeddable":true,"href":"https:\/\/estado29.mx\/index.php?rest_route=%2Fwp%2Fv2%2Fcomments&post=90037"}],"version-history":[{"count":1,"href":"https:\/\/estado29.mx\/index.php?rest_route=\/wp\/v2\/posts\/90037\/revisions"}],"predecessor-version":[{"id":90041,"href":"https:\/\/estado29.mx\/index.php?rest_route=\/wp\/v2\/posts\/90037\/revisions\/90041"}],"wp:featuredmedia":[{"embeddable":true,"href":"https:\/\/estado29.mx\/index.php?rest_route=\/wp\/v2\/media\/90038"}],"wp:attachment":[{"href":"https:\/\/estado29.mx\/index.php?rest_route=%2Fwp%2Fv2%2Fmedia&parent=90037"}],"wp:term":[{"taxonomy":"category","embeddable":true,"href":"https:\/\/estado29.mx\/index.php?rest_route=%2Fwp%2Fv2%2Fcategories&post=90037"},{"taxonomy":"post_tag","embeddable":true,"href":"https:\/\/estado29.mx\/index.php?rest_route=%2Fwp%2Fv2%2Ftags&post=90037"}],"curies":[{"name":"wp","href":"https:\/\/api.w.org\/{rel}","templated":true}]}}