{"id":90042,"date":"2024-08-30T19:57:39","date_gmt":"2024-08-30T19:57:39","guid":{"rendered":"https:\/\/estado29.mx\/?p=90042"},"modified":"2024-08-30T19:57:40","modified_gmt":"2024-08-30T19:57:40","slug":"los-titeres-identidad-y-orgullo-para-huamantla-desafios-y-alegrias","status":"publish","type":"post","link":"https:\/\/estado29.mx\/?p=90042","title":{"rendered":"Los t\u00edteres identidad y orgullo para Huamantla: Desaf\u00edos y alegrias."},"content":{"rendered":"\n<p>Amigos de En Punto, el d\u00eda de hoy acud\u00ed a entrevistar a la Directora del Grupo de T\u00edteres \u201cMachincuepa\u201d, originaria del municipio de Huamantla, Mar\u00eda del Roc\u00edo P\u00e9rez Ju\u00e1rez, quien compiti\u00f3 en julio pasado, para participar dentro de la celebraci\u00f3n de la Edici\u00f3n 39 del Festival Internacional de T\u00edteres de Tlaxcala \u201cRosete Aranda\u201d.<\/p>\n\n\n\n<p><br>Comentar amigos del auditorio, que este grupo de t\u00edteres, est\u00e1 entre los seis seleccionados para participar en este festival, que se llevar\u00e1 a cabo en el pr\u00f3ximo mes de octubre, con la obra \u201cNo hay Cumplea\u00f1os\u201d y adem\u00e1s, esta agrupaci\u00f3n est\u00e1 celebrando en este a\u00f1o su 29 aniversario.<\/p>\n\n\n\n<p><br>La Directora de \u201cMachuncuepa\u201d Mar\u00eda del Roc\u00edo P\u00e9rez Ju\u00e1rez, me comparti\u00f3 los diversos desaf\u00edos que ha enfrentado en todo este tiempo, as\u00ed como la iniciativa por empezar a trabajar en este proyecto.<\/p>\n\n\n<figure class=\"wp-block-post-featured-image\"><img loading=\"lazy\" decoding=\"async\" width=\"1200\" height=\"1600\" src=\"https:\/\/estado29.mx\/wp-content\/uploads\/2024\/08\/IMG-20240821-WA0006-1.jpg\" class=\"attachment-post-thumbnail size-post-thumbnail wp-post-image\" alt=\"\" style=\"object-fit:cover;\" srcset=\"https:\/\/estado29.mx\/wp-content\/uploads\/2024\/08\/IMG-20240821-WA0006-1.jpg 1200w, https:\/\/estado29.mx\/wp-content\/uploads\/2024\/08\/IMG-20240821-WA0006-1-225x300.jpg 225w, https:\/\/estado29.mx\/wp-content\/uploads\/2024\/08\/IMG-20240821-WA0006-1-768x1024.jpg 768w, https:\/\/estado29.mx\/wp-content\/uploads\/2024\/08\/IMG-20240821-WA0006-1-1152x1536.jpg 1152w, https:\/\/estado29.mx\/wp-content\/uploads\/2024\/08\/IMG-20240821-WA0006-1-750x1000.jpg 750w, https:\/\/estado29.mx\/wp-content\/uploads\/2024\/08\/IMG-20240821-WA0006-1-1140x1520.jpg 1140w\" sizes=\"auto, (max-width: 1200px) 100vw, 1200px\" \/><\/figure>","protected":false},"excerpt":{"rendered":"<p>Amigos de En Punto, el d\u00eda de hoy acud\u00ed a entrevistar a la Directora del Grupo de T\u00edteres \u201cMachincuepa\u201d, originaria del municipio de Huamantla, Mar\u00eda del Roc\u00edo P\u00e9rez Ju\u00e1rez, quien compiti\u00f3 en julio pasado, para participar dentro de la celebraci\u00f3n de la Edici\u00f3n 39 del Festival Internacional de T\u00edteres de Tlaxcala \u201cRosete Aranda\u201d. Comentar amigos [&hellip;]<\/p>\n","protected":false},"author":7,"featured_media":90009,"comment_status":"open","ping_status":"open","sticky":false,"template":"","format":"standard","meta":{"om_disable_all_campaigns":false,"_monsterinsights_skip_tracking":false,"_monsterinsights_sitenote_active":false,"_monsterinsights_sitenote_note":"","_monsterinsights_sitenote_category":0,"jnews-multi-image_gallery":[],"jnews_single_post":{"subtitle":"","format":"standard","video":"","gallery":"","source_name":"","source_url":"","via_name":"","via_url":"","override_template":"0","override":[{"template":"1","single_blog_custom":"","parallax":"1","fullscreen":"1","layout":"right-sidebar","sidebar":"default-sidebar","second_sidebar":"default-sidebar","sticky_sidebar":"1","share_position":"top","share_float_style":"share-monocrhome","show_share_counter":"1","show_view_counter":"1","show_featured":"1","show_post_meta":"1","show_post_author":"1","show_post_author_image":"1","show_post_date":"1","post_date_format":"default","post_date_format_custom":"Y\/m\/d","show_post_category":"1","show_post_reading_time":"0","post_reading_time_wpm":"300","show_zoom_button":"0","zoom_button_out_step":"2","zoom_button_in_step":"3","show_post_tag":"1","show_prev_next_post":"1","show_popup_post":"1","number_popup_post":"1","show_author_box":"1","show_post_related":"0","show_inline_post_related":"0"}],"override_image_size":"0","image_override":[{"single_post_thumbnail_size":"crop-500","single_post_gallery_size":"crop-500"}],"trending_post":"0","trending_post_position":"meta","trending_post_label":"Trending","sponsored_post":"0","sponsored_post_label":"Sponsored by","sponsored_post_name":"","sponsored_post_url":"","sponsored_post_logo_enable":"0","sponsored_post_logo":"","sponsored_post_desc":"","disable_ad":"0"},"jnews_primary_category":{"id":""},"footnotes":""},"categories":[1],"tags":[],"class_list":["post-90042","post","type-post","status-publish","format-standard","has-post-thumbnail","hentry","category-uncategorized"],"aioseo_notices":[],"_links":{"self":[{"href":"https:\/\/estado29.mx\/index.php?rest_route=\/wp\/v2\/posts\/90042","targetHints":{"allow":["GET"]}}],"collection":[{"href":"https:\/\/estado29.mx\/index.php?rest_route=\/wp\/v2\/posts"}],"about":[{"href":"https:\/\/estado29.mx\/index.php?rest_route=\/wp\/v2\/types\/post"}],"author":[{"embeddable":true,"href":"https:\/\/estado29.mx\/index.php?rest_route=\/wp\/v2\/users\/7"}],"replies":[{"embeddable":true,"href":"https:\/\/estado29.mx\/index.php?rest_route=%2Fwp%2Fv2%2Fcomments&post=90042"}],"version-history":[{"count":1,"href":"https:\/\/estado29.mx\/index.php?rest_route=\/wp\/v2\/posts\/90042\/revisions"}],"predecessor-version":[{"id":90043,"href":"https:\/\/estado29.mx\/index.php?rest_route=\/wp\/v2\/posts\/90042\/revisions\/90043"}],"wp:featuredmedia":[{"embeddable":true,"href":"https:\/\/estado29.mx\/index.php?rest_route=\/wp\/v2\/media\/90009"}],"wp:attachment":[{"href":"https:\/\/estado29.mx\/index.php?rest_route=%2Fwp%2Fv2%2Fmedia&parent=90042"}],"wp:term":[{"taxonomy":"category","embeddable":true,"href":"https:\/\/estado29.mx\/index.php?rest_route=%2Fwp%2Fv2%2Fcategories&post=90042"},{"taxonomy":"post_tag","embeddable":true,"href":"https:\/\/estado29.mx\/index.php?rest_route=%2Fwp%2Fv2%2Ftags&post=90042"}],"curies":[{"name":"wp","href":"https:\/\/api.w.org\/{rel}","templated":true}]}}