{"id":90045,"date":"2024-08-30T20:04:06","date_gmt":"2024-08-30T20:04:06","guid":{"rendered":"https:\/\/estado29.mx\/?p=90045"},"modified":"2024-08-30T20:04:06","modified_gmt":"2024-08-30T20:04:06","slug":"desmienten-presidente-de-comunidad-del-barrio-de-la-preciosa-y-mayordomo-de-la-parroquia-acusaciones-ciudadanas","status":"publish","type":"post","link":"https:\/\/estado29.mx\/?p=90045","title":{"rendered":"Desmienten presidente de Comunidad del Barrio de la Preciosa y Mayordomo de la parroquia acusaciones ciudadanas."},"content":{"rendered":"\n<p>El Presidente de Comunidad del Barrio de la Preciosa, Jos\u00e9 Fausto Nicanor Salda\u00f1a y No\u00e9 Salda\u00f1a Morales, Encargado del Templo del mismo Barrio, desmienten acusaciones en denuncia ciudadana, de la emisi\u00f3n de noticias matutina.<\/p>\n\n\n\n<p><br>El casi expresidente de comunidad, comenta que es mentira que haya dicho que el recurso de la administraci\u00f3n, se haya invertido en remodelaci\u00f3n de la iglesia. <\/p>\n\n\n\n<p>Jos\u00e9 Fausto Nicanor Salda\u00f1a, hace la invitaci\u00f3n a la ciudadan\u00eda a que muestre pruebas de sus acusaciones, pues los apoyos que se han otorgado por su parte, est\u00e1n debidamente documentados y comprobados.<\/p>\n\n\n\n<p><br>Asimismo, el encargado del templo, comenta que las reparaciones que se est\u00e1n haciendo en este templo, son por algunos apoyos y cooperaciones por parte de los habitantes de este barrio.<\/p>\n\n\n\n<p>Agreg\u00f3 que, semana a semana, pasan a solicitar la cooperaci\u00f3n ciudadana para poder culminar estos trabajos.<\/p>\n\n\n<figure class=\"wp-block-post-featured-image\"><img loading=\"lazy\" decoding=\"async\" width=\"415\" height=\"739\" src=\"https:\/\/estado29.mx\/wp-content\/uploads\/2024\/08\/images-2.jpeg\" class=\"attachment-post-thumbnail size-post-thumbnail wp-post-image\" alt=\"\" style=\"object-fit:cover;\" srcset=\"https:\/\/estado29.mx\/wp-content\/uploads\/2024\/08\/images-2.jpeg 415w, https:\/\/estado29.mx\/wp-content\/uploads\/2024\/08\/images-2-168x300.jpeg 168w\" sizes=\"auto, (max-width: 415px) 100vw, 415px\" \/><\/figure>","protected":false},"excerpt":{"rendered":"<p>El Presidente de Comunidad del Barrio de la Preciosa, Jos\u00e9 Fausto Nicanor Salda\u00f1a y No\u00e9 Salda\u00f1a Morales, Encargado del Templo del mismo Barrio, desmienten acusaciones en denuncia ciudadana, de la emisi\u00f3n de noticias matutina. El casi expresidente de comunidad, comenta que es mentira que haya dicho que el recurso de la administraci\u00f3n, se haya invertido [&hellip;]<\/p>\n","protected":false},"author":7,"featured_media":90046,"comment_status":"open","ping_status":"open","sticky":false,"template":"","format":"standard","meta":{"om_disable_all_campaigns":false,"_monsterinsights_skip_tracking":false,"_monsterinsights_sitenote_active":false,"_monsterinsights_sitenote_note":"","_monsterinsights_sitenote_category":0,"jnews-multi-image_gallery":[],"jnews_single_post":{"subtitle":"","format":"standard","video":"","gallery":"","source_name":"","source_url":"","via_name":"","via_url":"","override_template":"0","override":[{"template":"1","single_blog_custom":"","parallax":"1","fullscreen":"1","layout":"right-sidebar","sidebar":"default-sidebar","second_sidebar":"default-sidebar","sticky_sidebar":"1","share_position":"top","share_float_style":"share-monocrhome","show_share_counter":"1","show_view_counter":"1","show_featured":"1","show_post_meta":"1","show_post_author":"1","show_post_author_image":"1","show_post_date":"1","post_date_format":"default","post_date_format_custom":"Y\/m\/d","show_post_category":"1","show_post_reading_time":"0","post_reading_time_wpm":"300","show_zoom_button":"0","zoom_button_out_step":"2","zoom_button_in_step":"3","show_post_tag":"1","show_prev_next_post":"1","show_popup_post":"1","number_popup_post":"1","show_author_box":"1","show_post_related":"0","show_inline_post_related":"0"}],"override_image_size":"0","image_override":[{"single_post_thumbnail_size":"crop-500","single_post_gallery_size":"crop-500"}],"trending_post":"0","trending_post_position":"meta","trending_post_label":"Trending","sponsored_post":"0","sponsored_post_label":"Sponsored by","sponsored_post_name":"","sponsored_post_url":"","sponsored_post_logo_enable":"0","sponsored_post_logo":"","sponsored_post_desc":"","disable_ad":"0"},"jnews_primary_category":{"id":""},"footnotes":""},"categories":[1],"tags":[],"class_list":["post-90045","post","type-post","status-publish","format-standard","has-post-thumbnail","hentry","category-uncategorized"],"aioseo_notices":[],"_links":{"self":[{"href":"https:\/\/estado29.mx\/index.php?rest_route=\/wp\/v2\/posts\/90045","targetHints":{"allow":["GET"]}}],"collection":[{"href":"https:\/\/estado29.mx\/index.php?rest_route=\/wp\/v2\/posts"}],"about":[{"href":"https:\/\/estado29.mx\/index.php?rest_route=\/wp\/v2\/types\/post"}],"author":[{"embeddable":true,"href":"https:\/\/estado29.mx\/index.php?rest_route=\/wp\/v2\/users\/7"}],"replies":[{"embeddable":true,"href":"https:\/\/estado29.mx\/index.php?rest_route=%2Fwp%2Fv2%2Fcomments&post=90045"}],"version-history":[{"count":1,"href":"https:\/\/estado29.mx\/index.php?rest_route=\/wp\/v2\/posts\/90045\/revisions"}],"predecessor-version":[{"id":90047,"href":"https:\/\/estado29.mx\/index.php?rest_route=\/wp\/v2\/posts\/90045\/revisions\/90047"}],"wp:featuredmedia":[{"embeddable":true,"href":"https:\/\/estado29.mx\/index.php?rest_route=\/wp\/v2\/media\/90046"}],"wp:attachment":[{"href":"https:\/\/estado29.mx\/index.php?rest_route=%2Fwp%2Fv2%2Fmedia&parent=90045"}],"wp:term":[{"taxonomy":"category","embeddable":true,"href":"https:\/\/estado29.mx\/index.php?rest_route=%2Fwp%2Fv2%2Fcategories&post=90045"},{"taxonomy":"post_tag","embeddable":true,"href":"https:\/\/estado29.mx\/index.php?rest_route=%2Fwp%2Fv2%2Ftags&post=90045"}],"curies":[{"name":"wp","href":"https:\/\/api.w.org\/{rel}","templated":true}]}}