{"id":90049,"date":"2024-09-01T00:00:45","date_gmt":"2024-09-01T00:00:45","guid":{"rendered":"https:\/\/estado29.mx\/?p=90049"},"modified":"2024-09-01T00:00:45","modified_gmt":"2024-09-01T00:00:45","slug":"lleva-a-cabo-toma-de-protesta-juan-salvador-santos-cedillo-como-presidente-municipal-constitucional-del-municipio-de-huamantla","status":"publish","type":"post","link":"https:\/\/estado29.mx\/?p=90049","title":{"rendered":"Lleva a cabo toma de protesta Juan Salvador Santos Cedillo como Presidente Municipal Constitucional del Municipio de Huamantla."},"content":{"rendered":"\n<p>Este s\u00e1bado 31 de agosto del a\u00f1o en curso, se llev\u00f3 a cabo la Toma de Protesta como Presidente Municipal Constitucional del Municipio de Huamantla, Juan Salvador Santos Cedillo, evento iniciado aproximadamente a la una treinta de la tarde de este d\u00eda, ante la participaci\u00f3n del que ser\u00e1 su cabildo por los siguientes tres a\u00f1os, es decir, presidentes de comunidad y regidores de las diversas \u00e1reas.<\/p>\n\n\n\n<figure class=\"wp-block-image size-large\"><img loading=\"lazy\" decoding=\"async\" width=\"768\" height=\"1024\" src=\"https:\/\/estado29.mx\/wp-content\/uploads\/2024\/09\/IMG_20240831_150206-min-768x1024.jpg\" alt=\"\" class=\"wp-image-90051\" srcset=\"https:\/\/estado29.mx\/wp-content\/uploads\/2024\/09\/IMG_20240831_150206-min-768x1024.jpg 768w, https:\/\/estado29.mx\/wp-content\/uploads\/2024\/09\/IMG_20240831_150206-min-225x300.jpg 225w, https:\/\/estado29.mx\/wp-content\/uploads\/2024\/09\/IMG_20240831_150206-min-1152x1536.jpg 1152w, https:\/\/estado29.mx\/wp-content\/uploads\/2024\/09\/IMG_20240831_150206-min-1536x2048.jpg 1536w, https:\/\/estado29.mx\/wp-content\/uploads\/2024\/09\/IMG_20240831_150206-min-750x1000.jpg 750w, https:\/\/estado29.mx\/wp-content\/uploads\/2024\/09\/IMG_20240831_150206-min-1140x1520.jpg 1140w, https:\/\/estado29.mx\/wp-content\/uploads\/2024\/09\/IMG_20240831_150206-min-scaled.jpg 1920w\" sizes=\"auto, (max-width: 768px) 100vw, 768px\" \/><\/figure>\n\n\n\n<p>Maximino Hern\u00e1ndez Pulido, en representaci\u00f3n de la Gobernadora de Tlaxcala, Lorena Cuellar Cisneros, refrend\u00f3 el compromiso del Gobierno del Estado con la comunidad de Huamantla, de igual manera, extern\u00f3 las obras que realiz\u00f3 en conjunto con la administraci\u00f3n saliente.<\/p>\n\n\n\n<p>Por otra parte en entrevista, el Presidente Municipal, Juan Salvador Santos Cedillo, agradeci\u00f3 el apoyo y credibilidad de los huamantlecos, para dar continuidad a los proyectos que ser\u00e1n desarrollados en Huamantla, durante los siguientes tres a\u00f1os.<\/p>\n\n\n<figure class=\"wp-block-post-featured-image\"><img loading=\"lazy\" decoding=\"async\" width=\"2560\" height=\"1920\" src=\"https:\/\/estado29.mx\/wp-content\/uploads\/2024\/08\/IMG_20240831_145735-min-scaled.jpg\" class=\"attachment-post-thumbnail size-post-thumbnail wp-post-image\" alt=\"\" style=\"object-fit:cover;\" srcset=\"https:\/\/estado29.mx\/wp-content\/uploads\/2024\/08\/IMG_20240831_145735-min-scaled.jpg 2560w, https:\/\/estado29.mx\/wp-content\/uploads\/2024\/08\/IMG_20240831_145735-min-300x225.jpg 300w, https:\/\/estado29.mx\/wp-content\/uploads\/2024\/08\/IMG_20240831_145735-min-1024x768.jpg 1024w, https:\/\/estado29.mx\/wp-content\/uploads\/2024\/08\/IMG_20240831_145735-min-768x576.jpg 768w, https:\/\/estado29.mx\/wp-content\/uploads\/2024\/08\/IMG_20240831_145735-min-1536x1152.jpg 1536w, https:\/\/estado29.mx\/wp-content\/uploads\/2024\/08\/IMG_20240831_145735-min-2048x1536.jpg 2048w, https:\/\/estado29.mx\/wp-content\/uploads\/2024\/08\/IMG_20240831_145735-min-750x563.jpg 750w, https:\/\/estado29.mx\/wp-content\/uploads\/2024\/08\/IMG_20240831_145735-min-1140x855.jpg 1140w\" sizes=\"auto, (max-width: 2560px) 100vw, 2560px\" \/><\/figure>","protected":false},"excerpt":{"rendered":"<p>Este s\u00e1bado 31 de agosto del a\u00f1o en curso, se llev\u00f3 a cabo la Toma de Protesta como Presidente Municipal Constitucional del Municipio de Huamantla, Juan Salvador Santos Cedillo, evento iniciado aproximadamente a la una treinta de la tarde de este d\u00eda, ante la participaci\u00f3n del que ser\u00e1 su cabildo por los siguientes tres a\u00f1os, [&hellip;]<\/p>\n","protected":false},"author":7,"featured_media":90050,"comment_status":"open","ping_status":"open","sticky":false,"template":"","format":"standard","meta":{"om_disable_all_campaigns":false,"_monsterinsights_skip_tracking":false,"_monsterinsights_sitenote_active":false,"_monsterinsights_sitenote_note":"","_monsterinsights_sitenote_category":0,"jnews-multi-image_gallery":[],"jnews_single_post":{"subtitle":"","format":"standard","video":"","gallery":"","source_name":"","source_url":"","via_name":"","via_url":"","override_template":"0","override":[{"template":"1","single_blog_custom":"","parallax":"1","fullscreen":"1","layout":"right-sidebar","sidebar":"default-sidebar","second_sidebar":"default-sidebar","sticky_sidebar":"1","share_position":"top","share_float_style":"share-monocrhome","show_share_counter":"1","show_view_counter":"1","show_featured":"1","show_post_meta":"1","show_post_author":"1","show_post_author_image":"1","show_post_date":"1","post_date_format":"default","post_date_format_custom":"Y\/m\/d","show_post_category":"1","show_post_reading_time":"0","post_reading_time_wpm":"300","show_zoom_button":"0","zoom_button_out_step":"2","zoom_button_in_step":"3","show_post_tag":"1","show_prev_next_post":"1","show_popup_post":"1","number_popup_post":"1","show_author_box":"1","show_post_related":"0","show_inline_post_related":"0"}],"override_image_size":"0","image_override":[{"single_post_thumbnail_size":"crop-500","single_post_gallery_size":"crop-500"}],"trending_post":"0","trending_post_position":"meta","trending_post_label":"Trending","sponsored_post":"0","sponsored_post_label":"Sponsored by","sponsored_post_name":"","sponsored_post_url":"","sponsored_post_logo_enable":"0","sponsored_post_logo":"","sponsored_post_desc":"","disable_ad":"0"},"jnews_primary_category":{"id":""},"footnotes":""},"categories":[1],"tags":[],"class_list":["post-90049","post","type-post","status-publish","format-standard","has-post-thumbnail","hentry","category-uncategorized"],"aioseo_notices":[],"_links":{"self":[{"href":"https:\/\/estado29.mx\/index.php?rest_route=\/wp\/v2\/posts\/90049","targetHints":{"allow":["GET"]}}],"collection":[{"href":"https:\/\/estado29.mx\/index.php?rest_route=\/wp\/v2\/posts"}],"about":[{"href":"https:\/\/estado29.mx\/index.php?rest_route=\/wp\/v2\/types\/post"}],"author":[{"embeddable":true,"href":"https:\/\/estado29.mx\/index.php?rest_route=\/wp\/v2\/users\/7"}],"replies":[{"embeddable":true,"href":"https:\/\/estado29.mx\/index.php?rest_route=%2Fwp%2Fv2%2Fcomments&post=90049"}],"version-history":[{"count":1,"href":"https:\/\/estado29.mx\/index.php?rest_route=\/wp\/v2\/posts\/90049\/revisions"}],"predecessor-version":[{"id":90052,"href":"https:\/\/estado29.mx\/index.php?rest_route=\/wp\/v2\/posts\/90049\/revisions\/90052"}],"wp:featuredmedia":[{"embeddable":true,"href":"https:\/\/estado29.mx\/index.php?rest_route=\/wp\/v2\/media\/90050"}],"wp:attachment":[{"href":"https:\/\/estado29.mx\/index.php?rest_route=%2Fwp%2Fv2%2Fmedia&parent=90049"}],"wp:term":[{"taxonomy":"category","embeddable":true,"href":"https:\/\/estado29.mx\/index.php?rest_route=%2Fwp%2Fv2%2Fcategories&post=90049"},{"taxonomy":"post_tag","embeddable":true,"href":"https:\/\/estado29.mx\/index.php?rest_route=%2Fwp%2Fv2%2Ftags&post=90049"}],"curies":[{"name":"wp","href":"https:\/\/api.w.org\/{rel}","templated":true}]}}