{"id":90058,"date":"2024-09-02T19:26:36","date_gmt":"2024-09-02T19:26:36","guid":{"rendered":"https:\/\/estado29.mx\/?p=90058"},"modified":"2024-09-02T19:32:36","modified_gmt":"2024-09-02T19:32:36","slug":"refrenda-presidente-de-huamantla-su-compromiso-con-pobladores","status":"publish","type":"post","link":"https:\/\/estado29.mx\/?p=90058","title":{"rendered":"Refrenda Presidente de Huamantla su compromiso con pobladores."},"content":{"rendered":"\n<p>El presidente municipal de Huamantla Juan Salvador Santos Cedillo, tras toma de protesta realizada el pasado s\u00e1bado 31 de agosto, refrend\u00f3 su compromiso de trabajar de forma coordinada con presidentes de las 39 comunidades.<\/p>\n\n\n\n<p><br>El alcalde mencion\u00f3 que ya que se han generado acercamiento con ellos, para trabajar de manera conjunta.<\/p>\n\n\n\n<p><br>Asimismo, el edil refrend\u00f3 su compromiso de trabajar, en beneficio del pueblo de Huamantla.<\/p>\n\n\n\n<p><br>Puntualiz\u00f3 que el proceso fue dif\u00edcil, donde en todo momento perdur\u00f3 la cordura y calma de los huamantlecos, de mucho aprendizaje para \u00e9l, pero con m\u00e1s amor de trabajar por su gente.<\/p>\n\n\n<figure class=\"wp-block-post-featured-image\"><img loading=\"lazy\" decoding=\"async\" width=\"2560\" height=\"1761\" src=\"https:\/\/estado29.mx\/wp-content\/uploads\/2024\/09\/IMG_20240831_152721_1CS-min3-scaled.jpg\" class=\"attachment-post-thumbnail size-post-thumbnail wp-post-image\" alt=\"\" style=\"object-fit:cover;\" srcset=\"https:\/\/estado29.mx\/wp-content\/uploads\/2024\/09\/IMG_20240831_152721_1CS-min3-scaled.jpg 2560w, https:\/\/estado29.mx\/wp-content\/uploads\/2024\/09\/IMG_20240831_152721_1CS-min3-300x206.jpg 300w, https:\/\/estado29.mx\/wp-content\/uploads\/2024\/09\/IMG_20240831_152721_1CS-min3-1024x704.jpg 1024w, https:\/\/estado29.mx\/wp-content\/uploads\/2024\/09\/IMG_20240831_152721_1CS-min3-768x528.jpg 768w, https:\/\/estado29.mx\/wp-content\/uploads\/2024\/09\/IMG_20240831_152721_1CS-min3-1536x1057.jpg 1536w, https:\/\/estado29.mx\/wp-content\/uploads\/2024\/09\/IMG_20240831_152721_1CS-min3-2048x1409.jpg 2048w, https:\/\/estado29.mx\/wp-content\/uploads\/2024\/09\/IMG_20240831_152721_1CS-min3-750x516.jpg 750w, https:\/\/estado29.mx\/wp-content\/uploads\/2024\/09\/IMG_20240831_152721_1CS-min3-1140x784.jpg 1140w\" sizes=\"auto, (max-width: 2560px) 100vw, 2560px\" \/><\/figure>","protected":false},"excerpt":{"rendered":"<p>El presidente municipal de Huamantla Juan Salvador Santos Cedillo, tras toma de protesta realizada el pasado s\u00e1bado 31 de agosto, refrend\u00f3 su compromiso de trabajar de forma coordinada con presidentes de las 39 comunidades. El alcalde mencion\u00f3 que ya que se han generado acercamiento con ellos, para trabajar de manera conjunta. Asimismo, el edil refrend\u00f3 [&hellip;]<\/p>\n","protected":false},"author":7,"featured_media":90067,"comment_status":"open","ping_status":"open","sticky":false,"template":"","format":"standard","meta":{"om_disable_all_campaigns":false,"_monsterinsights_skip_tracking":false,"_monsterinsights_sitenote_active":false,"_monsterinsights_sitenote_note":"","_monsterinsights_sitenote_category":0,"jnews-multi-image_gallery":[],"jnews_single_post":{"subtitle":"","format":"standard","video":"","gallery":"","source_name":"","source_url":"","via_name":"","via_url":"","override_template":"0","override":[{"template":"1","single_blog_custom":"","parallax":"1","fullscreen":"1","layout":"right-sidebar","sidebar":"default-sidebar","second_sidebar":"default-sidebar","sticky_sidebar":"1","share_position":"top","share_float_style":"share-monocrhome","show_share_counter":"1","show_view_counter":"1","show_featured":"1","show_post_meta":"1","show_post_author":"1","show_post_author_image":"1","show_post_date":"1","post_date_format":"default","post_date_format_custom":"Y\/m\/d","show_post_category":"1","show_post_reading_time":"0","post_reading_time_wpm":"300","show_zoom_button":"0","zoom_button_out_step":"2","zoom_button_in_step":"3","show_post_tag":"1","show_prev_next_post":"1","show_popup_post":"1","number_popup_post":"1","show_author_box":"1","show_post_related":"0","show_inline_post_related":"0"}],"override_image_size":"0","image_override":[{"single_post_thumbnail_size":"crop-500","single_post_gallery_size":"crop-500"}],"trending_post":"0","trending_post_position":"meta","trending_post_label":"Trending","sponsored_post":"0","sponsored_post_label":"Sponsored by","sponsored_post_name":"","sponsored_post_url":"","sponsored_post_logo_enable":"0","sponsored_post_logo":"","sponsored_post_desc":"","disable_ad":"0"},"jnews_primary_category":{"id":""},"footnotes":""},"categories":[1],"tags":[],"class_list":["post-90058","post","type-post","status-publish","format-standard","has-post-thumbnail","hentry","category-uncategorized"],"aioseo_notices":[],"_links":{"self":[{"href":"https:\/\/estado29.mx\/index.php?rest_route=\/wp\/v2\/posts\/90058","targetHints":{"allow":["GET"]}}],"collection":[{"href":"https:\/\/estado29.mx\/index.php?rest_route=\/wp\/v2\/posts"}],"about":[{"href":"https:\/\/estado29.mx\/index.php?rest_route=\/wp\/v2\/types\/post"}],"author":[{"embeddable":true,"href":"https:\/\/estado29.mx\/index.php?rest_route=\/wp\/v2\/users\/7"}],"replies":[{"embeddable":true,"href":"https:\/\/estado29.mx\/index.php?rest_route=%2Fwp%2Fv2%2Fcomments&post=90058"}],"version-history":[{"count":2,"href":"https:\/\/estado29.mx\/index.php?rest_route=\/wp\/v2\/posts\/90058\/revisions"}],"predecessor-version":[{"id":90069,"href":"https:\/\/estado29.mx\/index.php?rest_route=\/wp\/v2\/posts\/90058\/revisions\/90069"}],"wp:featuredmedia":[{"embeddable":true,"href":"https:\/\/estado29.mx\/index.php?rest_route=\/wp\/v2\/media\/90067"}],"wp:attachment":[{"href":"https:\/\/estado29.mx\/index.php?rest_route=%2Fwp%2Fv2%2Fmedia&parent=90058"}],"wp:term":[{"taxonomy":"category","embeddable":true,"href":"https:\/\/estado29.mx\/index.php?rest_route=%2Fwp%2Fv2%2Fcategories&post=90058"},{"taxonomy":"post_tag","embeddable":true,"href":"https:\/\/estado29.mx\/index.php?rest_route=%2Fwp%2Fv2%2Ftags&post=90058"}],"curies":[{"name":"wp","href":"https:\/\/api.w.org\/{rel}","templated":true}]}}