{"id":90079,"date":"2024-09-05T22:09:11","date_gmt":"2024-09-05T22:09:11","guid":{"rendered":"https:\/\/estado29.mx\/?p=90079"},"modified":"2024-09-05T22:09:11","modified_gmt":"2024-09-05T22:09:11","slug":"buscaran-directivos-de-primaria-josefa-castelar-de-huamantla-reubicar-a-menores-en-otras-instituciones-por-sobre-cupo","status":"publish","type":"post","link":"https:\/\/estado29.mx\/?p=90079","title":{"rendered":"Buscar\u00e1n Directivos de Primaria Josefa Castelar de Huamantla reubicar a menores en otras instituciones por sobre cupo."},"content":{"rendered":"\n<p>Derivado de la constante inquietud de padres de familia que inscribieron a sus ni\u00f1os en Primer Grado de la Escuela Primaria Josefa Castelar, ubicada en el Municipio de Huamantla, acud\u00ed a buscar al Director de esta instituci\u00f3n educativa, Jacob Garc\u00eda Cervantes, quien mencion\u00f3 que en ning\u00fan momento se ha negado el acceso a los menores, asimismo, extern\u00f3 su disposici\u00f3n a resolver esta situaci\u00f3n.<\/p>\n\n\n\n<p><br>El Director Garc\u00eda Cervantes, refiri\u00f3 que se est\u00e1 buscando reubicar a los menores en otras instituciones educativas, a pesar de que existe en esta misma, un sal\u00f3n que podr\u00eda ser equipado para que los menores no sean removidos.<\/p>\n\n\n\n<p><br>Agreg\u00f3 que hasta ahora, han sido reubicados siete ni\u00f1os y en el momento de su notificaci\u00f3n, les es devuelta la cooperaci\u00f3n, as\u00ed como los materiales que proporcionaron, no as\u00ed con los libros de texto que fueron dados a los ni\u00f1os, por parte de la instituci\u00f3n, para que puedan ir al corriente con su aprendizaje.<\/p>\n\n\n<figure class=\"wp-block-post-featured-image\"><img loading=\"lazy\" decoding=\"async\" width=\"2560\" height=\"2094\" src=\"https:\/\/estado29.mx\/wp-content\/uploads\/2024\/09\/IMG_20240905_142740-min2-scaled.jpg\" class=\"attachment-post-thumbnail size-post-thumbnail wp-post-image\" alt=\"\" style=\"object-fit:cover;\" srcset=\"https:\/\/estado29.mx\/wp-content\/uploads\/2024\/09\/IMG_20240905_142740-min2-scaled.jpg 2560w, https:\/\/estado29.mx\/wp-content\/uploads\/2024\/09\/IMG_20240905_142740-min2-300x245.jpg 300w, https:\/\/estado29.mx\/wp-content\/uploads\/2024\/09\/IMG_20240905_142740-min2-1024x838.jpg 1024w, https:\/\/estado29.mx\/wp-content\/uploads\/2024\/09\/IMG_20240905_142740-min2-768x628.jpg 768w, https:\/\/estado29.mx\/wp-content\/uploads\/2024\/09\/IMG_20240905_142740-min2-1536x1257.jpg 1536w, https:\/\/estado29.mx\/wp-content\/uploads\/2024\/09\/IMG_20240905_142740-min2-2048x1675.jpg 2048w, https:\/\/estado29.mx\/wp-content\/uploads\/2024\/09\/IMG_20240905_142740-min2-750x614.jpg 750w, https:\/\/estado29.mx\/wp-content\/uploads\/2024\/09\/IMG_20240905_142740-min2-1140x933.jpg 1140w\" sizes=\"auto, (max-width: 2560px) 100vw, 2560px\" \/><\/figure>\n\n\n<figure class=\"wp-block-image size-large\"><img loading=\"lazy\" decoding=\"async\" width=\"768\" height=\"1024\" src=\"https:\/\/estado29.mx\/wp-content\/uploads\/2024\/09\/IMG_20240905_144914-min-768x1024.jpg\" alt=\"\" class=\"wp-image-90081\" srcset=\"https:\/\/estado29.mx\/wp-content\/uploads\/2024\/09\/IMG_20240905_144914-min-768x1024.jpg 768w, https:\/\/estado29.mx\/wp-content\/uploads\/2024\/09\/IMG_20240905_144914-min-225x300.jpg 225w, https:\/\/estado29.mx\/wp-content\/uploads\/2024\/09\/IMG_20240905_144914-min-1152x1536.jpg 1152w, https:\/\/estado29.mx\/wp-content\/uploads\/2024\/09\/IMG_20240905_144914-min-1536x2048.jpg 1536w, https:\/\/estado29.mx\/wp-content\/uploads\/2024\/09\/IMG_20240905_144914-min-750x1000.jpg 750w, https:\/\/estado29.mx\/wp-content\/uploads\/2024\/09\/IMG_20240905_144914-min-1140x1520.jpg 1140w, https:\/\/estado29.mx\/wp-content\/uploads\/2024\/09\/IMG_20240905_144914-min-scaled.jpg 1920w\" sizes=\"auto, (max-width: 768px) 100vw, 768px\" \/><\/figure>\n\n\n\n<figure class=\"wp-block-image size-large\"><img loading=\"lazy\" decoding=\"async\" width=\"768\" height=\"1024\" src=\"https:\/\/estado29.mx\/wp-content\/uploads\/2024\/09\/IMG_20240905_144925-min-768x1024.jpg\" alt=\"\" class=\"wp-image-90082\" srcset=\"https:\/\/estado29.mx\/wp-content\/uploads\/2024\/09\/IMG_20240905_144925-min-768x1024.jpg 768w, https:\/\/estado29.mx\/wp-content\/uploads\/2024\/09\/IMG_20240905_144925-min-225x300.jpg 225w, https:\/\/estado29.mx\/wp-content\/uploads\/2024\/09\/IMG_20240905_144925-min-1152x1536.jpg 1152w, https:\/\/estado29.mx\/wp-content\/uploads\/2024\/09\/IMG_20240905_144925-min-1536x2048.jpg 1536w, https:\/\/estado29.mx\/wp-content\/uploads\/2024\/09\/IMG_20240905_144925-min-750x1000.jpg 750w, https:\/\/estado29.mx\/wp-content\/uploads\/2024\/09\/IMG_20240905_144925-min-1140x1520.jpg 1140w, https:\/\/estado29.mx\/wp-content\/uploads\/2024\/09\/IMG_20240905_144925-min-scaled.jpg 1920w\" sizes=\"auto, (max-width: 768px) 100vw, 768px\" \/><\/figure>\n\n\n\n<figure class=\"wp-block-image size-large\"><img loading=\"lazy\" decoding=\"async\" width=\"768\" height=\"1024\" src=\"https:\/\/estado29.mx\/wp-content\/uploads\/2024\/09\/IMG_20240905_144938-min-768x1024.jpg\" alt=\"\" class=\"wp-image-90083\" srcset=\"https:\/\/estado29.mx\/wp-content\/uploads\/2024\/09\/IMG_20240905_144938-min-768x1024.jpg 768w, https:\/\/estado29.mx\/wp-content\/uploads\/2024\/09\/IMG_20240905_144938-min-225x300.jpg 225w, https:\/\/estado29.mx\/wp-content\/uploads\/2024\/09\/IMG_20240905_144938-min-1152x1536.jpg 1152w, https:\/\/estado29.mx\/wp-content\/uploads\/2024\/09\/IMG_20240905_144938-min-1536x2048.jpg 1536w, https:\/\/estado29.mx\/wp-content\/uploads\/2024\/09\/IMG_20240905_144938-min-750x1000.jpg 750w, https:\/\/estado29.mx\/wp-content\/uploads\/2024\/09\/IMG_20240905_144938-min-1140x1520.jpg 1140w, https:\/\/estado29.mx\/wp-content\/uploads\/2024\/09\/IMG_20240905_144938-min-scaled.jpg 1920w\" sizes=\"auto, (max-width: 768px) 100vw, 768px\" \/><\/figure>\n\n\n\n<figure class=\"wp-block-image size-large\"><img loading=\"lazy\" decoding=\"async\" width=\"768\" height=\"1024\" src=\"https:\/\/estado29.mx\/wp-content\/uploads\/2024\/09\/IMG_20240905_144946-min-768x1024.jpg\" alt=\"\" class=\"wp-image-90084\" srcset=\"https:\/\/estado29.mx\/wp-content\/uploads\/2024\/09\/IMG_20240905_144946-min-768x1024.jpg 768w, https:\/\/estado29.mx\/wp-content\/uploads\/2024\/09\/IMG_20240905_144946-min-225x300.jpg 225w, https:\/\/estado29.mx\/wp-content\/uploads\/2024\/09\/IMG_20240905_144946-min-1152x1536.jpg 1152w, https:\/\/estado29.mx\/wp-content\/uploads\/2024\/09\/IMG_20240905_144946-min-1536x2048.jpg 1536w, https:\/\/estado29.mx\/wp-content\/uploads\/2024\/09\/IMG_20240905_144946-min-750x1000.jpg 750w, https:\/\/estado29.mx\/wp-content\/uploads\/2024\/09\/IMG_20240905_144946-min-1140x1520.jpg 1140w, https:\/\/estado29.mx\/wp-content\/uploads\/2024\/09\/IMG_20240905_144946-min-scaled.jpg 1920w\" sizes=\"auto, (max-width: 768px) 100vw, 768px\" \/><\/figure>\n\n\n\n<figure class=\"wp-block-image size-large\"><img loading=\"lazy\" decoding=\"async\" width=\"768\" height=\"1024\" src=\"https:\/\/estado29.mx\/wp-content\/uploads\/2024\/09\/IMG_20240905_144954-min-768x1024.jpg\" alt=\"\" class=\"wp-image-90085\" srcset=\"https:\/\/estado29.mx\/wp-content\/uploads\/2024\/09\/IMG_20240905_144954-min-768x1024.jpg 768w, https:\/\/estado29.mx\/wp-content\/uploads\/2024\/09\/IMG_20240905_144954-min-225x300.jpg 225w, https:\/\/estado29.mx\/wp-content\/uploads\/2024\/09\/IMG_20240905_144954-min-1152x1536.jpg 1152w, https:\/\/estado29.mx\/wp-content\/uploads\/2024\/09\/IMG_20240905_144954-min-1536x2048.jpg 1536w, https:\/\/estado29.mx\/wp-content\/uploads\/2024\/09\/IMG_20240905_144954-min-750x1000.jpg 750w, https:\/\/estado29.mx\/wp-content\/uploads\/2024\/09\/IMG_20240905_144954-min-1140x1520.jpg 1140w, https:\/\/estado29.mx\/wp-content\/uploads\/2024\/09\/IMG_20240905_144954-min-scaled.jpg 1920w\" sizes=\"auto, (max-width: 768px) 100vw, 768px\" \/><\/figure>\n","protected":false},"excerpt":{"rendered":"<p>Derivado de la constante inquietud de padres de familia que inscribieron a sus ni\u00f1os en Primer Grado de la Escuela Primaria Josefa Castelar, ubicada en el Municipio de Huamantla, acud\u00ed a buscar al Director de esta instituci\u00f3n educativa, Jacob Garc\u00eda Cervantes, quien mencion\u00f3 que en ning\u00fan momento se ha negado el acceso a los menores, [&hellip;]<\/p>\n","protected":false},"author":7,"featured_media":90080,"comment_status":"open","ping_status":"open","sticky":false,"template":"","format":"standard","meta":{"om_disable_all_campaigns":false,"_monsterinsights_skip_tracking":false,"_monsterinsights_sitenote_active":false,"_monsterinsights_sitenote_note":"","_monsterinsights_sitenote_category":0,"jnews-multi-image_gallery":[],"jnews_single_post":{"subtitle":"","format":"standard","video":"","gallery":"","source_name":"","source_url":"","via_name":"","via_url":"","override_template":"0","override":[{"template":"1","single_blog_custom":"","parallax":"1","fullscreen":"1","layout":"right-sidebar","sidebar":"default-sidebar","second_sidebar":"default-sidebar","sticky_sidebar":"1","share_position":"top","share_float_style":"share-monocrhome","show_share_counter":"1","show_view_counter":"1","show_featured":"1","show_post_meta":"1","show_post_author":"1","show_post_author_image":"1","show_post_date":"1","post_date_format":"default","post_date_format_custom":"Y\/m\/d","show_post_category":"1","show_post_reading_time":"0","post_reading_time_wpm":"300","show_zoom_button":"0","zoom_button_out_step":"2","zoom_button_in_step":"3","show_post_tag":"1","show_prev_next_post":"1","show_popup_post":"1","number_popup_post":"1","show_author_box":"1","show_post_related":"0","show_inline_post_related":"0"}],"override_image_size":"0","image_override":[{"single_post_thumbnail_size":"crop-500","single_post_gallery_size":"crop-500"}],"trending_post":"0","trending_post_position":"meta","trending_post_label":"Trending","sponsored_post":"0","sponsored_post_label":"Sponsored by","sponsored_post_name":"","sponsored_post_url":"","sponsored_post_logo_enable":"0","sponsored_post_logo":"","sponsored_post_desc":"","disable_ad":"0"},"jnews_primary_category":{"id":""},"footnotes":""},"categories":[1],"tags":[],"class_list":["post-90079","post","type-post","status-publish","format-standard","has-post-thumbnail","hentry","category-uncategorized"],"aioseo_notices":[],"_links":{"self":[{"href":"https:\/\/estado29.mx\/index.php?rest_route=\/wp\/v2\/posts\/90079","targetHints":{"allow":["GET"]}}],"collection":[{"href":"https:\/\/estado29.mx\/index.php?rest_route=\/wp\/v2\/posts"}],"about":[{"href":"https:\/\/estado29.mx\/index.php?rest_route=\/wp\/v2\/types\/post"}],"author":[{"embeddable":true,"href":"https:\/\/estado29.mx\/index.php?rest_route=\/wp\/v2\/users\/7"}],"replies":[{"embeddable":true,"href":"https:\/\/estado29.mx\/index.php?rest_route=%2Fwp%2Fv2%2Fcomments&post=90079"}],"version-history":[{"count":1,"href":"https:\/\/estado29.mx\/index.php?rest_route=\/wp\/v2\/posts\/90079\/revisions"}],"predecessor-version":[{"id":90086,"href":"https:\/\/estado29.mx\/index.php?rest_route=\/wp\/v2\/posts\/90079\/revisions\/90086"}],"wp:featuredmedia":[{"embeddable":true,"href":"https:\/\/estado29.mx\/index.php?rest_route=\/wp\/v2\/media\/90080"}],"wp:attachment":[{"href":"https:\/\/estado29.mx\/index.php?rest_route=%2Fwp%2Fv2%2Fmedia&parent=90079"}],"wp:term":[{"taxonomy":"category","embeddable":true,"href":"https:\/\/estado29.mx\/index.php?rest_route=%2Fwp%2Fv2%2Fcategories&post=90079"},{"taxonomy":"post_tag","embeddable":true,"href":"https:\/\/estado29.mx\/index.php?rest_route=%2Fwp%2Fv2%2Ftags&post=90079"}],"curies":[{"name":"wp","href":"https:\/\/api.w.org\/{rel}","templated":true}]}}