{"id":90098,"date":"2024-09-10T19:17:24","date_gmt":"2024-09-10T19:17:24","guid":{"rendered":"https:\/\/estado29.mx\/?p=90098"},"modified":"2024-09-10T19:17:25","modified_gmt":"2024-09-10T19:17:25","slug":"objetivo-de-campana-de-vacunacion-de-vph-es-erradicar-cancer-de-cuello-uterino-segunda-causa-de-muerte-en-mexico-coordinadora-del-programa-de-vacunacion-universal-en-jurisdiccion-ii-huamantla","status":"publish","type":"post","link":"https:\/\/estado29.mx\/?p=90098","title":{"rendered":"Objetivo de Campa\u00f1a de Vacunaci\u00f3n de VPH es erradicar C\u00e1ncer de Cuello Uterino, segunda causa de muerte en M\u00e9xico: Coordinadora del Programa de Vacunaci\u00f3n Universal en Jurisdicci\u00f3n II Huamantla."},"content":{"rendered":"\n<p>La Coordinadora del Programa de Vacunaci\u00f3n Universal, en la Jurisdicci\u00f3n Sanitaria II Huamantla, Areli Auza Mozo, refiri\u00f3 que la aplicaci\u00f3n de la vacuna preventiva contra el Virus del Papiloma Humano, jornada iniciada el pasado dos de septiembre y que se tiene estimado concluya el pr\u00f3ximo treinta de este mismo mes, es una estrategia global de la Organizaci\u00f3n Mundial de la Salud (OMS), llamada \u201c70, 90, 70\u201d, la cual se basa en tres ejes principales que son: la detecci\u00f3n oportuna, aplicaci\u00f3n de vacuna preventiva y tratamiento en las personas que ya presentan este enfermedad.<\/p>\n\n\n\n<p><br>Agreg\u00f3 que esta estrategia, tiene como objetivo la eliminaci\u00f3n del C\u00e1ncer de Cuello Uterino, ya que es en M\u00e9xico, la segunda causa de muerte en la mujer.<\/p>\n\n\n<figure class=\"wp-block-post-featured-image\"><img loading=\"lazy\" decoding=\"async\" width=\"2560\" height=\"1920\" src=\"https:\/\/estado29.mx\/wp-content\/uploads\/2024\/09\/IMG_20240903_111331-min-scaled.jpg\" class=\"attachment-post-thumbnail size-post-thumbnail wp-post-image\" alt=\"\" style=\"object-fit:cover;\" srcset=\"https:\/\/estado29.mx\/wp-content\/uploads\/2024\/09\/IMG_20240903_111331-min-scaled.jpg 2560w, https:\/\/estado29.mx\/wp-content\/uploads\/2024\/09\/IMG_20240903_111331-min-300x225.jpg 300w, https:\/\/estado29.mx\/wp-content\/uploads\/2024\/09\/IMG_20240903_111331-min-1024x768.jpg 1024w, https:\/\/estado29.mx\/wp-content\/uploads\/2024\/09\/IMG_20240903_111331-min-768x576.jpg 768w, https:\/\/estado29.mx\/wp-content\/uploads\/2024\/09\/IMG_20240903_111331-min-1536x1152.jpg 1536w, https:\/\/estado29.mx\/wp-content\/uploads\/2024\/09\/IMG_20240903_111331-min-2048x1536.jpg 2048w, https:\/\/estado29.mx\/wp-content\/uploads\/2024\/09\/IMG_20240903_111331-min-750x563.jpg 750w, https:\/\/estado29.mx\/wp-content\/uploads\/2024\/09\/IMG_20240903_111331-min-1140x855.jpg 1140w\" sizes=\"auto, (max-width: 2560px) 100vw, 2560px\" \/><\/figure>","protected":false},"excerpt":{"rendered":"<p>La Coordinadora del Programa de Vacunaci\u00f3n Universal, en la Jurisdicci\u00f3n Sanitaria II Huamantla, Areli Auza Mozo, refiri\u00f3 que la aplicaci\u00f3n de la vacuna preventiva contra el Virus del Papiloma Humano, jornada iniciada el pasado dos de septiembre y que se tiene estimado concluya el pr\u00f3ximo treinta de este mismo mes, es una estrategia global de [&hellip;]<\/p>\n","protected":false},"author":7,"featured_media":90076,"comment_status":"open","ping_status":"open","sticky":false,"template":"","format":"standard","meta":{"om_disable_all_campaigns":false,"_monsterinsights_skip_tracking":false,"_monsterinsights_sitenote_active":false,"_monsterinsights_sitenote_note":"","_monsterinsights_sitenote_category":0,"jnews-multi-image_gallery":[],"jnews_single_post":{"subtitle":"","format":"standard","video":"","gallery":"","source_name":"","source_url":"","via_name":"","via_url":"","override_template":"0","override":[{"template":"1","single_blog_custom":"","parallax":"1","fullscreen":"1","layout":"right-sidebar","sidebar":"default-sidebar","second_sidebar":"default-sidebar","sticky_sidebar":"1","share_position":"top","share_float_style":"share-monocrhome","show_share_counter":"1","show_view_counter":"1","show_featured":"1","show_post_meta":"1","show_post_author":"1","show_post_author_image":"1","show_post_date":"1","post_date_format":"default","post_date_format_custom":"Y\/m\/d","show_post_category":"1","show_post_reading_time":"0","post_reading_time_wpm":"300","show_zoom_button":"0","zoom_button_out_step":"2","zoom_button_in_step":"3","show_post_tag":"1","show_prev_next_post":"1","show_popup_post":"1","number_popup_post":"1","show_author_box":"1","show_post_related":"0","show_inline_post_related":"0"}],"override_image_size":"0","image_override":[{"single_post_thumbnail_size":"crop-500","single_post_gallery_size":"crop-500"}],"trending_post":"0","trending_post_position":"meta","trending_post_label":"Trending","sponsored_post":"0","sponsored_post_label":"Sponsored by","sponsored_post_name":"","sponsored_post_url":"","sponsored_post_logo_enable":"0","sponsored_post_logo":"","sponsored_post_desc":"","disable_ad":"0"},"jnews_primary_category":{"id":""},"footnotes":""},"categories":[1],"tags":[],"class_list":["post-90098","post","type-post","status-publish","format-standard","has-post-thumbnail","hentry","category-uncategorized"],"aioseo_notices":[],"_links":{"self":[{"href":"https:\/\/estado29.mx\/index.php?rest_route=\/wp\/v2\/posts\/90098","targetHints":{"allow":["GET"]}}],"collection":[{"href":"https:\/\/estado29.mx\/index.php?rest_route=\/wp\/v2\/posts"}],"about":[{"href":"https:\/\/estado29.mx\/index.php?rest_route=\/wp\/v2\/types\/post"}],"author":[{"embeddable":true,"href":"https:\/\/estado29.mx\/index.php?rest_route=\/wp\/v2\/users\/7"}],"replies":[{"embeddable":true,"href":"https:\/\/estado29.mx\/index.php?rest_route=%2Fwp%2Fv2%2Fcomments&post=90098"}],"version-history":[{"count":1,"href":"https:\/\/estado29.mx\/index.php?rest_route=\/wp\/v2\/posts\/90098\/revisions"}],"predecessor-version":[{"id":90099,"href":"https:\/\/estado29.mx\/index.php?rest_route=\/wp\/v2\/posts\/90098\/revisions\/90099"}],"wp:featuredmedia":[{"embeddable":true,"href":"https:\/\/estado29.mx\/index.php?rest_route=\/wp\/v2\/media\/90076"}],"wp:attachment":[{"href":"https:\/\/estado29.mx\/index.php?rest_route=%2Fwp%2Fv2%2Fmedia&parent=90098"}],"wp:term":[{"taxonomy":"category","embeddable":true,"href":"https:\/\/estado29.mx\/index.php?rest_route=%2Fwp%2Fv2%2Fcategories&post=90098"},{"taxonomy":"post_tag","embeddable":true,"href":"https:\/\/estado29.mx\/index.php?rest_route=%2Fwp%2Fv2%2Ftags&post=90098"}],"curies":[{"name":"wp","href":"https:\/\/api.w.org\/{rel}","templated":true}]}}