{"id":90101,"date":"2024-09-10T20:16:03","date_gmt":"2024-09-10T20:16:03","guid":{"rendered":"https:\/\/estado29.mx\/?p=90101"},"modified":"2024-09-10T20:16:04","modified_gmt":"2024-09-10T20:16:04","slug":"anuncia-direccion-de-servicios-publicos-de-huamantla-suspension-temporal-en-servicio-de-recoleccion-de-basura","status":"publish","type":"post","link":"https:\/\/estado29.mx\/?p=90101","title":{"rendered":"Anuncia Direcci\u00f3n de Servicios P\u00fablicos de Huamantla suspensi\u00f3n temporal en servicio de recolecci\u00f3n de basura."},"content":{"rendered":"\n<p>Hoy martes 10 de septiembre del a\u00f1o en curso, la Coordinaci\u00f3n de Servicios P\u00fablicos del Municipio de Huamantla, en entrevista para Estado29 y Radio Huamantla, anunci\u00f3 la suspensi\u00f3n en el servicio de recolecci\u00f3n de basura, esto debido a que las condiciones clim\u00e1ticas han impedido el acceso a los rellenos sanitarios.<\/p>\n\n\n\n<p><br>El Coordinador Municipal, Miguel Salinas, hizo el llamado a los pobladores, para que eviten sacar sus bolsas de basura a las calles, tanto en la cabecera municipal as\u00ed como en las comunidades.<\/p>\n\n\n\n<p><br>El Coordinador de Servicios Municipales, indic\u00f3 que las actividades se reanudar\u00edan en tanto se permita el acceso a los rellenos sanitarios.<\/p>\n\n\n\n<p>Para finalizar, Miguel Salinas, pidi\u00f3 a los pobladores paciencia, para poder reanudar el servicio de manera normal.<\/p>\n\n\n<figure class=\"wp-block-post-featured-image\"><img loading=\"lazy\" decoding=\"async\" width=\"1280\" height=\"853\" src=\"https:\/\/estado29.mx\/wp-content\/uploads\/2024\/09\/IMG-20240910-WA0006.jpg\" class=\"attachment-post-thumbnail size-post-thumbnail wp-post-image\" alt=\"\" style=\"object-fit:cover;\" srcset=\"https:\/\/estado29.mx\/wp-content\/uploads\/2024\/09\/IMG-20240910-WA0006.jpg 1280w, https:\/\/estado29.mx\/wp-content\/uploads\/2024\/09\/IMG-20240910-WA0006-300x200.jpg 300w, https:\/\/estado29.mx\/wp-content\/uploads\/2024\/09\/IMG-20240910-WA0006-1024x682.jpg 1024w, https:\/\/estado29.mx\/wp-content\/uploads\/2024\/09\/IMG-20240910-WA0006-768x512.jpg 768w, https:\/\/estado29.mx\/wp-content\/uploads\/2024\/09\/IMG-20240910-WA0006-750x500.jpg 750w, https:\/\/estado29.mx\/wp-content\/uploads\/2024\/09\/IMG-20240910-WA0006-1140x760.jpg 1140w\" sizes=\"auto, (max-width: 1280px) 100vw, 1280px\" \/><\/figure>","protected":false},"excerpt":{"rendered":"<p>Hoy martes 10 de septiembre del a\u00f1o en curso, la Coordinaci\u00f3n de Servicios P\u00fablicos del Municipio de Huamantla, en entrevista para Estado29 y Radio Huamantla, anunci\u00f3 la suspensi\u00f3n en el servicio de recolecci\u00f3n de basura, esto debido a que las condiciones clim\u00e1ticas han impedido el acceso a los rellenos sanitarios. El Coordinador Municipal, Miguel Salinas, [&hellip;]<\/p>\n","protected":false},"author":7,"featured_media":90102,"comment_status":"open","ping_status":"open","sticky":false,"template":"","format":"standard","meta":{"om_disable_all_campaigns":false,"_monsterinsights_skip_tracking":false,"_monsterinsights_sitenote_active":false,"_monsterinsights_sitenote_note":"","_monsterinsights_sitenote_category":0,"jnews-multi-image_gallery":[],"jnews_single_post":{"subtitle":"","format":"standard","video":"","gallery":"","source_name":"","source_url":"","via_name":"","via_url":"","override_template":"0","override":[{"template":"1","single_blog_custom":"","parallax":"1","fullscreen":"1","layout":"right-sidebar","sidebar":"default-sidebar","second_sidebar":"default-sidebar","sticky_sidebar":"1","share_position":"top","share_float_style":"share-monocrhome","show_share_counter":"1","show_view_counter":"1","show_featured":"1","show_post_meta":"1","show_post_author":"1","show_post_author_image":"1","show_post_date":"1","post_date_format":"default","post_date_format_custom":"Y\/m\/d","show_post_category":"1","show_post_reading_time":"0","post_reading_time_wpm":"300","show_zoom_button":"0","zoom_button_out_step":"2","zoom_button_in_step":"3","show_post_tag":"1","show_prev_next_post":"1","show_popup_post":"1","number_popup_post":"1","show_author_box":"1","show_post_related":"0","show_inline_post_related":"0"}],"override_image_size":"0","image_override":[{"single_post_thumbnail_size":"crop-500","single_post_gallery_size":"crop-500"}],"trending_post":"0","trending_post_position":"meta","trending_post_label":"Trending","sponsored_post":"0","sponsored_post_label":"Sponsored by","sponsored_post_name":"","sponsored_post_url":"","sponsored_post_logo_enable":"0","sponsored_post_logo":"","sponsored_post_desc":"","disable_ad":"0"},"jnews_primary_category":{"id":""},"footnotes":""},"categories":[1],"tags":[],"class_list":["post-90101","post","type-post","status-publish","format-standard","has-post-thumbnail","hentry","category-uncategorized"],"aioseo_notices":[],"_links":{"self":[{"href":"https:\/\/estado29.mx\/index.php?rest_route=\/wp\/v2\/posts\/90101","targetHints":{"allow":["GET"]}}],"collection":[{"href":"https:\/\/estado29.mx\/index.php?rest_route=\/wp\/v2\/posts"}],"about":[{"href":"https:\/\/estado29.mx\/index.php?rest_route=\/wp\/v2\/types\/post"}],"author":[{"embeddable":true,"href":"https:\/\/estado29.mx\/index.php?rest_route=\/wp\/v2\/users\/7"}],"replies":[{"embeddable":true,"href":"https:\/\/estado29.mx\/index.php?rest_route=%2Fwp%2Fv2%2Fcomments&post=90101"}],"version-history":[{"count":1,"href":"https:\/\/estado29.mx\/index.php?rest_route=\/wp\/v2\/posts\/90101\/revisions"}],"predecessor-version":[{"id":90103,"href":"https:\/\/estado29.mx\/index.php?rest_route=\/wp\/v2\/posts\/90101\/revisions\/90103"}],"wp:featuredmedia":[{"embeddable":true,"href":"https:\/\/estado29.mx\/index.php?rest_route=\/wp\/v2\/media\/90102"}],"wp:attachment":[{"href":"https:\/\/estado29.mx\/index.php?rest_route=%2Fwp%2Fv2%2Fmedia&parent=90101"}],"wp:term":[{"taxonomy":"category","embeddable":true,"href":"https:\/\/estado29.mx\/index.php?rest_route=%2Fwp%2Fv2%2Fcategories&post=90101"},{"taxonomy":"post_tag","embeddable":true,"href":"https:\/\/estado29.mx\/index.php?rest_route=%2Fwp%2Fv2%2Ftags&post=90101"}],"curies":[{"name":"wp","href":"https:\/\/api.w.org\/{rel}","templated":true}]}}