{"id":90170,"date":"2024-09-21T01:58:58","date_gmt":"2024-09-21T01:58:58","guid":{"rendered":"https:\/\/estado29.mx\/?p=90170"},"modified":"2024-09-21T01:58:59","modified_gmt":"2024-09-21T01:58:59","slug":"invita-grupo-de-artesanos-de-ixtenco-a-la-tercera-edicion-del-festival-del-elote-y-la-miel","status":"publish","type":"post","link":"https:\/\/estado29.mx\/?p=90170","title":{"rendered":"Invita grupo de artesanos de Ixtenco a la Tercera Edici\u00f3n del Festival del Elote y la Miel."},"content":{"rendered":"\n<p>Cornelio Hern\u00e1ndez Rojas, Coordinador del Festival del Elote y la Miel 2024, en representaci\u00f3n de artesanos y productores del municipio de Ixtenco, hace la invitaci\u00f3n a la ciudadan\u00eda para que acudan el d\u00eda de ma\u00f1ana s\u00e1bado 21 y el domingo 22 de septiembre, a la tercera edici\u00f3n de este festival.<\/p>\n\n\n\n<p><br>Hern\u00e1ndez Rojas, refiri\u00f3 que esta actividad se realizar\u00e1 frente al palacio municipal, en un horario de 10 de la ma\u00f1ana a seis de la tarde.<\/p>\n\n\n\n<p><br>Agreg\u00f3 que el objetivo de este festival es el impulso a preservar la miel y el ma\u00edz, productos naturales que con el cambio clim\u00e1tico han pereciendo.<\/p>\n\n\n\n<p>Para finalizar, hizo extensa la invitaci\u00f3n a pobladores de los municipios vecinos, as\u00ed como de otros estados de la Rep\u00fablica Mexicana para que acudan y conozcan la gastronom\u00eda de este lugar, as\u00ed como sus costumbres y diversidad de productos que elaboran en este m\u00e1gico lugar.<\/p>\n\n\n<figure class=\"wp-block-post-featured-image\"><img loading=\"lazy\" decoding=\"async\" width=\"2560\" height=\"1920\" src=\"https:\/\/estado29.mx\/wp-content\/uploads\/2024\/03\/IMG_20240320_084421-min-scaled.jpg\" class=\"attachment-post-thumbnail size-post-thumbnail wp-post-image\" alt=\"\" style=\"object-fit:cover;\" srcset=\"https:\/\/estado29.mx\/wp-content\/uploads\/2024\/03\/IMG_20240320_084421-min-scaled.jpg 2560w, https:\/\/estado29.mx\/wp-content\/uploads\/2024\/03\/IMG_20240320_084421-min-300x225.jpg 300w, https:\/\/estado29.mx\/wp-content\/uploads\/2024\/03\/IMG_20240320_084421-min-1024x768.jpg 1024w, https:\/\/estado29.mx\/wp-content\/uploads\/2024\/03\/IMG_20240320_084421-min-768x576.jpg 768w, https:\/\/estado29.mx\/wp-content\/uploads\/2024\/03\/IMG_20240320_084421-min-1536x1152.jpg 1536w, https:\/\/estado29.mx\/wp-content\/uploads\/2024\/03\/IMG_20240320_084421-min-2048x1536.jpg 2048w, https:\/\/estado29.mx\/wp-content\/uploads\/2024\/03\/IMG_20240320_084421-min-750x563.jpg 750w, https:\/\/estado29.mx\/wp-content\/uploads\/2024\/03\/IMG_20240320_084421-min-1140x855.jpg 1140w\" sizes=\"auto, (max-width: 2560px) 100vw, 2560px\" \/><\/figure>","protected":false},"excerpt":{"rendered":"<p>Cornelio Hern\u00e1ndez Rojas, Coordinador del Festival del Elote y la Miel 2024, en representaci\u00f3n de artesanos y productores del municipio de Ixtenco, hace la invitaci\u00f3n a la ciudadan\u00eda para que acudan el d\u00eda de ma\u00f1ana s\u00e1bado 21 y el domingo 22 de septiembre, a la tercera edici\u00f3n de este festival. Hern\u00e1ndez Rojas, refiri\u00f3 que esta [&hellip;]<\/p>\n","protected":false},"author":7,"featured_media":89280,"comment_status":"open","ping_status":"open","sticky":false,"template":"","format":"standard","meta":{"om_disable_all_campaigns":false,"_monsterinsights_skip_tracking":false,"_monsterinsights_sitenote_active":false,"_monsterinsights_sitenote_note":"","_monsterinsights_sitenote_category":0,"jnews-multi-image_gallery":[],"jnews_single_post":{"subtitle":"","format":"standard","video":"","gallery":"","source_name":"","source_url":"","via_name":"","via_url":"","override_template":"0","override":[{"template":"1","single_blog_custom":"","parallax":"1","fullscreen":"1","layout":"right-sidebar","sidebar":"default-sidebar","second_sidebar":"default-sidebar","sticky_sidebar":"1","share_position":"top","share_float_style":"share-monocrhome","show_share_counter":"1","show_view_counter":"1","show_featured":"1","show_post_meta":"1","show_post_author":"1","show_post_author_image":"1","show_post_date":"1","post_date_format":"default","post_date_format_custom":"Y\/m\/d","show_post_category":"1","show_post_reading_time":"0","post_reading_time_wpm":"300","show_zoom_button":"0","zoom_button_out_step":"2","zoom_button_in_step":"3","show_post_tag":"1","show_prev_next_post":"1","show_popup_post":"1","number_popup_post":"1","show_author_box":"1","show_post_related":"0","show_inline_post_related":"0"}],"override_image_size":"0","image_override":[{"single_post_thumbnail_size":"crop-500","single_post_gallery_size":"crop-500"}],"trending_post":"0","trending_post_position":"meta","trending_post_label":"Trending","sponsored_post":"0","sponsored_post_label":"Sponsored by","sponsored_post_name":"","sponsored_post_url":"","sponsored_post_logo_enable":"0","sponsored_post_logo":"","sponsored_post_desc":"","disable_ad":"0"},"jnews_primary_category":{"id":""},"footnotes":""},"categories":[1],"tags":[],"class_list":["post-90170","post","type-post","status-publish","format-standard","has-post-thumbnail","hentry","category-uncategorized"],"aioseo_notices":[],"_links":{"self":[{"href":"https:\/\/estado29.mx\/index.php?rest_route=\/wp\/v2\/posts\/90170","targetHints":{"allow":["GET"]}}],"collection":[{"href":"https:\/\/estado29.mx\/index.php?rest_route=\/wp\/v2\/posts"}],"about":[{"href":"https:\/\/estado29.mx\/index.php?rest_route=\/wp\/v2\/types\/post"}],"author":[{"embeddable":true,"href":"https:\/\/estado29.mx\/index.php?rest_route=\/wp\/v2\/users\/7"}],"replies":[{"embeddable":true,"href":"https:\/\/estado29.mx\/index.php?rest_route=%2Fwp%2Fv2%2Fcomments&post=90170"}],"version-history":[{"count":1,"href":"https:\/\/estado29.mx\/index.php?rest_route=\/wp\/v2\/posts\/90170\/revisions"}],"predecessor-version":[{"id":90171,"href":"https:\/\/estado29.mx\/index.php?rest_route=\/wp\/v2\/posts\/90170\/revisions\/90171"}],"wp:featuredmedia":[{"embeddable":true,"href":"https:\/\/estado29.mx\/index.php?rest_route=\/wp\/v2\/media\/89280"}],"wp:attachment":[{"href":"https:\/\/estado29.mx\/index.php?rest_route=%2Fwp%2Fv2%2Fmedia&parent=90170"}],"wp:term":[{"taxonomy":"category","embeddable":true,"href":"https:\/\/estado29.mx\/index.php?rest_route=%2Fwp%2Fv2%2Fcategories&post=90170"},{"taxonomy":"post_tag","embeddable":true,"href":"https:\/\/estado29.mx\/index.php?rest_route=%2Fwp%2Fv2%2Ftags&post=90170"}],"curies":[{"name":"wp","href":"https:\/\/api.w.org\/{rel}","templated":true}]}}