{"id":90173,"date":"2024-09-24T18:48:41","date_gmt":"2024-09-24T18:48:41","guid":{"rendered":"https:\/\/estado29.mx\/?p=90173"},"modified":"2024-09-24T18:48:41","modified_gmt":"2024-09-24T18:48:41","slug":"atienden-presidentes-de-comunidad-denuncias-ciudadanas-de-desabasto-de-agua-potable","status":"publish","type":"post","link":"https:\/\/estado29.mx\/?p=90173","title":{"rendered":"Atienden presidentes de Comunidad, denuncias ciudadanas de desabasto de agua potable."},"content":{"rendered":"\n<p>Atendiendo a la denuncia ciudadana, realizada en la emisi\u00f3n matutina de este noticiario, este viernes 20 de septiembre del a\u00f1o en curso, respecto a la falta de agua potable en las comunidades del Pueblo de la Cruz, as\u00ed como de Mariano Matamoros.<\/p>\n\n\n\n<p><br>Eladio C\u00e9sar Ju\u00e1rez Bonilla, presidente del Pueblo de la Cruz y Jos\u00e9 Marcelino Antonio Hern\u00e1ndez P\u00e9rez, presidente del Pueblo de Mariano Matamoros, puntualizaron que este problema tiene origen desde los presidentes de comunidad anteriores, pues desde diciembre pasado, fueron notificados sobre la renovaci\u00f3n del contrato de energ\u00eda el\u00e9ctrica e hicieron caso omiso.<\/p>\n\n\n\n<p><br>Asimismo, los presidentes de comunidad comentan que se estima que el problema de energ\u00eda el\u00e9ctrica sea resuelto a m\u00e1s tardar en cinco d\u00edas h\u00e1biles, por lo que hacen el llamado a los pobladores de estas comunidades a cumplir con su respectivo pago por el servicio.<\/p>\n\n\n<figure class=\"wp-block-post-featured-image\"><img loading=\"lazy\" decoding=\"async\" width=\"2560\" height=\"1920\" src=\"https:\/\/estado29.mx\/wp-content\/uploads\/2024\/09\/IMG_20240920_160241-min-scaled.jpg\" class=\"attachment-post-thumbnail size-post-thumbnail wp-post-image\" alt=\"\" style=\"object-fit:cover;\" srcset=\"https:\/\/estado29.mx\/wp-content\/uploads\/2024\/09\/IMG_20240920_160241-min-scaled.jpg 2560w, https:\/\/estado29.mx\/wp-content\/uploads\/2024\/09\/IMG_20240920_160241-min-300x225.jpg 300w, https:\/\/estado29.mx\/wp-content\/uploads\/2024\/09\/IMG_20240920_160241-min-1024x768.jpg 1024w, https:\/\/estado29.mx\/wp-content\/uploads\/2024\/09\/IMG_20240920_160241-min-768x576.jpg 768w, https:\/\/estado29.mx\/wp-content\/uploads\/2024\/09\/IMG_20240920_160241-min-1536x1152.jpg 1536w, https:\/\/estado29.mx\/wp-content\/uploads\/2024\/09\/IMG_20240920_160241-min-2048x1536.jpg 2048w, https:\/\/estado29.mx\/wp-content\/uploads\/2024\/09\/IMG_20240920_160241-min-750x563.jpg 750w, https:\/\/estado29.mx\/wp-content\/uploads\/2024\/09\/IMG_20240920_160241-min-1140x855.jpg 1140w\" sizes=\"auto, (max-width: 2560px) 100vw, 2560px\" \/><\/figure>","protected":false},"excerpt":{"rendered":"<p>Atendiendo a la denuncia ciudadana, realizada en la emisi\u00f3n matutina de este noticiario, este viernes 20 de septiembre del a\u00f1o en curso, respecto a la falta de agua potable en las comunidades del Pueblo de la Cruz, as\u00ed como de Mariano Matamoros. Eladio C\u00e9sar Ju\u00e1rez Bonilla, presidente del Pueblo de la Cruz y Jos\u00e9 Marcelino [&hellip;]<\/p>\n","protected":false},"author":7,"featured_media":90174,"comment_status":"open","ping_status":"open","sticky":false,"template":"","format":"standard","meta":{"om_disable_all_campaigns":false,"_monsterinsights_skip_tracking":false,"_monsterinsights_sitenote_active":false,"_monsterinsights_sitenote_note":"","_monsterinsights_sitenote_category":0,"jnews-multi-image_gallery":[],"jnews_single_post":{"subtitle":"","format":"standard","video":"","gallery":"","source_name":"","source_url":"","via_name":"","via_url":"","override_template":"0","override":[{"template":"1","single_blog_custom":"","parallax":"1","fullscreen":"1","layout":"right-sidebar","sidebar":"default-sidebar","second_sidebar":"default-sidebar","sticky_sidebar":"1","share_position":"top","share_float_style":"share-monocrhome","show_share_counter":"1","show_view_counter":"1","show_featured":"1","show_post_meta":"1","show_post_author":"1","show_post_author_image":"1","show_post_date":"1","post_date_format":"default","post_date_format_custom":"Y\/m\/d","show_post_category":"1","show_post_reading_time":"0","post_reading_time_wpm":"300","show_zoom_button":"0","zoom_button_out_step":"2","zoom_button_in_step":"3","show_post_tag":"1","show_prev_next_post":"1","show_popup_post":"1","number_popup_post":"1","show_author_box":"1","show_post_related":"0","show_inline_post_related":"0"}],"override_image_size":"0","image_override":[{"single_post_thumbnail_size":"crop-500","single_post_gallery_size":"crop-500"}],"trending_post":"0","trending_post_position":"meta","trending_post_label":"Trending","sponsored_post":"0","sponsored_post_label":"Sponsored by","sponsored_post_name":"","sponsored_post_url":"","sponsored_post_logo_enable":"0","sponsored_post_logo":"","sponsored_post_desc":"","disable_ad":"0"},"jnews_primary_category":{"id":""},"footnotes":""},"categories":[1],"tags":[],"class_list":["post-90173","post","type-post","status-publish","format-standard","has-post-thumbnail","hentry","category-uncategorized"],"aioseo_notices":[],"_links":{"self":[{"href":"https:\/\/estado29.mx\/index.php?rest_route=\/wp\/v2\/posts\/90173","targetHints":{"allow":["GET"]}}],"collection":[{"href":"https:\/\/estado29.mx\/index.php?rest_route=\/wp\/v2\/posts"}],"about":[{"href":"https:\/\/estado29.mx\/index.php?rest_route=\/wp\/v2\/types\/post"}],"author":[{"embeddable":true,"href":"https:\/\/estado29.mx\/index.php?rest_route=\/wp\/v2\/users\/7"}],"replies":[{"embeddable":true,"href":"https:\/\/estado29.mx\/index.php?rest_route=%2Fwp%2Fv2%2Fcomments&post=90173"}],"version-history":[{"count":1,"href":"https:\/\/estado29.mx\/index.php?rest_route=\/wp\/v2\/posts\/90173\/revisions"}],"predecessor-version":[{"id":90175,"href":"https:\/\/estado29.mx\/index.php?rest_route=\/wp\/v2\/posts\/90173\/revisions\/90175"}],"wp:featuredmedia":[{"embeddable":true,"href":"https:\/\/estado29.mx\/index.php?rest_route=\/wp\/v2\/media\/90174"}],"wp:attachment":[{"href":"https:\/\/estado29.mx\/index.php?rest_route=%2Fwp%2Fv2%2Fmedia&parent=90173"}],"wp:term":[{"taxonomy":"category","embeddable":true,"href":"https:\/\/estado29.mx\/index.php?rest_route=%2Fwp%2Fv2%2Fcategories&post=90173"},{"taxonomy":"post_tag","embeddable":true,"href":"https:\/\/estado29.mx\/index.php?rest_route=%2Fwp%2Fv2%2Ftags&post=90173"}],"curies":[{"name":"wp","href":"https:\/\/api.w.org\/{rel}","templated":true}]}}