{"id":90188,"date":"2024-09-25T18:55:12","date_gmt":"2024-09-25T18:55:12","guid":{"rendered":"https:\/\/estado29.mx\/?p=90188"},"modified":"2024-09-25T18:55:13","modified_gmt":"2024-09-25T18:55:13","slug":"presentan-en-huamantla-programa-de-baile-de-banderas-2024","status":"publish","type":"post","link":"https:\/\/estado29.mx\/?p=90188","title":{"rendered":"Presentan en Huamantla Programa de Baile de Banderas 2024."},"content":{"rendered":"\n<p>Hoy mi\u00e9rcoles 25 de septiembre del a\u00f1o en curso, se llev\u00f3 acabo la Presentaci\u00f3n del Programa de Baile de Banderas en el municipio de Huamantla.<\/p>\n\n\n\n<p><br>Este evento, se llevar\u00e1 a cabo el pr\u00f3ximo 12 de octubre, el cu\u00e1l iniciar\u00e1 con un desfile con la participaci\u00f3n de al menos unas cuarenta se\u00f1oritas que portar\u00e1n diversas banderas, partir de las seis de la tarde.<\/p>\n\n\n\n<figure class=\"wp-block-image size-large\"><img loading=\"lazy\" decoding=\"async\" width=\"768\" height=\"1024\" src=\"https:\/\/estado29.mx\/wp-content\/uploads\/2024\/09\/IMG_20240925_122448-min-768x1024.jpg\" alt=\"\" class=\"wp-image-90191\" srcset=\"https:\/\/estado29.mx\/wp-content\/uploads\/2024\/09\/IMG_20240925_122448-min-768x1024.jpg 768w, https:\/\/estado29.mx\/wp-content\/uploads\/2024\/09\/IMG_20240925_122448-min-225x300.jpg 225w, https:\/\/estado29.mx\/wp-content\/uploads\/2024\/09\/IMG_20240925_122448-min-1152x1536.jpg 1152w, https:\/\/estado29.mx\/wp-content\/uploads\/2024\/09\/IMG_20240925_122448-min-1536x2048.jpg 1536w, https:\/\/estado29.mx\/wp-content\/uploads\/2024\/09\/IMG_20240925_122448-min-750x1000.jpg 750w, https:\/\/estado29.mx\/wp-content\/uploads\/2024\/09\/IMG_20240925_122448-min-1140x1520.jpg 1140w, https:\/\/estado29.mx\/wp-content\/uploads\/2024\/09\/IMG_20240925_122448-min-scaled.jpg 1920w\" sizes=\"auto, (max-width: 768px) 100vw, 768px\" \/><\/figure>\n\n\n\n<p><br>Es importante mencionar que los fondos recaudados de esta actividad, ser\u00e1n a beneficio de la Casa del Perpetuo Socorro, Roc\u00edo Fern\u00e1ndez de Lara, Secretaria de esta agrupaci\u00f3n, dijo que el objetivo es recabar fondos para los abuelitos que se encuentran en situaci\u00f3n vulnerable.<\/p>\n\n\n\n<p>Por su parte, Francisco Guti\u00e9rrez Lara, Presidente del Club Gastr\u00f3nomo Tlaxcalteca y Coordinador de Turismo en Huamantla, refiri\u00f3 que esta asociaci\u00f3n refiri\u00f3 que ya se hab\u00eda iniciado con un proyecto piloto, el cual tiene como objetivo activar a los adultos mayores mediante diversas actividades.<\/p>\n\n\n\n<p>Para finalizar este evento, se ofrecer\u00e1 una cena baile, la cual tendr\u00e1 lugar en el recinto ferial con un espacio capacitado para recibir a unas 400 personas, amenizado por la Sonora Dinamita y el Grupo Fuerza A\u00e9rea.<\/p>\n\n\n<figure class=\"wp-block-post-featured-image\"><img loading=\"lazy\" decoding=\"async\" width=\"2560\" height=\"1920\" src=\"https:\/\/estado29.mx\/wp-content\/uploads\/2024\/09\/IMG_20240925_122025-min-scaled.jpg\" class=\"attachment-post-thumbnail size-post-thumbnail wp-post-image\" alt=\"\" style=\"object-fit:cover;\" srcset=\"https:\/\/estado29.mx\/wp-content\/uploads\/2024\/09\/IMG_20240925_122025-min-scaled.jpg 2560w, https:\/\/estado29.mx\/wp-content\/uploads\/2024\/09\/IMG_20240925_122025-min-300x225.jpg 300w, https:\/\/estado29.mx\/wp-content\/uploads\/2024\/09\/IMG_20240925_122025-min-1024x768.jpg 1024w, https:\/\/estado29.mx\/wp-content\/uploads\/2024\/09\/IMG_20240925_122025-min-768x576.jpg 768w, https:\/\/estado29.mx\/wp-content\/uploads\/2024\/09\/IMG_20240925_122025-min-1536x1152.jpg 1536w, https:\/\/estado29.mx\/wp-content\/uploads\/2024\/09\/IMG_20240925_122025-min-2048x1536.jpg 2048w, https:\/\/estado29.mx\/wp-content\/uploads\/2024\/09\/IMG_20240925_122025-min-750x563.jpg 750w, https:\/\/estado29.mx\/wp-content\/uploads\/2024\/09\/IMG_20240925_122025-min-1140x855.jpg 1140w\" sizes=\"auto, (max-width: 2560px) 100vw, 2560px\" \/><\/figure>","protected":false},"excerpt":{"rendered":"<p>Hoy mi\u00e9rcoles 25 de septiembre del a\u00f1o en curso, se llev\u00f3 acabo la Presentaci\u00f3n del Programa de Baile de Banderas en el municipio de Huamantla. Este evento, se llevar\u00e1 a cabo el pr\u00f3ximo 12 de octubre, el cu\u00e1l iniciar\u00e1 con un desfile con la participaci\u00f3n de al menos unas cuarenta se\u00f1oritas que portar\u00e1n diversas banderas, [&hellip;]<\/p>\n","protected":false},"author":7,"featured_media":90189,"comment_status":"open","ping_status":"open","sticky":false,"template":"","format":"standard","meta":{"om_disable_all_campaigns":false,"_monsterinsights_skip_tracking":false,"_monsterinsights_sitenote_active":false,"_monsterinsights_sitenote_note":"","_monsterinsights_sitenote_category":0,"jnews-multi-image_gallery":[],"jnews_single_post":{"subtitle":"","format":"standard","video":"","gallery":"","source_name":"","source_url":"","via_name":"","via_url":"","override_template":"0","override":[{"template":"1","single_blog_custom":"","parallax":"1","fullscreen":"1","layout":"right-sidebar","sidebar":"default-sidebar","second_sidebar":"default-sidebar","sticky_sidebar":"1","share_position":"top","share_float_style":"share-monocrhome","show_share_counter":"1","show_view_counter":"1","show_featured":"1","show_post_meta":"1","show_post_author":"1","show_post_author_image":"1","show_post_date":"1","post_date_format":"default","post_date_format_custom":"Y\/m\/d","show_post_category":"1","show_post_reading_time":"0","post_reading_time_wpm":"300","show_zoom_button":"0","zoom_button_out_step":"2","zoom_button_in_step":"3","show_post_tag":"1","show_prev_next_post":"1","show_popup_post":"1","number_popup_post":"1","show_author_box":"1","show_post_related":"0","show_inline_post_related":"0"}],"override_image_size":"0","image_override":[{"single_post_thumbnail_size":"crop-500","single_post_gallery_size":"crop-500"}],"trending_post":"0","trending_post_position":"meta","trending_post_label":"Trending","sponsored_post":"0","sponsored_post_label":"Sponsored by","sponsored_post_name":"","sponsored_post_url":"","sponsored_post_logo_enable":"0","sponsored_post_logo":"","sponsored_post_desc":"","disable_ad":"0"},"jnews_primary_category":{"id":""},"footnotes":""},"categories":[1],"tags":[],"class_list":["post-90188","post","type-post","status-publish","format-standard","has-post-thumbnail","hentry","category-uncategorized"],"aioseo_notices":[],"_links":{"self":[{"href":"https:\/\/estado29.mx\/index.php?rest_route=\/wp\/v2\/posts\/90188","targetHints":{"allow":["GET"]}}],"collection":[{"href":"https:\/\/estado29.mx\/index.php?rest_route=\/wp\/v2\/posts"}],"about":[{"href":"https:\/\/estado29.mx\/index.php?rest_route=\/wp\/v2\/types\/post"}],"author":[{"embeddable":true,"href":"https:\/\/estado29.mx\/index.php?rest_route=\/wp\/v2\/users\/7"}],"replies":[{"embeddable":true,"href":"https:\/\/estado29.mx\/index.php?rest_route=%2Fwp%2Fv2%2Fcomments&post=90188"}],"version-history":[{"count":1,"href":"https:\/\/estado29.mx\/index.php?rest_route=\/wp\/v2\/posts\/90188\/revisions"}],"predecessor-version":[{"id":90192,"href":"https:\/\/estado29.mx\/index.php?rest_route=\/wp\/v2\/posts\/90188\/revisions\/90192"}],"wp:featuredmedia":[{"embeddable":true,"href":"https:\/\/estado29.mx\/index.php?rest_route=\/wp\/v2\/media\/90189"}],"wp:attachment":[{"href":"https:\/\/estado29.mx\/index.php?rest_route=%2Fwp%2Fv2%2Fmedia&parent=90188"}],"wp:term":[{"taxonomy":"category","embeddable":true,"href":"https:\/\/estado29.mx\/index.php?rest_route=%2Fwp%2Fv2%2Fcategories&post=90188"},{"taxonomy":"post_tag","embeddable":true,"href":"https:\/\/estado29.mx\/index.php?rest_route=%2Fwp%2Fv2%2Ftags&post=90188"}],"curies":[{"name":"wp","href":"https:\/\/api.w.org\/{rel}","templated":true}]}}