{"id":90197,"date":"2024-09-26T20:00:48","date_gmt":"2024-09-26T20:00:48","guid":{"rendered":"https:\/\/estado29.mx\/?p=90197"},"modified":"2024-09-26T20:00:49","modified_gmt":"2024-09-26T20:00:49","slug":"presentan-autoridades-de-secundaria-general-moises-saenz-de-huamantla-programa-de-actividades-por-celebracion-de-55-aniversario","status":"publish","type":"post","link":"https:\/\/estado29.mx\/?p=90197","title":{"rendered":"Presentan autoridades de Secundaria General Mois\u00e9s S\u00e1enz de Huamantla Programa de Actividades por Celebraci\u00f3n de 55 Aniversario."},"content":{"rendered":"\n<p>Este jueves 26 de septiembre del a\u00f1o en curso, se llev\u00f3 a cabo la presentaci\u00f3n de actividades, con motivo de la Celebraci\u00f3n del 55 Aniversario de la Escuela Secundaria General Moses Saenz del municipio de Huamantla.<\/p>\n\n\n\n<p><br>Yanina Flores Ba\u00f1uelos, Directora de esta instituci\u00f3n educativa, refiri\u00f3 que el objetivo de algunos de los eventos es recaudar fondos para mejorar el grupo de banda de guerra.<\/p>\n\n\n\n<p><br>Asimismo, Julio C\u00e9sar S\u00e1nchez Carvajal, docente y organizador de las diversas actividades que se desarrollar\u00e1n, con motivo de esta celebraci\u00f3n, extern\u00f3 los diversos eventos que se tendr\u00e1n as\u00ed como los horarios de su desarrollo.<\/p>\n\n\n\n<p><br>Es importante mencionar, que la fecha de la fundaci\u00f3n de esta instituci\u00f3n educativa, fue el 6 de octubre 1969.<\/p>\n\n\n\n<p>Destacar que entre los eventos m\u00e1s fuertes esta la Tarde de Paellas, que tendr\u00e1 lugar en el Centro C\u00edvico de Huamantla, la Noche de Estrellas y muchos m\u00e1s.<\/p>\n\n\n<figure class=\"wp-block-post-featured-image\"><img loading=\"lazy\" decoding=\"async\" width=\"2560\" height=\"1920\" src=\"https:\/\/estado29.mx\/wp-content\/uploads\/2024\/09\/IMG_20240926_134233-min-scaled.jpg\" class=\"attachment-post-thumbnail size-post-thumbnail wp-post-image\" alt=\"\" style=\"object-fit:cover;\" srcset=\"https:\/\/estado29.mx\/wp-content\/uploads\/2024\/09\/IMG_20240926_134233-min-scaled.jpg 2560w, https:\/\/estado29.mx\/wp-content\/uploads\/2024\/09\/IMG_20240926_134233-min-300x225.jpg 300w, https:\/\/estado29.mx\/wp-content\/uploads\/2024\/09\/IMG_20240926_134233-min-1024x768.jpg 1024w, https:\/\/estado29.mx\/wp-content\/uploads\/2024\/09\/IMG_20240926_134233-min-768x576.jpg 768w, https:\/\/estado29.mx\/wp-content\/uploads\/2024\/09\/IMG_20240926_134233-min-1536x1152.jpg 1536w, https:\/\/estado29.mx\/wp-content\/uploads\/2024\/09\/IMG_20240926_134233-min-2048x1536.jpg 2048w, https:\/\/estado29.mx\/wp-content\/uploads\/2024\/09\/IMG_20240926_134233-min-750x563.jpg 750w, https:\/\/estado29.mx\/wp-content\/uploads\/2024\/09\/IMG_20240926_134233-min-1140x855.jpg 1140w\" sizes=\"auto, (max-width: 2560px) 100vw, 2560px\" \/><\/figure>","protected":false},"excerpt":{"rendered":"<p>Este jueves 26 de septiembre del a\u00f1o en curso, se llev\u00f3 a cabo la presentaci\u00f3n de actividades, con motivo de la Celebraci\u00f3n del 55 Aniversario de la Escuela Secundaria General Moses Saenz del municipio de Huamantla. Yanina Flores Ba\u00f1uelos, Directora de esta instituci\u00f3n educativa, refiri\u00f3 que el objetivo de algunos de los eventos es recaudar [&hellip;]<\/p>\n","protected":false},"author":7,"featured_media":90198,"comment_status":"open","ping_status":"open","sticky":false,"template":"","format":"standard","meta":{"om_disable_all_campaigns":false,"_monsterinsights_skip_tracking":false,"_monsterinsights_sitenote_active":false,"_monsterinsights_sitenote_note":"","_monsterinsights_sitenote_category":0,"jnews-multi-image_gallery":[],"jnews_single_post":{"subtitle":"","format":"standard","video":"","gallery":"","source_name":"","source_url":"","via_name":"","via_url":"","override_template":"0","override":[{"template":"1","single_blog_custom":"","parallax":"1","fullscreen":"1","layout":"right-sidebar","sidebar":"default-sidebar","second_sidebar":"default-sidebar","sticky_sidebar":"1","share_position":"top","share_float_style":"share-monocrhome","show_share_counter":"1","show_view_counter":"1","show_featured":"1","show_post_meta":"1","show_post_author":"1","show_post_author_image":"1","show_post_date":"1","post_date_format":"default","post_date_format_custom":"Y\/m\/d","show_post_category":"1","show_post_reading_time":"0","post_reading_time_wpm":"300","show_zoom_button":"0","zoom_button_out_step":"2","zoom_button_in_step":"3","show_post_tag":"1","show_prev_next_post":"1","show_popup_post":"1","number_popup_post":"1","show_author_box":"1","show_post_related":"0","show_inline_post_related":"0"}],"override_image_size":"0","image_override":[{"single_post_thumbnail_size":"crop-500","single_post_gallery_size":"crop-500"}],"trending_post":"0","trending_post_position":"meta","trending_post_label":"Trending","sponsored_post":"0","sponsored_post_label":"Sponsored by","sponsored_post_name":"","sponsored_post_url":"","sponsored_post_logo_enable":"0","sponsored_post_logo":"","sponsored_post_desc":"","disable_ad":"0"},"jnews_primary_category":{"id":""},"footnotes":""},"categories":[1],"tags":[],"class_list":["post-90197","post","type-post","status-publish","format-standard","has-post-thumbnail","hentry","category-uncategorized"],"aioseo_notices":[],"_links":{"self":[{"href":"https:\/\/estado29.mx\/index.php?rest_route=\/wp\/v2\/posts\/90197","targetHints":{"allow":["GET"]}}],"collection":[{"href":"https:\/\/estado29.mx\/index.php?rest_route=\/wp\/v2\/posts"}],"about":[{"href":"https:\/\/estado29.mx\/index.php?rest_route=\/wp\/v2\/types\/post"}],"author":[{"embeddable":true,"href":"https:\/\/estado29.mx\/index.php?rest_route=\/wp\/v2\/users\/7"}],"replies":[{"embeddable":true,"href":"https:\/\/estado29.mx\/index.php?rest_route=%2Fwp%2Fv2%2Fcomments&post=90197"}],"version-history":[{"count":1,"href":"https:\/\/estado29.mx\/index.php?rest_route=\/wp\/v2\/posts\/90197\/revisions"}],"predecessor-version":[{"id":90199,"href":"https:\/\/estado29.mx\/index.php?rest_route=\/wp\/v2\/posts\/90197\/revisions\/90199"}],"wp:featuredmedia":[{"embeddable":true,"href":"https:\/\/estado29.mx\/index.php?rest_route=\/wp\/v2\/media\/90198"}],"wp:attachment":[{"href":"https:\/\/estado29.mx\/index.php?rest_route=%2Fwp%2Fv2%2Fmedia&parent=90197"}],"wp:term":[{"taxonomy":"category","embeddable":true,"href":"https:\/\/estado29.mx\/index.php?rest_route=%2Fwp%2Fv2%2Fcategories&post=90197"},{"taxonomy":"post_tag","embeddable":true,"href":"https:\/\/estado29.mx\/index.php?rest_route=%2Fwp%2Fv2%2Ftags&post=90197"}],"curies":[{"name":"wp","href":"https:\/\/api.w.org\/{rel}","templated":true}]}}