{"id":90209,"date":"2024-09-26T20:11:25","date_gmt":"2024-09-26T20:11:25","guid":{"rendered":"https:\/\/estado29.mx\/?p=90209"},"modified":"2024-09-26T20:11:26","modified_gmt":"2024-09-26T20:11:26","slug":"participaran-comunidades-de-huamantla-en-el-primer-mini-tianguis-turistico","status":"publish","type":"post","link":"https:\/\/estado29.mx\/?p=90209","title":{"rendered":"Participar\u00e1n Comunidades de Huamantla en el \u201cPrimer Mini Tianguis Tur\u00edstico\u201d."},"content":{"rendered":"\n<p>Francisco Guti\u00e9rrez Lara, Coordinador de Turismo en Huamantla, detall\u00f3 sobre los diversos proyectos que se est\u00e1n trabajando con el objetivo de generar atracci\u00f3n tur\u00edstica al lugar, en diversas temporadas del a\u00f1o.<\/p>\n\n\n\n<p><br>El Coordinador de Turismo municipal, agreg\u00f3 que la celebraci\u00f3n m\u00e1s cercana ser\u00e1 el Aniversario de la Fundaci\u00f3n de este Pueblo M\u00e1gico, en donde participar\u00e1n las 39 comunidades, con la en instalaci\u00f3n del \u201cPrimer Mini Tianguis Tur\u00edstico\u201d, en donde cada una de ellas tendr\u00e1 la oportunidad de mostrar si cultura, gastronom\u00eda, as\u00ed como se estima participen productores y artesanos.<\/p>\n\n\n\n<p>Coment\u00f3 que el objetivo, es que toda la poblaci\u00f3n de Huamantla participe y acuda la los diversos eventos aue se tienen preparados, para celebrar una aniversario m\u00e1s de la fundaci\u00f3n de este lugar.<\/p>\n\n\n<figure class=\"wp-block-post-featured-image\"><img loading=\"lazy\" decoding=\"async\" width=\"300\" height=\"168\" src=\"https:\/\/estado29.mx\/wp-content\/uploads\/2023\/10\/descarga-2.jpeg\" class=\"attachment-post-thumbnail size-post-thumbnail wp-post-image\" alt=\"\" style=\"object-fit:cover;\" \/><\/figure>","protected":false},"excerpt":{"rendered":"<p>Francisco Guti\u00e9rrez Lara, Coordinador de Turismo en Huamantla, detall\u00f3 sobre los diversos proyectos que se est\u00e1n trabajando con el objetivo de generar atracci\u00f3n tur\u00edstica al lugar, en diversas temporadas del a\u00f1o. El Coordinador de Turismo municipal, agreg\u00f3 que la celebraci\u00f3n m\u00e1s cercana ser\u00e1 el Aniversario de la Fundaci\u00f3n de este Pueblo M\u00e1gico, en donde participar\u00e1n [&hellip;]<\/p>\n","protected":false},"author":7,"featured_media":88302,"comment_status":"open","ping_status":"open","sticky":false,"template":"","format":"standard","meta":{"om_disable_all_campaigns":false,"_monsterinsights_skip_tracking":false,"_monsterinsights_sitenote_active":false,"_monsterinsights_sitenote_note":"","_monsterinsights_sitenote_category":0,"jnews-multi-image_gallery":[],"jnews_single_post":{"subtitle":"","format":"standard","video":"","gallery":"","source_name":"","source_url":"","via_name":"","via_url":"","override_template":"0","override":[{"template":"1","single_blog_custom":"","parallax":"1","fullscreen":"1","layout":"right-sidebar","sidebar":"default-sidebar","second_sidebar":"default-sidebar","sticky_sidebar":"1","share_position":"top","share_float_style":"share-monocrhome","show_share_counter":"1","show_view_counter":"1","show_featured":"1","show_post_meta":"1","show_post_author":"1","show_post_author_image":"1","show_post_date":"1","post_date_format":"default","post_date_format_custom":"Y\/m\/d","show_post_category":"1","show_post_reading_time":"0","post_reading_time_wpm":"300","show_zoom_button":"0","zoom_button_out_step":"2","zoom_button_in_step":"3","show_post_tag":"1","show_prev_next_post":"1","show_popup_post":"1","number_popup_post":"1","show_author_box":"1","show_post_related":"0","show_inline_post_related":"0"}],"override_image_size":"0","image_override":[{"single_post_thumbnail_size":"crop-500","single_post_gallery_size":"crop-500"}],"trending_post":"0","trending_post_position":"meta","trending_post_label":"Trending","sponsored_post":"0","sponsored_post_label":"Sponsored by","sponsored_post_name":"","sponsored_post_url":"","sponsored_post_logo_enable":"0","sponsored_post_logo":"","sponsored_post_desc":"","disable_ad":"0"},"jnews_primary_category":{"id":""},"footnotes":""},"categories":[1],"tags":[],"class_list":["post-90209","post","type-post","status-publish","format-standard","has-post-thumbnail","hentry","category-uncategorized"],"aioseo_notices":[],"_links":{"self":[{"href":"https:\/\/estado29.mx\/index.php?rest_route=\/wp\/v2\/posts\/90209","targetHints":{"allow":["GET"]}}],"collection":[{"href":"https:\/\/estado29.mx\/index.php?rest_route=\/wp\/v2\/posts"}],"about":[{"href":"https:\/\/estado29.mx\/index.php?rest_route=\/wp\/v2\/types\/post"}],"author":[{"embeddable":true,"href":"https:\/\/estado29.mx\/index.php?rest_route=\/wp\/v2\/users\/7"}],"replies":[{"embeddable":true,"href":"https:\/\/estado29.mx\/index.php?rest_route=%2Fwp%2Fv2%2Fcomments&post=90209"}],"version-history":[{"count":1,"href":"https:\/\/estado29.mx\/index.php?rest_route=\/wp\/v2\/posts\/90209\/revisions"}],"predecessor-version":[{"id":90210,"href":"https:\/\/estado29.mx\/index.php?rest_route=\/wp\/v2\/posts\/90209\/revisions\/90210"}],"wp:featuredmedia":[{"embeddable":true,"href":"https:\/\/estado29.mx\/index.php?rest_route=\/wp\/v2\/media\/88302"}],"wp:attachment":[{"href":"https:\/\/estado29.mx\/index.php?rest_route=%2Fwp%2Fv2%2Fmedia&parent=90209"}],"wp:term":[{"taxonomy":"category","embeddable":true,"href":"https:\/\/estado29.mx\/index.php?rest_route=%2Fwp%2Fv2%2Fcategories&post=90209"},{"taxonomy":"post_tag","embeddable":true,"href":"https:\/\/estado29.mx\/index.php?rest_route=%2Fwp%2Fv2%2Ftags&post=90209"}],"curies":[{"name":"wp","href":"https:\/\/api.w.org\/{rel}","templated":true}]}}