{"id":90212,"date":"2024-09-27T17:56:09","date_gmt":"2024-09-27T17:56:09","guid":{"rendered":"https:\/\/estado29.mx\/?p=90212"},"modified":"2024-09-27T18:20:14","modified_gmt":"2024-09-27T18:20:14","slug":"se-registra-en-huamantla-choque-por-alcance","status":"publish","type":"post","link":"https:\/\/estado29.mx\/?p=90212","title":{"rendered":"Se registra en Huamantla choque por alcance."},"content":{"rendered":"\n<p>La ma\u00f1ana de este viernes 27 de septiembre del a\u00f1o en cursos, se registr\u00f3 un choque por alcance en el municipio de Huamantla.<\/p>\n\n\n\n<p>De acuerdo con la informaci\u00f3n proporcionada por el Secretario de la Brigada de Auxilio y Salvamento (BRIASA) Delegaci\u00f3n Huamantla, Gerardo Espinoza Jim\u00e9nez, en este percance, participaron dos unidades de carga pesada (un volteo y un trailer), en la Carretera Federal M\u00e9xico-Veracruz, en el Libramiento Poniente de esta ciudad.<\/p>\n\n\n\n<p>A pesar que no hubo lesionados ni p\u00e9rdidas humanas qu\u00e9 lamentar, estuvo interrumpida la circulaci\u00f3n en ambos carriles por maniobras de retiro de las unidades.<\/p>\n\n\n<figure class=\"wp-block-post-featured-image\"><img loading=\"lazy\" decoding=\"async\" width=\"702\" height=\"1600\" src=\"https:\/\/estado29.mx\/wp-content\/uploads\/2024\/09\/IMG-20240927-WA0001.jpg\" class=\"attachment-post-thumbnail size-post-thumbnail wp-post-image\" alt=\"\" style=\"object-fit:cover;\" srcset=\"https:\/\/estado29.mx\/wp-content\/uploads\/2024\/09\/IMG-20240927-WA0001.jpg 702w, https:\/\/estado29.mx\/wp-content\/uploads\/2024\/09\/IMG-20240927-WA0001-132x300.jpg 132w, https:\/\/estado29.mx\/wp-content\/uploads\/2024\/09\/IMG-20240927-WA0001-449x1024.jpg 449w, https:\/\/estado29.mx\/wp-content\/uploads\/2024\/09\/IMG-20240927-WA0001-674x1536.jpg 674w\" sizes=\"auto, (max-width: 702px) 100vw, 702px\" \/><\/figure>\n\n\n<p><\/p>\n","protected":false},"excerpt":{"rendered":"<p>La ma\u00f1ana de este viernes 27 de septiembre del a\u00f1o en cursos, se registr\u00f3 un choque por alcance en el municipio de Huamantla. De acuerdo con la informaci\u00f3n proporcionada por el Secretario de la Brigada de Auxilio y Salvamento (BRIASA) Delegaci\u00f3n Huamantla, Gerardo Espinoza Jim\u00e9nez, en este percance, participaron dos unidades de carga pesada (un [&hellip;]<\/p>\n","protected":false},"author":7,"featured_media":90213,"comment_status":"open","ping_status":"open","sticky":false,"template":"","format":"standard","meta":{"om_disable_all_campaigns":false,"_monsterinsights_skip_tracking":false,"_monsterinsights_sitenote_active":false,"_monsterinsights_sitenote_note":"","_monsterinsights_sitenote_category":0,"jnews-multi-image_gallery":[],"jnews_single_post":{"subtitle":"","format":"standard","video":"","gallery":"","source_name":"","source_url":"","via_name":"","via_url":"","override_template":"0","override":[{"template":"1","single_blog_custom":"","parallax":"1","fullscreen":"1","layout":"right-sidebar","sidebar":"default-sidebar","second_sidebar":"default-sidebar","sticky_sidebar":"1","share_position":"top","share_float_style":"share-monocrhome","show_share_counter":"1","show_view_counter":"1","show_featured":"1","show_post_meta":"1","show_post_author":"1","show_post_author_image":"1","show_post_date":"1","post_date_format":"default","post_date_format_custom":"Y\/m\/d","show_post_category":"1","show_post_reading_time":"0","post_reading_time_wpm":"300","show_zoom_button":"0","zoom_button_out_step":"2","zoom_button_in_step":"3","show_post_tag":"1","show_prev_next_post":"1","show_popup_post":"1","number_popup_post":"1","show_author_box":"1","show_post_related":"0","show_inline_post_related":"0"}],"override_image_size":"0","image_override":[{"single_post_thumbnail_size":"crop-500","single_post_gallery_size":"crop-500"}],"trending_post":"0","trending_post_position":"meta","trending_post_label":"Trending","sponsored_post":"0","sponsored_post_label":"Sponsored by","sponsored_post_name":"","sponsored_post_url":"","sponsored_post_logo_enable":"0","sponsored_post_logo":"","sponsored_post_desc":"","disable_ad":"0"},"jnews_primary_category":{"id":""},"footnotes":""},"categories":[1],"tags":[],"class_list":["post-90212","post","type-post","status-publish","format-standard","has-post-thumbnail","hentry","category-uncategorized"],"aioseo_notices":[],"_links":{"self":[{"href":"https:\/\/estado29.mx\/index.php?rest_route=\/wp\/v2\/posts\/90212","targetHints":{"allow":["GET"]}}],"collection":[{"href":"https:\/\/estado29.mx\/index.php?rest_route=\/wp\/v2\/posts"}],"about":[{"href":"https:\/\/estado29.mx\/index.php?rest_route=\/wp\/v2\/types\/post"}],"author":[{"embeddable":true,"href":"https:\/\/estado29.mx\/index.php?rest_route=\/wp\/v2\/users\/7"}],"replies":[{"embeddable":true,"href":"https:\/\/estado29.mx\/index.php?rest_route=%2Fwp%2Fv2%2Fcomments&post=90212"}],"version-history":[{"count":5,"href":"https:\/\/estado29.mx\/index.php?rest_route=\/wp\/v2\/posts\/90212\/revisions"}],"predecessor-version":[{"id":90230,"href":"https:\/\/estado29.mx\/index.php?rest_route=\/wp\/v2\/posts\/90212\/revisions\/90230"}],"wp:featuredmedia":[{"embeddable":true,"href":"https:\/\/estado29.mx\/index.php?rest_route=\/wp\/v2\/media\/90213"}],"wp:attachment":[{"href":"https:\/\/estado29.mx\/index.php?rest_route=%2Fwp%2Fv2%2Fmedia&parent=90212"}],"wp:term":[{"taxonomy":"category","embeddable":true,"href":"https:\/\/estado29.mx\/index.php?rest_route=%2Fwp%2Fv2%2Fcategories&post=90212"},{"taxonomy":"post_tag","embeddable":true,"href":"https:\/\/estado29.mx\/index.php?rest_route=%2Fwp%2Fv2%2Ftags&post=90212"}],"curies":[{"name":"wp","href":"https:\/\/api.w.org\/{rel}","templated":true}]}}