{"id":90219,"date":"2024-09-27T18:13:51","date_gmt":"2024-09-27T18:13:51","guid":{"rendered":"https:\/\/estado29.mx\/?p=90219"},"modified":"2024-09-27T18:13:52","modified_gmt":"2024-09-27T18:13:52","slug":"participara-huamantla-en-encuentro-de-pianos","status":"publish","type":"post","link":"https:\/\/estado29.mx\/?p=90219","title":{"rendered":"Participar\u00e1 Huamantla en Encuentro de Pianos."},"content":{"rendered":"\n<p>La Secretar\u00eda de Cultura Tlaxcala a trav\u00e9s de la Direcci\u00f3n de Extensi\u00f3n Cultural, as\u00ed como el Centro Cultural Huamantla invitan al Encuentro de Pianos.<\/p>\n\n\n\n<p><br>Este evento se llevar\u00e1 a cabo el pr\u00f3ximo 30 de septiembre a las cuatro de la tarde, en el Teatro Xicoht\u00e9ncatl, en la capital de la entidad tlaxcalteca.<\/p>\n\n\n\n<p><br>En este evento participar\u00e1n los Centros culturales de Chiautempan, Contla, Huamantla, Ixtenco, Papalotla, Tlaxco y Zacatelco.<\/p>\n\n\n\n<p><br>Asimismo, representando al Centro Cultural Huamantla, participar\u00e1n los alumnos: Frida Fern\u00e1ndez Guti\u00e9rrez, Cristian Aquino Robles y Celia Huerta Hern\u00e1ndez.<\/p>\n\n\n<figure class=\"wp-block-post-featured-image\"><img loading=\"lazy\" decoding=\"async\" width=\"1079\" height=\"1053\" src=\"https:\/\/estado29.mx\/wp-content\/uploads\/2024\/09\/IMG-20240924-WA0016.jpg\" class=\"attachment-post-thumbnail size-post-thumbnail wp-post-image\" alt=\"\" style=\"object-fit:cover;\" srcset=\"https:\/\/estado29.mx\/wp-content\/uploads\/2024\/09\/IMG-20240924-WA0016.jpg 1079w, https:\/\/estado29.mx\/wp-content\/uploads\/2024\/09\/IMG-20240924-WA0016-300x293.jpg 300w, https:\/\/estado29.mx\/wp-content\/uploads\/2024\/09\/IMG-20240924-WA0016-1024x999.jpg 1024w, https:\/\/estado29.mx\/wp-content\/uploads\/2024\/09\/IMG-20240924-WA0016-768x749.jpg 768w, https:\/\/estado29.mx\/wp-content\/uploads\/2024\/09\/IMG-20240924-WA0016-750x732.jpg 750w\" sizes=\"auto, (max-width: 1079px) 100vw, 1079px\" \/><\/figure>","protected":false},"excerpt":{"rendered":"<p>La Secretar\u00eda de Cultura Tlaxcala a trav\u00e9s de la Direcci\u00f3n de Extensi\u00f3n Cultural, as\u00ed como el Centro Cultural Huamantla invitan al Encuentro de Pianos. Este evento se llevar\u00e1 a cabo el pr\u00f3ximo 30 de septiembre a las cuatro de la tarde, en el Teatro Xicoht\u00e9ncatl, en la capital de la entidad tlaxcalteca. En este evento [&hellip;]<\/p>\n","protected":false},"author":7,"featured_media":90220,"comment_status":"open","ping_status":"open","sticky":false,"template":"","format":"standard","meta":{"om_disable_all_campaigns":false,"_monsterinsights_skip_tracking":false,"_monsterinsights_sitenote_active":false,"_monsterinsights_sitenote_note":"","_monsterinsights_sitenote_category":0,"jnews-multi-image_gallery":[],"jnews_single_post":{"subtitle":"","format":"standard","video":"","gallery":"","source_name":"","source_url":"","via_name":"","via_url":"","override_template":"0","override":[{"template":"1","single_blog_custom":"","parallax":"1","fullscreen":"1","layout":"right-sidebar","sidebar":"default-sidebar","second_sidebar":"default-sidebar","sticky_sidebar":"1","share_position":"top","share_float_style":"share-monocrhome","show_share_counter":"1","show_view_counter":"1","show_featured":"1","show_post_meta":"1","show_post_author":"1","show_post_author_image":"1","show_post_date":"1","post_date_format":"default","post_date_format_custom":"Y\/m\/d","show_post_category":"1","show_post_reading_time":"0","post_reading_time_wpm":"300","show_zoom_button":"0","zoom_button_out_step":"2","zoom_button_in_step":"3","show_post_tag":"1","show_prev_next_post":"1","show_popup_post":"1","number_popup_post":"1","show_author_box":"1","show_post_related":"0","show_inline_post_related":"0"}],"override_image_size":"0","image_override":[{"single_post_thumbnail_size":"crop-500","single_post_gallery_size":"crop-500"}],"trending_post":"0","trending_post_position":"meta","trending_post_label":"Trending","sponsored_post":"0","sponsored_post_label":"Sponsored by","sponsored_post_name":"","sponsored_post_url":"","sponsored_post_logo_enable":"0","sponsored_post_logo":"","sponsored_post_desc":"","disable_ad":"0"},"jnews_primary_category":{"id":""},"footnotes":""},"categories":[1],"tags":[],"class_list":["post-90219","post","type-post","status-publish","format-standard","has-post-thumbnail","hentry","category-uncategorized"],"aioseo_notices":[],"_links":{"self":[{"href":"https:\/\/estado29.mx\/index.php?rest_route=\/wp\/v2\/posts\/90219","targetHints":{"allow":["GET"]}}],"collection":[{"href":"https:\/\/estado29.mx\/index.php?rest_route=\/wp\/v2\/posts"}],"about":[{"href":"https:\/\/estado29.mx\/index.php?rest_route=\/wp\/v2\/types\/post"}],"author":[{"embeddable":true,"href":"https:\/\/estado29.mx\/index.php?rest_route=\/wp\/v2\/users\/7"}],"replies":[{"embeddable":true,"href":"https:\/\/estado29.mx\/index.php?rest_route=%2Fwp%2Fv2%2Fcomments&post=90219"}],"version-history":[{"count":1,"href":"https:\/\/estado29.mx\/index.php?rest_route=\/wp\/v2\/posts\/90219\/revisions"}],"predecessor-version":[{"id":90221,"href":"https:\/\/estado29.mx\/index.php?rest_route=\/wp\/v2\/posts\/90219\/revisions\/90221"}],"wp:featuredmedia":[{"embeddable":true,"href":"https:\/\/estado29.mx\/index.php?rest_route=\/wp\/v2\/media\/90220"}],"wp:attachment":[{"href":"https:\/\/estado29.mx\/index.php?rest_route=%2Fwp%2Fv2%2Fmedia&parent=90219"}],"wp:term":[{"taxonomy":"category","embeddable":true,"href":"https:\/\/estado29.mx\/index.php?rest_route=%2Fwp%2Fv2%2Fcategories&post=90219"},{"taxonomy":"post_tag","embeddable":true,"href":"https:\/\/estado29.mx\/index.php?rest_route=%2Fwp%2Fv2%2Ftags&post=90219"}],"curies":[{"name":"wp","href":"https:\/\/api.w.org\/{rel}","templated":true}]}}