{"id":90233,"date":"2024-09-27T19:18:52","date_gmt":"2024-09-27T19:18:52","guid":{"rendered":"https:\/\/estado29.mx\/?p=90233"},"modified":"2024-09-27T19:18:53","modified_gmt":"2024-09-27T19:18:53","slug":"sesionaran-diputados-federales-para-culminar-reformas-que-seran-puestas-en-marcha-en-proxima-administracion","status":"publish","type":"post","link":"https:\/\/estado29.mx\/?p=90233","title":{"rendered":"Sesionar\u00e1n Diputados Federales para culminar reformas que ser\u00e1n puestas en marcha en pr\u00f3xima administraci\u00f3n."},"content":{"rendered":"\n<p>El Diputado Federal por el Distrito 1, Tlaxcala, Jos\u00e9 Alejandro Aguilar L\u00f3pez, a unos d\u00edas de culminar su gesti\u00f3n en la presente administraci\u00f3n en el Congreso Federal, comparti\u00f3 los avances que se tienen el las reformas e iniciativas recientemente propuesta y que se encuentran a\u00fan en proceso de culminar.<\/p>\n\n\n\n<p><br>Es por ellos que el Diputado Federal, coment\u00f3 que el pr\u00f3ximo domingo 29 de septiembre, nuevamente habr\u00e1 sesi\u00f3n para concluir con los puntos que se encuentran en evaluaci\u00f3n y hacer la aprobaci\u00f3n final.<\/p>\n\n\n\n<p><br>Recordar amigo radio escucha que la reformas que se han venido trabajando son: La Reforma al Poder Judicial, la cual tiene como objetivo que los jueces y magistrados sean elegidos por el pueblo, as\u00ed como ha sido con Diputados, Senadores, Gobernadores y Presidentes, en donde la elecci\u00f3n para estas autoridades ser\u00eda el 1 de junio del 2025.<\/p>\n\n\n\n<p><br>De igual forma, la Reforma a la Guardia Nacional, la cual tiene como objetivo, fortalecer las capacidades de institucionales del M\u00e9xico para garantizar la seguridad ciudadana, as\u00ed como el orden p\u00fablico y el estado de derecho, en ella se propone reconocer a la Guardia Nacional, como una fuerza policial permanente, que cuente con el personal capacitado para garantizar la seguridad a la poblaci\u00f3n.<\/p>\n\n\n\n<p><br>Asimismo, La Reforma al Art\u00edculo Segundo de Pueblos y Comunidades Ind\u00edgenas y Afromexicanos, en la cu\u00e1l, se les dar\u00e1 reconocimiento como sujetos de derecho p\u00fablico, el reconocimiento de sus derechos, as\u00ed como sus sistemas normativos y especificidades culturales, respecto a el acceso a la justicia.<\/p>\n\n\n\n<p><br>Sumada a las anteriores, est\u00e1 la iniciativa de mejoramiento a las condiciones laborales, la cual se centra en que los trabajadores mexicanos tengan un salario digno, el cual sea mayor a los \u00edndices de inflaci\u00f3n o el equivalente a dos canastas b\u00e1sicas, as\u00ed como la modificaci\u00f3n a la jornada laboral, que ser\u00eda de 48 a 40 horas semanales, con el objetivo del fortalecimiento del n\u00facleo familiar.<\/p>\n\n\n\n<p><br>En cuanto a la iniciativa del Programa de J\u00f3venes Construyendo el Futuro, se ha realizado una modificaci\u00f3n anexando un segundo p\u00e1rrafo al Art\u00edculo 123, con la finalidad de que nuestro pa\u00eds cuente con una fuerza laboral mejor capacitada, garantizando mejores oportunidades de trabajo para las y lo j\u00f3venes.<\/p>\n\n\n<figure class=\"wp-block-post-featured-image\"><img loading=\"lazy\" decoding=\"async\" width=\"2560\" height=\"1920\" src=\"https:\/\/estado29.mx\/wp-content\/uploads\/2024\/09\/IMG_20240927_120043_1CS-min-scaled.jpg\" class=\"attachment-post-thumbnail size-post-thumbnail wp-post-image\" alt=\"\" style=\"object-fit:cover;\" srcset=\"https:\/\/estado29.mx\/wp-content\/uploads\/2024\/09\/IMG_20240927_120043_1CS-min-scaled.jpg 2560w, https:\/\/estado29.mx\/wp-content\/uploads\/2024\/09\/IMG_20240927_120043_1CS-min-300x225.jpg 300w, https:\/\/estado29.mx\/wp-content\/uploads\/2024\/09\/IMG_20240927_120043_1CS-min-1024x768.jpg 1024w, https:\/\/estado29.mx\/wp-content\/uploads\/2024\/09\/IMG_20240927_120043_1CS-min-768x576.jpg 768w, https:\/\/estado29.mx\/wp-content\/uploads\/2024\/09\/IMG_20240927_120043_1CS-min-1536x1152.jpg 1536w, https:\/\/estado29.mx\/wp-content\/uploads\/2024\/09\/IMG_20240927_120043_1CS-min-2048x1536.jpg 2048w, https:\/\/estado29.mx\/wp-content\/uploads\/2024\/09\/IMG_20240927_120043_1CS-min-750x563.jpg 750w, https:\/\/estado29.mx\/wp-content\/uploads\/2024\/09\/IMG_20240927_120043_1CS-min-1140x855.jpg 1140w\" sizes=\"auto, (max-width: 2560px) 100vw, 2560px\" \/><\/figure>","protected":false},"excerpt":{"rendered":"<p>El Diputado Federal por el Distrito 1, Tlaxcala, Jos\u00e9 Alejandro Aguilar L\u00f3pez, a unos d\u00edas de culminar su gesti\u00f3n en la presente administraci\u00f3n en el Congreso Federal, comparti\u00f3 los avances que se tienen el las reformas e iniciativas recientemente propuesta y que se encuentran a\u00fan en proceso de culminar. Es por ellos que el Diputado [&hellip;]<\/p>\n","protected":false},"author":7,"featured_media":90234,"comment_status":"open","ping_status":"open","sticky":false,"template":"","format":"standard","meta":{"om_disable_all_campaigns":false,"_monsterinsights_skip_tracking":false,"_monsterinsights_sitenote_active":false,"_monsterinsights_sitenote_note":"","_monsterinsights_sitenote_category":0,"jnews-multi-image_gallery":[],"jnews_single_post":{"subtitle":"","format":"standard","video":"","gallery":"","source_name":"","source_url":"","via_name":"","via_url":"","override_template":"0","override":[{"template":"1","single_blog_custom":"","parallax":"1","fullscreen":"1","layout":"right-sidebar","sidebar":"default-sidebar","second_sidebar":"default-sidebar","sticky_sidebar":"1","share_position":"top","share_float_style":"share-monocrhome","show_share_counter":"1","show_view_counter":"1","show_featured":"1","show_post_meta":"1","show_post_author":"1","show_post_author_image":"1","show_post_date":"1","post_date_format":"default","post_date_format_custom":"Y\/m\/d","show_post_category":"1","show_post_reading_time":"0","post_reading_time_wpm":"300","show_zoom_button":"0","zoom_button_out_step":"2","zoom_button_in_step":"3","show_post_tag":"1","show_prev_next_post":"1","show_popup_post":"1","number_popup_post":"1","show_author_box":"1","show_post_related":"0","show_inline_post_related":"0"}],"override_image_size":"0","image_override":[{"single_post_thumbnail_size":"crop-500","single_post_gallery_size":"crop-500"}],"trending_post":"0","trending_post_position":"meta","trending_post_label":"Trending","sponsored_post":"0","sponsored_post_label":"Sponsored by","sponsored_post_name":"","sponsored_post_url":"","sponsored_post_logo_enable":"0","sponsored_post_logo":"","sponsored_post_desc":"","disable_ad":"0"},"jnews_primary_category":{"id":""},"footnotes":""},"categories":[1],"tags":[],"class_list":["post-90233","post","type-post","status-publish","format-standard","has-post-thumbnail","hentry","category-uncategorized"],"aioseo_notices":[],"_links":{"self":[{"href":"https:\/\/estado29.mx\/index.php?rest_route=\/wp\/v2\/posts\/90233","targetHints":{"allow":["GET"]}}],"collection":[{"href":"https:\/\/estado29.mx\/index.php?rest_route=\/wp\/v2\/posts"}],"about":[{"href":"https:\/\/estado29.mx\/index.php?rest_route=\/wp\/v2\/types\/post"}],"author":[{"embeddable":true,"href":"https:\/\/estado29.mx\/index.php?rest_route=\/wp\/v2\/users\/7"}],"replies":[{"embeddable":true,"href":"https:\/\/estado29.mx\/index.php?rest_route=%2Fwp%2Fv2%2Fcomments&post=90233"}],"version-history":[{"count":1,"href":"https:\/\/estado29.mx\/index.php?rest_route=\/wp\/v2\/posts\/90233\/revisions"}],"predecessor-version":[{"id":90235,"href":"https:\/\/estado29.mx\/index.php?rest_route=\/wp\/v2\/posts\/90233\/revisions\/90235"}],"wp:featuredmedia":[{"embeddable":true,"href":"https:\/\/estado29.mx\/index.php?rest_route=\/wp\/v2\/media\/90234"}],"wp:attachment":[{"href":"https:\/\/estado29.mx\/index.php?rest_route=%2Fwp%2Fv2%2Fmedia&parent=90233"}],"wp:term":[{"taxonomy":"category","embeddable":true,"href":"https:\/\/estado29.mx\/index.php?rest_route=%2Fwp%2Fv2%2Fcategories&post=90233"},{"taxonomy":"post_tag","embeddable":true,"href":"https:\/\/estado29.mx\/index.php?rest_route=%2Fwp%2Fv2%2Ftags&post=90233"}],"curies":[{"name":"wp","href":"https:\/\/api.w.org\/{rel}","templated":true}]}}