{"id":90246,"date":"2024-10-04T05:28:24","date_gmt":"2024-10-04T05:28:24","guid":{"rendered":"https:\/\/estado29.mx\/?p=90246"},"modified":"2024-10-04T05:28:25","modified_gmt":"2024-10-04T05:28:25","slug":"realiza-ayuntamiento-de-tlaxcala-entrega-de-la-presea-2024-a-beatriz-paredes-rangel","status":"publish","type":"post","link":"https:\/\/estado29.mx\/?p=90246","title":{"rendered":"Realiza Ayuntamiento de Tlaxcala Entrega de la Presea 2024 a Beatriz Paredes Rangel."},"content":{"rendered":"\n<p>Este jueves tres de octubre del a\u00f1o en curso, como parte de la celebraci\u00f3n de los 499 a\u00f1os de la fundaci\u00f3n de Tlaxcala, se llev\u00f3 a cabo la entrega de la Presea Tlaxcala 2024, a Beatriz Elena Paredes Rangel, quien ha sido \u00edcono del estado en temas pol\u00edticos y sociales.<\/p>\n\n\n\n<p><br>El evento tuvo lugar en las instalaciones de Teatro Xicot\u00e9ncatl, de la capital del Estado, Mariano Gonz\u00e1lez Garc\u00eda, presidente municipal en su mensaje reconoci\u00f3 la destacada labor que Paredes Rangel ha desempe\u00f1ado.<\/p>\n\n\n\n<figure class=\"wp-block-image size-large\"><img loading=\"lazy\" decoding=\"async\" width=\"1024\" height=\"768\" src=\"https:\/\/estado29.mx\/wp-content\/uploads\/2024\/10\/IMG_20241003_191858-min-1024x768.jpg\" alt=\"\" class=\"wp-image-90248\" srcset=\"https:\/\/estado29.mx\/wp-content\/uploads\/2024\/10\/IMG_20241003_191858-min-1024x768.jpg 1024w, https:\/\/estado29.mx\/wp-content\/uploads\/2024\/10\/IMG_20241003_191858-min-300x225.jpg 300w, https:\/\/estado29.mx\/wp-content\/uploads\/2024\/10\/IMG_20241003_191858-min-768x576.jpg 768w, https:\/\/estado29.mx\/wp-content\/uploads\/2024\/10\/IMG_20241003_191858-min-1536x1152.jpg 1536w, https:\/\/estado29.mx\/wp-content\/uploads\/2024\/10\/IMG_20241003_191858-min-2048x1536.jpg 2048w, https:\/\/estado29.mx\/wp-content\/uploads\/2024\/10\/IMG_20241003_191858-min-750x563.jpg 750w, https:\/\/estado29.mx\/wp-content\/uploads\/2024\/10\/IMG_20241003_191858-min-1140x855.jpg 1140w\" sizes=\"auto, (max-width: 1024px) 100vw, 1024px\" \/><\/figure>\n\n\n\n<p>Por su parte Beatriz Elena Paredes Rangel agradeci\u00f3 este reconocimiento e invit\u00f3 a seguir trabajando por Tlaxcala.<\/p>\n\n\n\n<p>Asimismo la Gobernadora de Tlaxcala, Lorena Cuellar Cisneros, manifest\u00f3 el orgullo que representa para ella los alcances realizados por Beatriz Paredes en la Historia de Tlaxcala.<\/p>\n\n\n<figure class=\"wp-block-post-featured-image\"><img loading=\"lazy\" decoding=\"async\" width=\"2560\" height=\"1920\" src=\"https:\/\/estado29.mx\/wp-content\/uploads\/2024\/10\/IMG_20241003_185851-min-scaled.jpg\" class=\"attachment-post-thumbnail size-post-thumbnail wp-post-image\" alt=\"\" style=\"object-fit:cover;\" srcset=\"https:\/\/estado29.mx\/wp-content\/uploads\/2024\/10\/IMG_20241003_185851-min-scaled.jpg 2560w, https:\/\/estado29.mx\/wp-content\/uploads\/2024\/10\/IMG_20241003_185851-min-300x225.jpg 300w, https:\/\/estado29.mx\/wp-content\/uploads\/2024\/10\/IMG_20241003_185851-min-1024x768.jpg 1024w, https:\/\/estado29.mx\/wp-content\/uploads\/2024\/10\/IMG_20241003_185851-min-768x576.jpg 768w, https:\/\/estado29.mx\/wp-content\/uploads\/2024\/10\/IMG_20241003_185851-min-1536x1152.jpg 1536w, https:\/\/estado29.mx\/wp-content\/uploads\/2024\/10\/IMG_20241003_185851-min-2048x1536.jpg 2048w, https:\/\/estado29.mx\/wp-content\/uploads\/2024\/10\/IMG_20241003_185851-min-750x563.jpg 750w, https:\/\/estado29.mx\/wp-content\/uploads\/2024\/10\/IMG_20241003_185851-min-1140x855.jpg 1140w\" sizes=\"auto, (max-width: 2560px) 100vw, 2560px\" \/><\/figure>","protected":false},"excerpt":{"rendered":"<p>Este jueves tres de octubre del a\u00f1o en curso, como parte de la celebraci\u00f3n de los 499 a\u00f1os de la fundaci\u00f3n de Tlaxcala, se llev\u00f3 a cabo la entrega de la Presea Tlaxcala 2024, a Beatriz Elena Paredes Rangel, quien ha sido \u00edcono del estado en temas pol\u00edticos y sociales. El evento tuvo lugar en [&hellip;]<\/p>\n","protected":false},"author":7,"featured_media":90247,"comment_status":"open","ping_status":"open","sticky":false,"template":"","format":"standard","meta":{"om_disable_all_campaigns":false,"_monsterinsights_skip_tracking":false,"_monsterinsights_sitenote_active":false,"_monsterinsights_sitenote_note":"","_monsterinsights_sitenote_category":0,"jnews-multi-image_gallery":[],"jnews_single_post":{"subtitle":"","format":"standard","video":"","gallery":"","source_name":"","source_url":"","via_name":"","via_url":"","override_template":"0","override":[{"template":"1","single_blog_custom":"","parallax":"1","fullscreen":"1","layout":"right-sidebar","sidebar":"default-sidebar","second_sidebar":"default-sidebar","sticky_sidebar":"1","share_position":"top","share_float_style":"share-monocrhome","show_share_counter":"1","show_view_counter":"1","show_featured":"1","show_post_meta":"1","show_post_author":"1","show_post_author_image":"1","show_post_date":"1","post_date_format":"default","post_date_format_custom":"Y\/m\/d","show_post_category":"1","show_post_reading_time":"0","post_reading_time_wpm":"300","show_zoom_button":"0","zoom_button_out_step":"2","zoom_button_in_step":"3","show_post_tag":"1","show_prev_next_post":"1","show_popup_post":"1","number_popup_post":"1","show_author_box":"1","show_post_related":"0","show_inline_post_related":"0"}],"override_image_size":"0","image_override":[{"single_post_thumbnail_size":"crop-500","single_post_gallery_size":"crop-500"}],"trending_post":"0","trending_post_position":"meta","trending_post_label":"Trending","sponsored_post":"0","sponsored_post_label":"Sponsored by","sponsored_post_name":"","sponsored_post_url":"","sponsored_post_logo_enable":"0","sponsored_post_logo":"","sponsored_post_desc":"","disable_ad":"0"},"jnews_primary_category":{"id":""},"footnotes":""},"categories":[1],"tags":[],"class_list":["post-90246","post","type-post","status-publish","format-standard","has-post-thumbnail","hentry","category-uncategorized"],"aioseo_notices":[],"_links":{"self":[{"href":"https:\/\/estado29.mx\/index.php?rest_route=\/wp\/v2\/posts\/90246","targetHints":{"allow":["GET"]}}],"collection":[{"href":"https:\/\/estado29.mx\/index.php?rest_route=\/wp\/v2\/posts"}],"about":[{"href":"https:\/\/estado29.mx\/index.php?rest_route=\/wp\/v2\/types\/post"}],"author":[{"embeddable":true,"href":"https:\/\/estado29.mx\/index.php?rest_route=\/wp\/v2\/users\/7"}],"replies":[{"embeddable":true,"href":"https:\/\/estado29.mx\/index.php?rest_route=%2Fwp%2Fv2%2Fcomments&post=90246"}],"version-history":[{"count":1,"href":"https:\/\/estado29.mx\/index.php?rest_route=\/wp\/v2\/posts\/90246\/revisions"}],"predecessor-version":[{"id":90249,"href":"https:\/\/estado29.mx\/index.php?rest_route=\/wp\/v2\/posts\/90246\/revisions\/90249"}],"wp:featuredmedia":[{"embeddable":true,"href":"https:\/\/estado29.mx\/index.php?rest_route=\/wp\/v2\/media\/90247"}],"wp:attachment":[{"href":"https:\/\/estado29.mx\/index.php?rest_route=%2Fwp%2Fv2%2Fmedia&parent=90246"}],"wp:term":[{"taxonomy":"category","embeddable":true,"href":"https:\/\/estado29.mx\/index.php?rest_route=%2Fwp%2Fv2%2Fcategories&post=90246"},{"taxonomy":"post_tag","embeddable":true,"href":"https:\/\/estado29.mx\/index.php?rest_route=%2Fwp%2Fv2%2Ftags&post=90246"}],"curies":[{"name":"wp","href":"https:\/\/api.w.org\/{rel}","templated":true}]}}