{"id":90258,"date":"2024-10-08T04:35:13","date_gmt":"2024-10-08T04:35:13","guid":{"rendered":"https:\/\/estado29.mx\/?p=90258"},"modified":"2024-10-08T04:35:13","modified_gmt":"2024-10-08T04:35:13","slug":"hermetismo-en-apizaco-para-dar-a-conocer-las-acciones-de-mejora-en-dicha-comuna-este-medio-es-el-num-317-en-la-lista-de-espera-para-entrevista-con-el-alcalde-javier-rivera-bonilla","status":"publish","type":"post","link":"https:\/\/estado29.mx\/?p=90258","title":{"rendered":"Hermetismo en Apizaco para dar a conocer las acciones de mejora en dicha comuna , est\u00e9  medio es el num. 317 en la lista de espera para entrevista  con el alcalde Javier Rivera Bonilla"},"content":{"rendered":"\n<p>Tras los constantes reportes de la ciudadan\u00eda apizaquense sobre las condiciones de mal estado en las que se encuentra el municipio de Apizaco, como el alumbrado p\u00fablico, los baches, la inseguridad, la falta de recolecci\u00f3n de basura y la imagen urbana, entre otros aspectos, En Punto se dio a la tarea de solicitar una entrevista con el alcalde morenista Javier Rivera Bonilla, a poco m\u00e1s de 38 d\u00edas de haber iniciado su administraci\u00f3n p\u00fablica, con el fin de obtener respuestas a dichos reportes.<\/p>\n\n\n\n<p> Sin embargo, esta entrevista no pudo concretarse, ya que en el despacho del edil Rivera Bonilla nos informaron que deb\u00edamos dejar nuestro n\u00famero telef\u00f3nico y que ellos nos llamar\u00edan.<\/p>\n\n\n\n<p>Al preguntar a la recepcionista en qu\u00e9 lugar de la lista de espera se encontraba este medio, se nos inform\u00f3 que \u00e9ramos el turno n\u00famero 317.A pesar de ello, respetando los protocolos, buscamos a la representante del \u00e1rea de comunicaci\u00f3n social, pero no fue localizada.<\/p>\n\n\n\n<p>Es importante mencionar que existe un total hermetismo con respecto al flujo de informaci\u00f3n, ya que los directores no est\u00e1n autorizados para dar detalles a la ciudadan\u00eda sobre los trabajos que se est\u00e1n realizando para mejorar las condiciones de este municipio rielero. Se\u00f1alaron que solo el \u00e1rea de comunicaci\u00f3n social, representada por Ana Karen Hern\u00e1ndez V\u00e1zquez, est\u00e1 autorizada para brindar informaci\u00f3n.<\/p>\n\n\n\n<p>Es importante mencionar que este medio de comunicaci\u00f3n lamentamos y pedimos disculpas por no poder informar con prontitud, veracidad y respeto que merece nuestra audiencia, sobre lo que est\u00e1 sucediendo en esta ciudad rielera, que en el pasado fue catalogada como Ciudad Modelo.<\/p>\n\n\n\n<p>No obstante, y como parte de la responsabilidad que este medio tiene con su audiencia, continuaremos buscando la informaci\u00f3n de manera oportuna y responsable.Para En Punto, desde Apizaco, Elena Torres.<\/p>\n","protected":false},"excerpt":{"rendered":"<p>Tras los constantes reportes de la ciudadan\u00eda apizaquense sobre las condiciones de mal estado en las que se encuentra el municipio de Apizaco, como el alumbrado p\u00fablico, los baches, la inseguridad, la falta de recolecci\u00f3n de basura y la imagen urbana, entre otros aspectos, En Punto se dio a la tarea de solicitar una entrevista [&hellip;]<\/p>\n","protected":false},"author":3,"featured_media":90259,"comment_status":"open","ping_status":"open","sticky":false,"template":"","format":"standard","meta":{"om_disable_all_campaigns":false,"_monsterinsights_skip_tracking":false,"_monsterinsights_sitenote_active":false,"_monsterinsights_sitenote_note":"","_monsterinsights_sitenote_category":0,"jnews-multi-image_gallery":[],"jnews_single_post":{"subtitle":"","format":"standard","video":"","gallery":"","source_name":"","source_url":"","via_name":"","via_url":"","override_template":"0","override":[{"template":"1","single_blog_custom":"","parallax":"1","fullscreen":"1","layout":"right-sidebar","sidebar":"default-sidebar","second_sidebar":"default-sidebar","sticky_sidebar":"1","share_position":"top","share_float_style":"share-monocrhome","show_share_counter":"1","show_view_counter":"1","show_featured":"1","show_post_meta":"1","show_post_author":"1","show_post_author_image":"1","show_post_date":"1","post_date_format":"default","post_date_format_custom":"Y\/m\/d","show_post_category":"1","show_post_reading_time":"0","post_reading_time_wpm":"300","show_zoom_button":"0","zoom_button_out_step":"2","zoom_button_in_step":"3","show_post_tag":"1","show_prev_next_post":"1","show_popup_post":"1","number_popup_post":"1","show_author_box":"1","show_post_related":"0","show_inline_post_related":"0"}],"override_image_size":"0","image_override":[{"single_post_thumbnail_size":"crop-500","single_post_gallery_size":"crop-500"}],"trending_post":"0","trending_post_position":"meta","trending_post_label":"Trending","sponsored_post":"0","sponsored_post_label":"Sponsored by","sponsored_post_name":"","sponsored_post_url":"","sponsored_post_logo_enable":"0","sponsored_post_logo":"","sponsored_post_desc":"","disable_ad":"0"},"jnews_primary_category":{"id":""},"footnotes":""},"categories":[65,47],"tags":[482,1366,1365,96],"class_list":["post-90258","post","type-post","status-publish","format-standard","has-post-thumbnail","hentry","category-apizaco","category-municipios","tag-apizaco","tag-javier-rivera","tag-noticias","tag-tlaxcala"],"aioseo_notices":[],"_links":{"self":[{"href":"https:\/\/estado29.mx\/index.php?rest_route=\/wp\/v2\/posts\/90258","targetHints":{"allow":["GET"]}}],"collection":[{"href":"https:\/\/estado29.mx\/index.php?rest_route=\/wp\/v2\/posts"}],"about":[{"href":"https:\/\/estado29.mx\/index.php?rest_route=\/wp\/v2\/types\/post"}],"author":[{"embeddable":true,"href":"https:\/\/estado29.mx\/index.php?rest_route=\/wp\/v2\/users\/3"}],"replies":[{"embeddable":true,"href":"https:\/\/estado29.mx\/index.php?rest_route=%2Fwp%2Fv2%2Fcomments&post=90258"}],"version-history":[{"count":1,"href":"https:\/\/estado29.mx\/index.php?rest_route=\/wp\/v2\/posts\/90258\/revisions"}],"predecessor-version":[{"id":90260,"href":"https:\/\/estado29.mx\/index.php?rest_route=\/wp\/v2\/posts\/90258\/revisions\/90260"}],"wp:featuredmedia":[{"embeddable":true,"href":"https:\/\/estado29.mx\/index.php?rest_route=\/wp\/v2\/media\/90259"}],"wp:attachment":[{"href":"https:\/\/estado29.mx\/index.php?rest_route=%2Fwp%2Fv2%2Fmedia&parent=90258"}],"wp:term":[{"taxonomy":"category","embeddable":true,"href":"https:\/\/estado29.mx\/index.php?rest_route=%2Fwp%2Fv2%2Fcategories&post=90258"},{"taxonomy":"post_tag","embeddable":true,"href":"https:\/\/estado29.mx\/index.php?rest_route=%2Fwp%2Fv2%2Ftags&post=90258"}],"curies":[{"name":"wp","href":"https:\/\/api.w.org\/{rel}","templated":true}]}}