{"id":90266,"date":"2024-10-09T00:55:05","date_gmt":"2024-10-09T00:55:05","guid":{"rendered":"https:\/\/estado29.mx\/?p=90266"},"modified":"2024-10-09T00:55:05","modified_gmt":"2024-10-09T00:55:05","slug":"invita-centro-cultural-de-huamantla-hoy-8-de-octubre-a-su-recital-cafe-literario-educacion-de-la-memoria","status":"publish","type":"post","link":"https:\/\/estado29.mx\/?p=90266","title":{"rendered":"Invita Centro Cultural de Huamantla hoy 8 de octubre a su recital \u201cCaf\u00e9 Literario, Educaci\u00f3n de la Memoria\u201d"},"content":{"rendered":"\n<p>Este martes ocho de octubre del a\u00f1o en curso se llevar\u00e1 a cabo, en el municipio de Huamantla el recital \u201cCaf\u00e9 Literario, Educaci\u00f3n de la Memoria\u201d el evento tendr\u00e1 lugar en las instalaciones del Centro Cultural Huamantla, a las seis treinta de la tarde.<\/p>\n\n\n\n<p>Jorge M\u00e9ndez, quien har\u00e1 la presentaci\u00f3n de diversos poemas de los tres libros que ha escrito hasta la actualidad.<\/p>\n\n\n\n<p>Asimismo, agradeci\u00f3 el apoyo de la Secretaria de Cultura del Estado, as\u00ed como del Centro Cultural Huamantla por permitirle compartir con los pobladores los poemas que posee.<\/p>\n\n\n\n<p>Jorge M\u00e9ndez, destac\u00f3 que esta actividad permitir\u00e1 a los asistentes, celebrar a la vida, as\u00ed como a la poes\u00eda, por lo que reiter\u00f3 la invitaci\u00f3n a la ciudadan\u00eda en general, en el horario y lugar establecidos y sean part\u00edcipes de este evento.<\/p>\n","protected":false},"excerpt":{"rendered":"<p>Este martes ocho de octubre del a\u00f1o en curso se llevar\u00e1 a cabo, en el municipio de Huamantla el recital \u201cCaf\u00e9 Literario, Educaci\u00f3n de la Memoria\u201d el evento tendr\u00e1 lugar en las instalaciones del Centro Cultural Huamantla, a las seis treinta de la tarde. Jorge M\u00e9ndez, quien har\u00e1 la presentaci\u00f3n de diversos poemas de los [&hellip;]<\/p>\n","protected":false},"author":3,"featured_media":90267,"comment_status":"open","ping_status":"open","sticky":false,"template":"","format":"standard","meta":{"om_disable_all_campaigns":false,"_monsterinsights_skip_tracking":false,"_monsterinsights_sitenote_active":false,"_monsterinsights_sitenote_note":"","_monsterinsights_sitenote_category":0,"jnews-multi-image_gallery":[],"jnews_single_post":{"subtitle":"","format":"standard","video":"","gallery":"","source_name":"","source_url":"","via_name":"","via_url":"","override_template":"0","override":[{"template":"1","single_blog_custom":"","parallax":"1","fullscreen":"1","layout":"right-sidebar","sidebar":"default-sidebar","second_sidebar":"default-sidebar","sticky_sidebar":"1","share_position":"top","share_float_style":"share-monocrhome","show_share_counter":"1","show_view_counter":"1","show_featured":"1","show_post_meta":"1","show_post_author":"1","show_post_author_image":"1","show_post_date":"1","post_date_format":"default","post_date_format_custom":"Y\/m\/d","show_post_category":"1","show_post_reading_time":"0","post_reading_time_wpm":"300","show_zoom_button":"0","zoom_button_out_step":"2","zoom_button_in_step":"3","show_post_tag":"1","show_prev_next_post":"1","show_popup_post":"1","number_popup_post":"1","show_author_box":"1","show_post_related":"0","show_inline_post_related":"0"}],"override_image_size":"0","image_override":[{"single_post_thumbnail_size":"crop-500","single_post_gallery_size":"crop-500"}],"trending_post":"0","trending_post_position":"meta","trending_post_label":"Trending","sponsored_post":"0","sponsored_post_label":"Sponsored by","sponsored_post_name":"","sponsored_post_url":"","sponsored_post_logo_enable":"0","sponsored_post_logo":"","sponsored_post_desc":"","disable_ad":"0"},"jnews_primary_category":{"id":""},"footnotes":""},"categories":[82,66,47],"tags":[185,99,973,1367,96,570],"class_list":["post-90266","post","type-post","status-publish","format-standard","has-post-thumbnail","hentry","category-cultura","category-huamantla","category-municipios","tag-cultura","tag-huamantla","tag-museo","tag-pueblo-magico","tag-tlaxcala","tag-turismo"],"aioseo_notices":[],"_links":{"self":[{"href":"https:\/\/estado29.mx\/index.php?rest_route=\/wp\/v2\/posts\/90266","targetHints":{"allow":["GET"]}}],"collection":[{"href":"https:\/\/estado29.mx\/index.php?rest_route=\/wp\/v2\/posts"}],"about":[{"href":"https:\/\/estado29.mx\/index.php?rest_route=\/wp\/v2\/types\/post"}],"author":[{"embeddable":true,"href":"https:\/\/estado29.mx\/index.php?rest_route=\/wp\/v2\/users\/3"}],"replies":[{"embeddable":true,"href":"https:\/\/estado29.mx\/index.php?rest_route=%2Fwp%2Fv2%2Fcomments&post=90266"}],"version-history":[{"count":1,"href":"https:\/\/estado29.mx\/index.php?rest_route=\/wp\/v2\/posts\/90266\/revisions"}],"predecessor-version":[{"id":90268,"href":"https:\/\/estado29.mx\/index.php?rest_route=\/wp\/v2\/posts\/90266\/revisions\/90268"}],"wp:featuredmedia":[{"embeddable":true,"href":"https:\/\/estado29.mx\/index.php?rest_route=\/wp\/v2\/media\/90267"}],"wp:attachment":[{"href":"https:\/\/estado29.mx\/index.php?rest_route=%2Fwp%2Fv2%2Fmedia&parent=90266"}],"wp:term":[{"taxonomy":"category","embeddable":true,"href":"https:\/\/estado29.mx\/index.php?rest_route=%2Fwp%2Fv2%2Fcategories&post=90266"},{"taxonomy":"post_tag","embeddable":true,"href":"https:\/\/estado29.mx\/index.php?rest_route=%2Fwp%2Fv2%2Ftags&post=90266"}],"curies":[{"name":"wp","href":"https:\/\/api.w.org\/{rel}","templated":true}]}}