{"id":90305,"date":"2024-10-14T18:40:07","date_gmt":"2024-10-14T18:40:07","guid":{"rendered":"https:\/\/estado29.mx\/?p=90305"},"modified":"2024-10-14T18:40:08","modified_gmt":"2024-10-14T18:40:08","slug":"primer-encuentro-de-personas-agroindustriales-en-tlaxcala-importantes-anuncios-para-el-campo","status":"publish","type":"post","link":"https:\/\/estado29.mx\/?p=90305","title":{"rendered":"Primer Encuentro de Personas Agroindustriales en Tlaxcala: Importantes Anuncios para el Campo"},"content":{"rendered":"\n<p>Elena Torres<\/p>\n\n\n\n<p>En  el municipio de Apizaco se llev\u00f3 a cabo el Primer Encuentro de Personas Agroindustriales del Estado de Tlaxcala. <\/p>\n\n\n\n<p>Durante el evento, la gobernadora del estado Lorena Cuellar Cisneros realiz\u00f3 importantes anuncios enfocados en el desarrollo del campo tlaxcalteca.<\/p>\n\n\n\n<p>Uno de ellos  fue la inversi\u00f3n de 425 millones de pesos, que ser\u00e1n destinados a la capacitaci\u00f3n de productores de todas las ramas de la agroindustria. <\/p>\n\n\n\n<figure class=\"wp-block-image size-full\"><img loading=\"lazy\" decoding=\"async\" width=\"720\" height=\"407\" src=\"https:\/\/estado29.mx\/wp-content\/uploads\/2024\/10\/IMG-20241011-WA0009.jpg\" alt=\"\" class=\"wp-image-90306\" srcset=\"https:\/\/estado29.mx\/wp-content\/uploads\/2024\/10\/IMG-20241011-WA0009.jpg 720w, https:\/\/estado29.mx\/wp-content\/uploads\/2024\/10\/IMG-20241011-WA0009-300x170.jpg 300w\" sizes=\"auto, (max-width: 720px) 100vw, 720px\" \/><\/figure>\n\n\n\n<p>Este esfuerzo busca fortalecer las capacidades t\u00e9cnicas y productivas de los trabajadores del campo, con el objetivo de impulsar la competitividad y sostenibilidad del sector agroindustrial en la regi\u00f3n.<\/p>\n\n\n\n<p>Adem\u00e1s, la gobernadora inform\u00f3 sobre la creaci\u00f3n de la primera Central de Abastos en el estado, que estar\u00e1 ubicada en el municipio de Huamantla, central que  permitir\u00e1 mejorar la distribuci\u00f3n y comercializaci\u00f3n de los productos agroindustriales locales, beneficiando tanto a productores como a consumidores.<\/p>\n\n\n\n<p>Finalmente, al referirse a esta inversi\u00f3n hist\u00f3rica, Cu\u00e9llar Cisneros, expres\u00f3 su satisfacci\u00f3n por los avances y logros obtenidos por los productores del campo tlaxcaltecas, reafirmando su compromiso con el desarrollo del sector. <\/p>\n\n\n\n<p>Este encuentro marca un paso significativo en el fortalecimiento del sector agroindustrial en Tlaxcala, destacando el compromiso del gobierno estatal con el crecimiento y bienestar de los productores del campo tlaxcalteca.<\/p>\n","protected":false},"excerpt":{"rendered":"<p>Elena Torres En el municipio de Apizaco se llev\u00f3 a cabo el Primer Encuentro de Personas Agroindustriales del Estado de Tlaxcala. Durante el evento, la gobernadora del estado Lorena Cuellar Cisneros realiz\u00f3 importantes anuncios enfocados en el desarrollo del campo tlaxcalteca. Uno de ellos fue la inversi\u00f3n de 425 millones de pesos, que ser\u00e1n destinados [&hellip;]<\/p>\n","protected":false},"author":8,"featured_media":90307,"comment_status":"open","ping_status":"open","sticky":false,"template":"","format":"standard","meta":{"om_disable_all_campaigns":false,"_monsterinsights_skip_tracking":false,"_monsterinsights_sitenote_active":false,"_monsterinsights_sitenote_note":"","_monsterinsights_sitenote_category":0,"jnews-multi-image_gallery":[],"jnews_single_post":{"subtitle":"","format":"standard","video":"","gallery":"","source_name":"","source_url":"","via_name":"","via_url":"","override_template":"0","override":[{"template":"1","single_blog_custom":"","parallax":"1","fullscreen":"1","layout":"right-sidebar","sidebar":"default-sidebar","second_sidebar":"default-sidebar","sticky_sidebar":"1","share_position":"top","share_float_style":"share-monocrhome","show_share_counter":"1","show_view_counter":"1","show_featured":"1","show_post_meta":"1","show_post_author":"1","show_post_author_image":"1","show_post_date":"1","post_date_format":"default","post_date_format_custom":"Y\/m\/d","show_post_category":"1","show_post_reading_time":"0","post_reading_time_wpm":"300","show_zoom_button":"0","zoom_button_out_step":"2","zoom_button_in_step":"3","show_post_tag":"1","show_prev_next_post":"1","show_popup_post":"1","number_popup_post":"1","show_author_box":"1","show_post_related":"0","show_inline_post_related":"0"}],"override_image_size":"0","image_override":[{"single_post_thumbnail_size":"crop-500","single_post_gallery_size":"crop-500"}],"trending_post":"0","trending_post_position":"meta","trending_post_label":"Trending","sponsored_post":"0","sponsored_post_label":"Sponsored by","sponsored_post_name":"","sponsored_post_url":"","sponsored_post_logo_enable":"0","sponsored_post_logo":"","sponsored_post_desc":"","disable_ad":"0"},"jnews_primary_category":{"id":""},"footnotes":""},"categories":[43,52],"tags":[210,317,150,451,96],"class_list":["post-90305","post","type-post","status-publish","format-standard","has-post-thumbnail","hentry","category-estado","category-gobierno-de-tlaxcala","tag-campo","tag-gobernadora","tag-gobierno-del-estado","tag-lorena-cuellar","tag-tlaxcala"],"aioseo_notices":[],"_links":{"self":[{"href":"https:\/\/estado29.mx\/index.php?rest_route=\/wp\/v2\/posts\/90305","targetHints":{"allow":["GET"]}}],"collection":[{"href":"https:\/\/estado29.mx\/index.php?rest_route=\/wp\/v2\/posts"}],"about":[{"href":"https:\/\/estado29.mx\/index.php?rest_route=\/wp\/v2\/types\/post"}],"author":[{"embeddable":true,"href":"https:\/\/estado29.mx\/index.php?rest_route=\/wp\/v2\/users\/8"}],"replies":[{"embeddable":true,"href":"https:\/\/estado29.mx\/index.php?rest_route=%2Fwp%2Fv2%2Fcomments&post=90305"}],"version-history":[{"count":1,"href":"https:\/\/estado29.mx\/index.php?rest_route=\/wp\/v2\/posts\/90305\/revisions"}],"predecessor-version":[{"id":90308,"href":"https:\/\/estado29.mx\/index.php?rest_route=\/wp\/v2\/posts\/90305\/revisions\/90308"}],"wp:featuredmedia":[{"embeddable":true,"href":"https:\/\/estado29.mx\/index.php?rest_route=\/wp\/v2\/media\/90307"}],"wp:attachment":[{"href":"https:\/\/estado29.mx\/index.php?rest_route=%2Fwp%2Fv2%2Fmedia&parent=90305"}],"wp:term":[{"taxonomy":"category","embeddable":true,"href":"https:\/\/estado29.mx\/index.php?rest_route=%2Fwp%2Fv2%2Fcategories&post=90305"},{"taxonomy":"post_tag","embeddable":true,"href":"https:\/\/estado29.mx\/index.php?rest_route=%2Fwp%2Fv2%2Ftags&post=90305"}],"curies":[{"name":"wp","href":"https:\/\/api.w.org\/{rel}","templated":true}]}}