{"id":90326,"date":"2024-10-14T23:02:22","date_gmt":"2024-10-14T23:02:22","guid":{"rendered":"https:\/\/estado29.mx\/?p=90326"},"modified":"2024-10-14T23:02:23","modified_gmt":"2024-10-14T23:02:23","slug":"participara-este-lunes-14-de-octubre-grupo-de-ensamble-sonidos-de-la-matlalcueyetl-por-490-aniversario-de-parroquia-san-luis-obispo-de-toulouse-francia","status":"publish","type":"post","link":"https:\/\/estado29.mx\/?p=90326","title":{"rendered":"Participar\u00e1 este lunes 14 de Octubre grupo de \u201cEnsamble Sonidos de la Matlalcu\u00e9yetl\u201d por 490 Aniversario de Parroquia San Luis Obispo de Toulouse, Francia"},"content":{"rendered":"\n<p><\/p>\n\n\n\n<p>El Centro Cultural Huamantla, Dirigido por Manuel de la Vega Moreno y Coordinado por Mar\u00eda Elena D\u00edaz, invita hoy lunes 14 de octubre, a la participaci\u00f3n del Grupo Infantil de \u201cEnsamble Sonidos de la Matlalcueyetl\u201d, M\u00fasica Tradicional.<\/p>\n\n\n\n<p>El evento se llevar\u00e1 a cabo, en la Explanada de la Parroquia de San Luis Obispo, a las cinco de la tarde, dentro del contexto del Novenario de las Festividades por el 490 Aniversario de la Parroquia de San Luis Obispo de Toulouse, Francia.<\/p>\n\n\n\n<p>Es por ello, que a trav\u00e9s de este espacio informativo, se hace la invitaci\u00f3n a la ciudadan\u00eda, para que acudan y disfruten de ste evento.<\/p>\n\n\n\n\n<figure class=\"wp-block-post-featured-image\"><img loading=\"lazy\" decoding=\"async\" width=\"1080\" height=\"1106\" src=\"https:\/\/estado29.mx\/wp-content\/uploads\/2024\/10\/IMG-20241014-WA0007.jpg\" class=\"attachment-post-thumbnail size-post-thumbnail wp-post-image\" alt=\"\" style=\"object-fit:cover;\" srcset=\"https:\/\/estado29.mx\/wp-content\/uploads\/2024\/10\/IMG-20241014-WA0007.jpg 1080w, https:\/\/estado29.mx\/wp-content\/uploads\/2024\/10\/IMG-20241014-WA0007-293x300.jpg 293w, https:\/\/estado29.mx\/wp-content\/uploads\/2024\/10\/IMG-20241014-WA0007-1000x1024.jpg 1000w, https:\/\/estado29.mx\/wp-content\/uploads\/2024\/10\/IMG-20241014-WA0007-768x786.jpg 768w, https:\/\/estado29.mx\/wp-content\/uploads\/2024\/10\/IMG-20241014-WA0007-750x768.jpg 750w\" sizes=\"auto, (max-width: 1080px) 100vw, 1080px\" \/><\/figure>","protected":false},"excerpt":{"rendered":"<p>El Centro Cultural Huamantla, Dirigido por Manuel de la Vega Moreno y Coordinado por Mar\u00eda Elena D\u00edaz, invita hoy lunes 14 de octubre, a la participaci\u00f3n del Grupo Infantil de \u201cEnsamble Sonidos de la Matlalcueyetl\u201d, M\u00fasica Tradicional. El evento se llevar\u00e1 a cabo, en la Explanada de la Parroquia de San Luis Obispo, a las [&hellip;]<\/p>\n","protected":false},"author":7,"featured_media":90327,"comment_status":"open","ping_status":"open","sticky":false,"template":"","format":"standard","meta":{"om_disable_all_campaigns":false,"_monsterinsights_skip_tracking":false,"_monsterinsights_sitenote_active":false,"_monsterinsights_sitenote_note":"","_monsterinsights_sitenote_category":0,"jnews-multi-image_gallery":[],"jnews_single_post":{"subtitle":"","format":"standard","video":"","gallery":"","source_name":"","source_url":"","via_name":"","via_url":"","override_template":"0","override":[{"template":"1","single_blog_custom":"","parallax":"1","fullscreen":"1","layout":"right-sidebar","sidebar":"default-sidebar","second_sidebar":"default-sidebar","sticky_sidebar":"1","share_position":"top","share_float_style":"share-monocrhome","show_share_counter":"1","show_view_counter":"1","show_featured":"1","show_post_meta":"1","show_post_author":"1","show_post_author_image":"1","show_post_date":"1","post_date_format":"default","post_date_format_custom":"Y\/m\/d","show_post_category":"1","show_post_reading_time":"0","post_reading_time_wpm":"300","show_zoom_button":"0","zoom_button_out_step":"2","zoom_button_in_step":"3","show_post_tag":"1","show_prev_next_post":"1","show_popup_post":"1","number_popup_post":"1","show_author_box":"1","show_post_related":"0","show_inline_post_related":"0"}],"override_image_size":"0","image_override":[{"single_post_thumbnail_size":"crop-500","single_post_gallery_size":"crop-500"}],"trending_post":"0","trending_post_position":"meta","trending_post_label":"Trending","sponsored_post":"0","sponsored_post_label":"Sponsored by","sponsored_post_name":"","sponsored_post_url":"","sponsored_post_logo_enable":"0","sponsored_post_logo":"","sponsored_post_desc":"","disable_ad":"0"},"jnews_primary_category":{"id":""},"footnotes":""},"categories":[1],"tags":[],"class_list":["post-90326","post","type-post","status-publish","format-standard","has-post-thumbnail","hentry","category-uncategorized"],"aioseo_notices":[],"_links":{"self":[{"href":"https:\/\/estado29.mx\/index.php?rest_route=\/wp\/v2\/posts\/90326","targetHints":{"allow":["GET"]}}],"collection":[{"href":"https:\/\/estado29.mx\/index.php?rest_route=\/wp\/v2\/posts"}],"about":[{"href":"https:\/\/estado29.mx\/index.php?rest_route=\/wp\/v2\/types\/post"}],"author":[{"embeddable":true,"href":"https:\/\/estado29.mx\/index.php?rest_route=\/wp\/v2\/users\/7"}],"replies":[{"embeddable":true,"href":"https:\/\/estado29.mx\/index.php?rest_route=%2Fwp%2Fv2%2Fcomments&post=90326"}],"version-history":[{"count":1,"href":"https:\/\/estado29.mx\/index.php?rest_route=\/wp\/v2\/posts\/90326\/revisions"}],"predecessor-version":[{"id":90328,"href":"https:\/\/estado29.mx\/index.php?rest_route=\/wp\/v2\/posts\/90326\/revisions\/90328"}],"wp:featuredmedia":[{"embeddable":true,"href":"https:\/\/estado29.mx\/index.php?rest_route=\/wp\/v2\/media\/90327"}],"wp:attachment":[{"href":"https:\/\/estado29.mx\/index.php?rest_route=%2Fwp%2Fv2%2Fmedia&parent=90326"}],"wp:term":[{"taxonomy":"category","embeddable":true,"href":"https:\/\/estado29.mx\/index.php?rest_route=%2Fwp%2Fv2%2Fcategories&post=90326"},{"taxonomy":"post_tag","embeddable":true,"href":"https:\/\/estado29.mx\/index.php?rest_route=%2Fwp%2Fv2%2Ftags&post=90326"}],"curies":[{"name":"wp","href":"https:\/\/api.w.org\/{rel}","templated":true}]}}