{"id":90379,"date":"2024-10-18T19:13:05","date_gmt":"2024-10-18T19:13:05","guid":{"rendered":"https:\/\/estado29.mx\/?p=90379"},"modified":"2024-10-18T19:13:06","modified_gmt":"2024-10-18T19:13:06","slug":"se-lleva-a-cabo-en-huamantla-ponencia-490-anos-de-la-fundacion-y-traza-de-huamantla-2","status":"publish","type":"post","link":"https:\/\/estado29.mx\/?p=90379","title":{"rendered":"Se lleva a cabo en Huamantla Ponencia \u201c490 A\u00f1os de la Fundaci\u00f3n y Traza de Huamantla."},"content":{"rendered":"\n<p>Como parte del Ciclo de Conferencias, con motivo de la Celebraci\u00f3n del 490 Aniversario de la Fundaci\u00f3n del Municipio de Huamantla, hoy  jueves 17 de octubre del a\u00f1o en curso, se present\u00f3 la ponencia \u201c490 A\u00f1os de la Fundaci\u00f3n y Traza de Huamantla&#8221;.<\/p>\n\n\n\n<p>Esta ponencia tuvo lugar en las instalaciones del Auditorio del Museo Taurino, a cargo del Cronista Em\u00e9rito Municipal, Jos\u00e9 Hern\u00e1ndez Castillo quien, ser\u00e1 homenajeado ma\u00f1ana viernes 18 de octubre por la presente administraci\u00f3n municipal, en reconocimiento por el arduo trabajo que ha realizado por y para beneficio de este lugar.<\/p>\n\n\n\n<figure class=\"wp-block-image size-large\"><img loading=\"lazy\" decoding=\"async\" width=\"1024\" height=\"768\" src=\"https:\/\/estado29.mx\/wp-content\/uploads\/2024\/10\/IMG-20241017-WA0050-1024x768.jpg\" alt=\"\" class=\"wp-image-90380\" srcset=\"https:\/\/estado29.mx\/wp-content\/uploads\/2024\/10\/IMG-20241017-WA0050-1024x768.jpg 1024w, https:\/\/estado29.mx\/wp-content\/uploads\/2024\/10\/IMG-20241017-WA0050-300x225.jpg 300w, https:\/\/estado29.mx\/wp-content\/uploads\/2024\/10\/IMG-20241017-WA0050-768x576.jpg 768w, https:\/\/estado29.mx\/wp-content\/uploads\/2024\/10\/IMG-20241017-WA0050-750x563.jpg 750w, https:\/\/estado29.mx\/wp-content\/uploads\/2024\/10\/IMG-20241017-WA0050-1140x855.jpg 1140w, https:\/\/estado29.mx\/wp-content\/uploads\/2024\/10\/IMG-20241017-WA0050.jpg 1168w\" sizes=\"auto, (max-width: 1024px) 100vw, 1024px\" \/><\/figure>\n\n\n\n<p>En esta conferencia se cont\u00f3 con la presencia de cronistas de municipios vecinos como son Xalostoc, Emiliano Zapata.El Cronista Em\u00e9rito, resalt\u00f3 diversos temas de inter\u00e9s, como el proceso que siguieron los pobladores de aquellos a\u00f1os, para logara la Fundaci\u00f3n del municipio que inicialmente se llam\u00f3 \u201cSan Luis Obispo Huamantla\u201d, as\u00ed como la divisi\u00f3n de los Barrios, Comunidades y calles de lo que es actualmente este lugar.<\/p>\n","protected":false},"excerpt":{"rendered":"<p>Como parte del Ciclo de Conferencias, con motivo de la Celebraci\u00f3n del 490 Aniversario de la Fundaci\u00f3n del Municipio de Huamantla, hoy jueves 17 de octubre del a\u00f1o en curso, se present\u00f3 la ponencia \u201c490 A\u00f1os de la Fundaci\u00f3n y Traza de Huamantla&#8221;. Esta ponencia tuvo lugar en las instalaciones del Auditorio del Museo Taurino, [&hellip;]<\/p>\n","protected":false},"author":3,"featured_media":90381,"comment_status":"open","ping_status":"open","sticky":false,"template":"","format":"standard","meta":{"om_disable_all_campaigns":false,"_monsterinsights_skip_tracking":false,"_monsterinsights_sitenote_active":false,"_monsterinsights_sitenote_note":"","_monsterinsights_sitenote_category":0,"jnews-multi-image_gallery":[],"jnews_single_post":{"subtitle":"","format":"standard","video":"","gallery":"","source_name":"","source_url":"","via_name":"","via_url":"","override_template":"0","override":[{"template":"1","single_blog_custom":"","parallax":"1","fullscreen":"1","layout":"right-sidebar","sidebar":"default-sidebar","second_sidebar":"default-sidebar","sticky_sidebar":"1","share_position":"top","share_float_style":"share-monocrhome","show_share_counter":"1","show_view_counter":"1","show_featured":"1","show_post_meta":"1","show_post_author":"1","show_post_author_image":"1","show_post_date":"1","post_date_format":"default","post_date_format_custom":"Y\/m\/d","show_post_category":"1","show_post_reading_time":"0","post_reading_time_wpm":"300","show_zoom_button":"0","zoom_button_out_step":"2","zoom_button_in_step":"3","show_post_tag":"1","show_prev_next_post":"1","show_popup_post":"1","number_popup_post":"1","show_author_box":"1","show_post_related":"0","show_inline_post_related":"0"}],"override_image_size":"0","image_override":[{"single_post_thumbnail_size":"crop-500","single_post_gallery_size":"crop-500"}],"trending_post":"0","trending_post_position":"meta","trending_post_label":"Trending","sponsored_post":"0","sponsored_post_label":"Sponsored by","sponsored_post_name":"","sponsored_post_url":"","sponsored_post_logo_enable":"0","sponsored_post_logo":"","sponsored_post_desc":"","disable_ad":"0"},"jnews_primary_category":{"id":""},"footnotes":""},"categories":[66,47],"tags":[1405,1403,99,1367,96,1404],"class_list":["post-90379","post","type-post","status-publish","format-standard","has-post-thumbnail","hentry","category-huamantla","category-municipios","tag-ciudad","tag-fundacion-2","tag-huamantla","tag-pueblo-magico","tag-tlaxcala","tag-trazado"],"aioseo_notices":[],"_links":{"self":[{"href":"https:\/\/estado29.mx\/index.php?rest_route=\/wp\/v2\/posts\/90379","targetHints":{"allow":["GET"]}}],"collection":[{"href":"https:\/\/estado29.mx\/index.php?rest_route=\/wp\/v2\/posts"}],"about":[{"href":"https:\/\/estado29.mx\/index.php?rest_route=\/wp\/v2\/types\/post"}],"author":[{"embeddable":true,"href":"https:\/\/estado29.mx\/index.php?rest_route=\/wp\/v2\/users\/3"}],"replies":[{"embeddable":true,"href":"https:\/\/estado29.mx\/index.php?rest_route=%2Fwp%2Fv2%2Fcomments&post=90379"}],"version-history":[{"count":1,"href":"https:\/\/estado29.mx\/index.php?rest_route=\/wp\/v2\/posts\/90379\/revisions"}],"predecessor-version":[{"id":90382,"href":"https:\/\/estado29.mx\/index.php?rest_route=\/wp\/v2\/posts\/90379\/revisions\/90382"}],"wp:featuredmedia":[{"embeddable":true,"href":"https:\/\/estado29.mx\/index.php?rest_route=\/wp\/v2\/media\/90381"}],"wp:attachment":[{"href":"https:\/\/estado29.mx\/index.php?rest_route=%2Fwp%2Fv2%2Fmedia&parent=90379"}],"wp:term":[{"taxonomy":"category","embeddable":true,"href":"https:\/\/estado29.mx\/index.php?rest_route=%2Fwp%2Fv2%2Fcategories&post=90379"},{"taxonomy":"post_tag","embeddable":true,"href":"https:\/\/estado29.mx\/index.php?rest_route=%2Fwp%2Fv2%2Ftags&post=90379"}],"curies":[{"name":"wp","href":"https:\/\/api.w.org\/{rel}","templated":true}]}}