{"id":90390,"date":"2024-10-18T20:19:30","date_gmt":"2024-10-18T20:19:30","guid":{"rendered":"https:\/\/estado29.mx\/?p=90390"},"modified":"2024-10-18T20:19:31","modified_gmt":"2024-10-18T20:19:31","slug":"promueve-sedif-terapias-de-estimulacion-temprana-en-ubr","status":"publish","type":"post","link":"https:\/\/estado29.mx\/?p=90390","title":{"rendered":"PROMUEVE SEDIF TERAPIAS DE ESTIMULACI\u00d3N TEMPRANA EN UBR"},"content":{"rendered":"<div class=\"taxonomy-category wp-block-post-terms\"><a href=\"https:\/\/estado29.mx\/?cat=1\" rel=\"tag\">Uncategorized<\/a><\/div>\n\n<figure class=\"wp-block-post-featured-image\"><img loading=\"lazy\" decoding=\"async\" width=\"2560\" height=\"1707\" src=\"https:\/\/estado29.mx\/wp-content\/uploads\/2024\/10\/WhatsApp-Image-2024-10-18-at-2.04.05-PM-3-scaled.jpeg\" class=\"attachment-post-thumbnail size-post-thumbnail wp-post-image\" alt=\"\" style=\"object-fit:cover;\" srcset=\"https:\/\/estado29.mx\/wp-content\/uploads\/2024\/10\/WhatsApp-Image-2024-10-18-at-2.04.05-PM-3-scaled.jpeg 2560w, https:\/\/estado29.mx\/wp-content\/uploads\/2024\/10\/WhatsApp-Image-2024-10-18-at-2.04.05-PM-3-300x200.jpeg 300w, https:\/\/estado29.mx\/wp-content\/uploads\/2024\/10\/WhatsApp-Image-2024-10-18-at-2.04.05-PM-3-1024x683.jpeg 1024w, https:\/\/estado29.mx\/wp-content\/uploads\/2024\/10\/WhatsApp-Image-2024-10-18-at-2.04.05-PM-3-768x512.jpeg 768w, https:\/\/estado29.mx\/wp-content\/uploads\/2024\/10\/WhatsApp-Image-2024-10-18-at-2.04.05-PM-3-1536x1024.jpeg 1536w, https:\/\/estado29.mx\/wp-content\/uploads\/2024\/10\/WhatsApp-Image-2024-10-18-at-2.04.05-PM-3-2048x1366.jpeg 2048w, https:\/\/estado29.mx\/wp-content\/uploads\/2024\/10\/WhatsApp-Image-2024-10-18-at-2.04.05-PM-3-750x500.jpeg 750w, https:\/\/estado29.mx\/wp-content\/uploads\/2024\/10\/WhatsApp-Image-2024-10-18-at-2.04.05-PM-3-1140x760.jpeg 1140w\" sizes=\"auto, (max-width: 2560px) 100vw, 2560px\" \/><\/figure>\n\n\n<p>El Sistema Estatal para el Desarrollo Integral de la Familia (Sedif), a trav\u00e9s de las Unidades B\u00e1sicas de Rehabilitaci\u00f3n (UBR), promueven las terapias de estimulaci\u00f3n temprana grupal para la atenci\u00f3n de ni\u00f1as y ni\u00f1os desde reci\u00e9n nacidos hasta los cinco a\u00f1os de manera gratuita, con el objetivo de que puedan alcanzar su m\u00e1ximo potencial en su crecimiento infantil.<\/p>\n\n\n\n<p>La estimulaci\u00f3n temprana es importante durante los primeros a\u00f1os de vida, cuando el cerebro de los menores se desarrolla con mayor rapidez, es decir, hay una gran cantidad de aprendizaje, por ello, la velocidad en la adquisici\u00f3n de conocimientos debe aprovecharse.<\/p>\n\n\n\n<p>De manera mensual, se atienden a 250 infantes de manera gratuita, a quienes se les realizan ejercicios por medio de juegos, lectura, cantos, rimas, sonidos, luz y pintura de manera personalizada y adaptada a las necesidades y edad de cada uno.<\/p>\n\n\n\n<figure class=\"wp-block-gallery has-nested-images columns-default is-cropped wp-block-gallery-1 is-layout-flex wp-block-gallery-is-layout-flex\">\n<figure class=\"wp-block-image size-large\"><img loading=\"lazy\" decoding=\"async\" width=\"1024\" height=\"683\" data-id=\"90396\" src=\"https:\/\/estado29.mx\/wp-content\/uploads\/2024\/10\/WhatsApp-Image-2024-10-18-at-2.04.04-PM-1-1024x683.jpeg\" alt=\"\" class=\"wp-image-90396\" srcset=\"https:\/\/estado29.mx\/wp-content\/uploads\/2024\/10\/WhatsApp-Image-2024-10-18-at-2.04.04-PM-1-1024x683.jpeg 1024w, https:\/\/estado29.mx\/wp-content\/uploads\/2024\/10\/WhatsApp-Image-2024-10-18-at-2.04.04-PM-1-300x200.jpeg 300w, https:\/\/estado29.mx\/wp-content\/uploads\/2024\/10\/WhatsApp-Image-2024-10-18-at-2.04.04-PM-1-768x512.jpeg 768w, https:\/\/estado29.mx\/wp-content\/uploads\/2024\/10\/WhatsApp-Image-2024-10-18-at-2.04.04-PM-1-1536x1024.jpeg 1536w, https:\/\/estado29.mx\/wp-content\/uploads\/2024\/10\/WhatsApp-Image-2024-10-18-at-2.04.04-PM-1-2048x1366.jpeg 2048w, https:\/\/estado29.mx\/wp-content\/uploads\/2024\/10\/WhatsApp-Image-2024-10-18-at-2.04.04-PM-1-750x500.jpeg 750w, https:\/\/estado29.mx\/wp-content\/uploads\/2024\/10\/WhatsApp-Image-2024-10-18-at-2.04.04-PM-1-1140x760.jpeg 1140w\" sizes=\"auto, (max-width: 1024px) 100vw, 1024px\" \/><\/figure>\n\n\n\n<figure class=\"wp-block-image size-large\"><img loading=\"lazy\" decoding=\"async\" width=\"1024\" height=\"683\" data-id=\"90392\" src=\"https:\/\/estado29.mx\/wp-content\/uploads\/2024\/10\/WhatsApp-Image-2024-10-18-at-2.04.04-PM-1024x683.jpeg\" alt=\"\" class=\"wp-image-90392\" srcset=\"https:\/\/estado29.mx\/wp-content\/uploads\/2024\/10\/WhatsApp-Image-2024-10-18-at-2.04.04-PM-1024x683.jpeg 1024w, https:\/\/estado29.mx\/wp-content\/uploads\/2024\/10\/WhatsApp-Image-2024-10-18-at-2.04.04-PM-300x200.jpeg 300w, https:\/\/estado29.mx\/wp-content\/uploads\/2024\/10\/WhatsApp-Image-2024-10-18-at-2.04.04-PM-768x512.jpeg 768w, https:\/\/estado29.mx\/wp-content\/uploads\/2024\/10\/WhatsApp-Image-2024-10-18-at-2.04.04-PM-1536x1024.jpeg 1536w, https:\/\/estado29.mx\/wp-content\/uploads\/2024\/10\/WhatsApp-Image-2024-10-18-at-2.04.04-PM-2048x1366.jpeg 2048w, https:\/\/estado29.mx\/wp-content\/uploads\/2024\/10\/WhatsApp-Image-2024-10-18-at-2.04.04-PM-750x500.jpeg 750w, https:\/\/estado29.mx\/wp-content\/uploads\/2024\/10\/WhatsApp-Image-2024-10-18-at-2.04.04-PM-1140x760.jpeg 1140w\" sizes=\"auto, (max-width: 1024px) 100vw, 1024px\" \/><\/figure>\n\n\n\n<figure class=\"wp-block-image size-large\"><img loading=\"lazy\" decoding=\"async\" width=\"1024\" height=\"683\" data-id=\"90395\" src=\"https:\/\/estado29.mx\/wp-content\/uploads\/2024\/10\/WhatsApp-Image-2024-10-18-at-2.04.05-PM-1-1024x683.jpeg\" alt=\"\" class=\"wp-image-90395\" srcset=\"https:\/\/estado29.mx\/wp-content\/uploads\/2024\/10\/WhatsApp-Image-2024-10-18-at-2.04.05-PM-1-1024x683.jpeg 1024w, https:\/\/estado29.mx\/wp-content\/uploads\/2024\/10\/WhatsApp-Image-2024-10-18-at-2.04.05-PM-1-300x200.jpeg 300w, https:\/\/estado29.mx\/wp-content\/uploads\/2024\/10\/WhatsApp-Image-2024-10-18-at-2.04.05-PM-1-768x512.jpeg 768w, https:\/\/estado29.mx\/wp-content\/uploads\/2024\/10\/WhatsApp-Image-2024-10-18-at-2.04.05-PM-1-1536x1024.jpeg 1536w, https:\/\/estado29.mx\/wp-content\/uploads\/2024\/10\/WhatsApp-Image-2024-10-18-at-2.04.05-PM-1-2048x1366.jpeg 2048w, https:\/\/estado29.mx\/wp-content\/uploads\/2024\/10\/WhatsApp-Image-2024-10-18-at-2.04.05-PM-1-750x500.jpeg 750w, https:\/\/estado29.mx\/wp-content\/uploads\/2024\/10\/WhatsApp-Image-2024-10-18-at-2.04.05-PM-1-1140x760.jpeg 1140w\" sizes=\"auto, (max-width: 1024px) 100vw, 1024px\" \/><\/figure>\n\n\n\n<figure class=\"wp-block-image size-large\"><img loading=\"lazy\" decoding=\"async\" width=\"1024\" height=\"683\" data-id=\"90393\" src=\"https:\/\/estado29.mx\/wp-content\/uploads\/2024\/10\/WhatsApp-Image-2024-10-18-at-2.04.05-PM-2-1024x683.jpeg\" alt=\"\" class=\"wp-image-90393\" srcset=\"https:\/\/estado29.mx\/wp-content\/uploads\/2024\/10\/WhatsApp-Image-2024-10-18-at-2.04.05-PM-2-1024x683.jpeg 1024w, https:\/\/estado29.mx\/wp-content\/uploads\/2024\/10\/WhatsApp-Image-2024-10-18-at-2.04.05-PM-2-300x200.jpeg 300w, https:\/\/estado29.mx\/wp-content\/uploads\/2024\/10\/WhatsApp-Image-2024-10-18-at-2.04.05-PM-2-768x512.jpeg 768w, https:\/\/estado29.mx\/wp-content\/uploads\/2024\/10\/WhatsApp-Image-2024-10-18-at-2.04.05-PM-2-1536x1024.jpeg 1536w, https:\/\/estado29.mx\/wp-content\/uploads\/2024\/10\/WhatsApp-Image-2024-10-18-at-2.04.05-PM-2-2048x1366.jpeg 2048w, https:\/\/estado29.mx\/wp-content\/uploads\/2024\/10\/WhatsApp-Image-2024-10-18-at-2.04.05-PM-2-750x500.jpeg 750w, https:\/\/estado29.mx\/wp-content\/uploads\/2024\/10\/WhatsApp-Image-2024-10-18-at-2.04.05-PM-2-1140x760.jpeg 1140w\" sizes=\"auto, (max-width: 1024px) 100vw, 1024px\" \/><\/figure>\n\n\n\n<figure class=\"wp-block-image size-large\"><img loading=\"lazy\" decoding=\"async\" width=\"1024\" height=\"683\" data-id=\"90394\" src=\"https:\/\/estado29.mx\/wp-content\/uploads\/2024\/10\/WhatsApp-Image-2024-10-18-at-2.04.05-PM-1024x683.jpeg\" alt=\"\" class=\"wp-image-90394\" srcset=\"https:\/\/estado29.mx\/wp-content\/uploads\/2024\/10\/WhatsApp-Image-2024-10-18-at-2.04.05-PM-1024x683.jpeg 1024w, https:\/\/estado29.mx\/wp-content\/uploads\/2024\/10\/WhatsApp-Image-2024-10-18-at-2.04.05-PM-300x200.jpeg 300w, https:\/\/estado29.mx\/wp-content\/uploads\/2024\/10\/WhatsApp-Image-2024-10-18-at-2.04.05-PM-768x512.jpeg 768w, https:\/\/estado29.mx\/wp-content\/uploads\/2024\/10\/WhatsApp-Image-2024-10-18-at-2.04.05-PM-1536x1024.jpeg 1536w, https:\/\/estado29.mx\/wp-content\/uploads\/2024\/10\/WhatsApp-Image-2024-10-18-at-2.04.05-PM-2048x1366.jpeg 2048w, https:\/\/estado29.mx\/wp-content\/uploads\/2024\/10\/WhatsApp-Image-2024-10-18-at-2.04.05-PM-750x500.jpeg 750w, https:\/\/estado29.mx\/wp-content\/uploads\/2024\/10\/WhatsApp-Image-2024-10-18-at-2.04.05-PM-1140x760.jpeg 1140w\" sizes=\"auto, (max-width: 1024px) 100vw, 1024px\" \/><\/figure>\n<\/figure>\n\n\n\n<p>Adem\u00e1s, los padres o cuidadores participan de manera activa, no solo para proporcionar las experiencias necesarias para el desarrollo integral de los peque\u00f1os; sino para dar el acompa\u00f1amiento y la confianza que requieren los menores para su crecimiento.<\/p>\n\n\n\n<p>Este enfoque interdisciplinario busca fomentar las potencialidades f\u00edsicas, mentales, emocionales y sociales de los ni\u00f1os, asegurando su desarrollo motriz y sensorial, comunicaci\u00f3n y el lenguaje, adem\u00e1s de habilidades sociales y emocionales.<\/p>\n\n\n\n<p>La implementaci\u00f3n de este servicio es un paso importante hacia la promoci\u00f3n del desarrollo infantil en la comunidad, al brindar a los ni\u00f1os y ni\u00f1as tlaxcaltecas las experiencias necesarias para asegurar un futuro m\u00e1s brillante para ellos.<\/p>\n\n\n\n<p>De esta manera, el gobierno del estado encabezado por Lorena Cu\u00e9llar Cisneros y el Sedif a cargo de Mariana Espinosa de los Monteros Cu\u00e9llar, fomentan el cuidado y la seguridad de las familias tlaxcaltecas para que crezcan sanos y felices.<\/p>\n","protected":false},"excerpt":{"rendered":"<p>El Sistema Estatal para el Desarrollo Integral de la Familia (Sedif), a trav\u00e9s de las Unidades B\u00e1sicas de Rehabilitaci\u00f3n (UBR), promueven las terapias de estimulaci\u00f3n temprana grupal para la atenci\u00f3n de ni\u00f1as y ni\u00f1os desde reci\u00e9n nacidos hasta los cinco a\u00f1os de manera gratuita, con el objetivo de que puedan alcanzar su m\u00e1ximo potencial en [&hellip;]<\/p>\n","protected":false},"author":4,"featured_media":90391,"comment_status":"open","ping_status":"open","sticky":false,"template":"","format":"standard","meta":{"om_disable_all_campaigns":false,"_monsterinsights_skip_tracking":false,"_monsterinsights_sitenote_active":false,"_monsterinsights_sitenote_note":"","_monsterinsights_sitenote_category":0,"jnews-multi-image_gallery":[],"jnews_single_post":{"subtitle":"","format":"standard","video":"","gallery":"","source_name":"","source_url":"","via_name":"","via_url":"","override_template":"0","override":[{"template":"1","single_blog_custom":"","parallax":"1","fullscreen":"1","layout":"right-sidebar","sidebar":"default-sidebar","second_sidebar":"default-sidebar","sticky_sidebar":"1","share_position":"top","share_float_style":"share-monocrhome","show_share_counter":"1","show_view_counter":"1","show_featured":"1","show_post_meta":"1","show_post_author":"1","show_post_author_image":"1","show_post_date":"1","post_date_format":"default","post_date_format_custom":"Y\/m\/d","show_post_category":"1","show_post_reading_time":"0","post_reading_time_wpm":"300","show_zoom_button":"0","zoom_button_out_step":"2","zoom_button_in_step":"3","show_post_tag":"1","show_prev_next_post":"1","show_popup_post":"1","number_popup_post":"1","show_author_box":"1","show_post_related":"0","show_inline_post_related":"0"}],"override_image_size":"0","image_override":[{"single_post_thumbnail_size":"crop-500","single_post_gallery_size":"crop-500"}],"trending_post":"0","trending_post_position":"meta","trending_post_label":"Trending","sponsored_post":"0","sponsored_post_label":"Sponsored by","sponsored_post_name":"","sponsored_post_url":"","sponsored_post_logo_enable":"0","sponsored_post_logo":"","sponsored_post_desc":"","disable_ad":"0"},"jnews_primary_category":{"id":""},"footnotes":""},"categories":[1],"tags":[],"class_list":["post-90390","post","type-post","status-publish","format-standard","has-post-thumbnail","hentry","category-uncategorized"],"aioseo_notices":[],"_links":{"self":[{"href":"https:\/\/estado29.mx\/index.php?rest_route=\/wp\/v2\/posts\/90390","targetHints":{"allow":["GET"]}}],"collection":[{"href":"https:\/\/estado29.mx\/index.php?rest_route=\/wp\/v2\/posts"}],"about":[{"href":"https:\/\/estado29.mx\/index.php?rest_route=\/wp\/v2\/types\/post"}],"author":[{"embeddable":true,"href":"https:\/\/estado29.mx\/index.php?rest_route=\/wp\/v2\/users\/4"}],"replies":[{"embeddable":true,"href":"https:\/\/estado29.mx\/index.php?rest_route=%2Fwp%2Fv2%2Fcomments&post=90390"}],"version-history":[{"count":1,"href":"https:\/\/estado29.mx\/index.php?rest_route=\/wp\/v2\/posts\/90390\/revisions"}],"predecessor-version":[{"id":90397,"href":"https:\/\/estado29.mx\/index.php?rest_route=\/wp\/v2\/posts\/90390\/revisions\/90397"}],"wp:featuredmedia":[{"embeddable":true,"href":"https:\/\/estado29.mx\/index.php?rest_route=\/wp\/v2\/media\/90391"}],"wp:attachment":[{"href":"https:\/\/estado29.mx\/index.php?rest_route=%2Fwp%2Fv2%2Fmedia&parent=90390"}],"wp:term":[{"taxonomy":"category","embeddable":true,"href":"https:\/\/estado29.mx\/index.php?rest_route=%2Fwp%2Fv2%2Fcategories&post=90390"},{"taxonomy":"post_tag","embeddable":true,"href":"https:\/\/estado29.mx\/index.php?rest_route=%2Fwp%2Fv2%2Ftags&post=90390"}],"curies":[{"name":"wp","href":"https:\/\/api.w.org\/{rel}","templated":true}]}}