{"id":90409,"date":"2024-10-21T20:09:14","date_gmt":"2024-10-21T20:09:14","guid":{"rendered":"https:\/\/estado29.mx\/?p=90409"},"modified":"2024-10-21T20:09:15","modified_gmt":"2024-10-21T20:09:15","slug":"logra-el-carmen-tequexquitla-el-99-por-ciento-de-certificacion-a-elementos-de-seguridad","status":"publish","type":"post","link":"https:\/\/estado29.mx\/?p=90409","title":{"rendered":"Logra El Carmen Tequexquitla el 99 por ciento de Certificaci\u00f3n a Elementos de Seguridad."},"content":{"rendered":"\n<p><br>El Comisario de Seguridad P\u00fablica en el Municipio de El Carmen Tequexquitla, V\u00edctor Garc\u00eda Ch\u00e9ver, refiri\u00f3 que derivado de la inquietud del Gobierno del Estado, en contar con elementos preparados, constantemente los oficiales han sido sometidos a capacitaciones con el objetivo de dotarlos de conocimientos propios de su labor.<\/p>\n\n\n\n<p><br>En este sentido, el Comisario de Seguridad, puntualiz\u00f3 que otra de las exigencias, es que los elementos de estas corporaciones, cuenten con los reglamentos para ser contratados, como es el caso de los ex\u00e1menes de control y confianza, as\u00ed como conocimientos del Sistema Policial y contar con un grado de estudios m\u00ednimo de bachillerato.<\/p>\n\n\n\n<p><br>Para finalizar, V\u00edctor Garc\u00eda Ch\u00e9ver, destac\u00f3 que actualmente la corporaci\u00f3n que representa en Tequexquitla, cuenta con el 99 por ciento de elementos certificados, lo que se estima a m\u00e1s tardar en diciembre pr\u00f3ximo, alcanzar el cien por ciento.<\/p>\n\n\n<figure class=\"wp-block-post-featured-image\"><img loading=\"lazy\" decoding=\"async\" width=\"701\" height=\"437\" src=\"https:\/\/estado29.mx\/wp-content\/uploads\/2024\/10\/images.jpeg\" class=\"attachment-post-thumbnail size-post-thumbnail wp-post-image\" alt=\"\" style=\"object-fit:cover;\" srcset=\"https:\/\/estado29.mx\/wp-content\/uploads\/2024\/10\/images.jpeg 701w, https:\/\/estado29.mx\/wp-content\/uploads\/2024\/10\/images-300x187.jpeg 300w\" sizes=\"auto, (max-width: 701px) 100vw, 701px\" \/><\/figure>","protected":false},"excerpt":{"rendered":"<p>El Comisario de Seguridad P\u00fablica en el Municipio de El Carmen Tequexquitla, V\u00edctor Garc\u00eda Ch\u00e9ver, refiri\u00f3 que derivado de la inquietud del Gobierno del Estado, en contar con elementos preparados, constantemente los oficiales han sido sometidos a capacitaciones con el objetivo de dotarlos de conocimientos propios de su labor. En este sentido, el Comisario de [&hellip;]<\/p>\n","protected":false},"author":7,"featured_media":90410,"comment_status":"open","ping_status":"open","sticky":false,"template":"","format":"standard","meta":{"om_disable_all_campaigns":false,"_monsterinsights_skip_tracking":false,"_monsterinsights_sitenote_active":false,"_monsterinsights_sitenote_note":"","_monsterinsights_sitenote_category":0,"jnews-multi-image_gallery":[],"jnews_single_post":{"subtitle":"","format":"standard","video":"","gallery":"","source_name":"","source_url":"","via_name":"","via_url":"","override_template":"0","override":[{"template":"1","single_blog_custom":"","parallax":"1","fullscreen":"1","layout":"right-sidebar","sidebar":"default-sidebar","second_sidebar":"default-sidebar","sticky_sidebar":"1","share_position":"top","share_float_style":"share-monocrhome","show_share_counter":"1","show_view_counter":"1","show_featured":"1","show_post_meta":"1","show_post_author":"1","show_post_author_image":"1","show_post_date":"1","post_date_format":"default","post_date_format_custom":"Y\/m\/d","show_post_category":"1","show_post_reading_time":"0","post_reading_time_wpm":"300","show_zoom_button":"0","zoom_button_out_step":"2","zoom_button_in_step":"3","show_post_tag":"1","show_prev_next_post":"1","show_popup_post":"1","number_popup_post":"1","show_author_box":"1","show_post_related":"0","show_inline_post_related":"0"}],"override_image_size":"0","image_override":[{"single_post_thumbnail_size":"crop-500","single_post_gallery_size":"crop-500"}],"trending_post":"0","trending_post_position":"meta","trending_post_label":"Trending","sponsored_post":"0","sponsored_post_label":"Sponsored by","sponsored_post_name":"","sponsored_post_url":"","sponsored_post_logo_enable":"0","sponsored_post_logo":"","sponsored_post_desc":"","disable_ad":"0"},"jnews_primary_category":{"id":""},"footnotes":""},"categories":[1],"tags":[],"class_list":["post-90409","post","type-post","status-publish","format-standard","has-post-thumbnail","hentry","category-uncategorized"],"aioseo_notices":[],"_links":{"self":[{"href":"https:\/\/estado29.mx\/index.php?rest_route=\/wp\/v2\/posts\/90409","targetHints":{"allow":["GET"]}}],"collection":[{"href":"https:\/\/estado29.mx\/index.php?rest_route=\/wp\/v2\/posts"}],"about":[{"href":"https:\/\/estado29.mx\/index.php?rest_route=\/wp\/v2\/types\/post"}],"author":[{"embeddable":true,"href":"https:\/\/estado29.mx\/index.php?rest_route=\/wp\/v2\/users\/7"}],"replies":[{"embeddable":true,"href":"https:\/\/estado29.mx\/index.php?rest_route=%2Fwp%2Fv2%2Fcomments&post=90409"}],"version-history":[{"count":1,"href":"https:\/\/estado29.mx\/index.php?rest_route=\/wp\/v2\/posts\/90409\/revisions"}],"predecessor-version":[{"id":90411,"href":"https:\/\/estado29.mx\/index.php?rest_route=\/wp\/v2\/posts\/90409\/revisions\/90411"}],"wp:featuredmedia":[{"embeddable":true,"href":"https:\/\/estado29.mx\/index.php?rest_route=\/wp\/v2\/media\/90410"}],"wp:attachment":[{"href":"https:\/\/estado29.mx\/index.php?rest_route=%2Fwp%2Fv2%2Fmedia&parent=90409"}],"wp:term":[{"taxonomy":"category","embeddable":true,"href":"https:\/\/estado29.mx\/index.php?rest_route=%2Fwp%2Fv2%2Fcategories&post=90409"},{"taxonomy":"post_tag","embeddable":true,"href":"https:\/\/estado29.mx\/index.php?rest_route=%2Fwp%2Fv2%2Ftags&post=90409"}],"curies":[{"name":"wp","href":"https:\/\/api.w.org\/{rel}","templated":true}]}}