{"id":90414,"date":"2024-10-21T20:13:42","date_gmt":"2024-10-21T20:13:42","guid":{"rendered":"https:\/\/estado29.mx\/?p=90414"},"modified":"2024-10-21T20:13:43","modified_gmt":"2024-10-21T20:13:43","slug":"a-partir-de-este-22-de-octubre-el-congreso-de-la-union-estara-en-condiciones-de-recibir-paquete-economico-para-el-2025-diputado-federal-alejandro-aguilar","status":"publish","type":"post","link":"https:\/\/estado29.mx\/?p=90414","title":{"rendered":"A partir de este 22 de octubre el Congreso de la Uni\u00f3n estar\u00e1 en condiciones de recibir Paquete Econ\u00f3mico para el 2025: Diputado Federal Alejandro Aguilar."},"content":{"rendered":"\n<p><br>El Diputado Federal por Tlaxcala, Jos\u00e9 Alejandro Aguilar L\u00f3pez, refiri\u00f3 que a partir de este martes 22 de octubre, el Congreso de la Uni\u00f3n iniciar\u00e1 con los trabajos de an\u00e1lisis y aprobaci\u00f3n del paquete econ\u00f3mico para el a\u00f1o 2025.<\/p>\n\n\n\n<p><br>El Diputado Federal, agreg\u00f3 que tienen como fecha l\u00edmite el pr\u00f3ximo 15 de noviembre para hacer esta aprobaci\u00f3n de la Ley de Ingresos, por lo que el Paquete Econ\u00f3mico estar\u00eda siendo aprobado el 15 de diciembre a m\u00e1s tardar.<\/p>\n\n\n\n<p><br>En este sentido Aguilar L\u00f3pez, coment\u00f3 que las alrededor de cincuenta comisiones que han sido integradas recientemente, trabajar\u00e1n en beneficio de los diversos sectores de la poblaci\u00f3n.<\/p>\n\n\n<figure class=\"wp-block-post-featured-image\"><img loading=\"lazy\" decoding=\"async\" width=\"1200\" height=\"801\" src=\"https:\/\/estado29.mx\/wp-content\/uploads\/2024\/10\/Camara_de_Diputados_del_Congreso_de_la_Union.jpg\" class=\"attachment-post-thumbnail size-post-thumbnail wp-post-image\" alt=\"\" style=\"object-fit:cover;\" srcset=\"https:\/\/estado29.mx\/wp-content\/uploads\/2024\/10\/Camara_de_Diputados_del_Congreso_de_la_Union.jpg 1200w, https:\/\/estado29.mx\/wp-content\/uploads\/2024\/10\/Camara_de_Diputados_del_Congreso_de_la_Union-300x200.jpg 300w, https:\/\/estado29.mx\/wp-content\/uploads\/2024\/10\/Camara_de_Diputados_del_Congreso_de_la_Union-1024x684.jpg 1024w, https:\/\/estado29.mx\/wp-content\/uploads\/2024\/10\/Camara_de_Diputados_del_Congreso_de_la_Union-768x513.jpg 768w, https:\/\/estado29.mx\/wp-content\/uploads\/2024\/10\/Camara_de_Diputados_del_Congreso_de_la_Union-750x501.jpg 750w, https:\/\/estado29.mx\/wp-content\/uploads\/2024\/10\/Camara_de_Diputados_del_Congreso_de_la_Union-1140x761.jpg 1140w\" sizes=\"auto, (max-width: 1200px) 100vw, 1200px\" \/><\/figure>","protected":false},"excerpt":{"rendered":"<p>El Diputado Federal por Tlaxcala, Jos\u00e9 Alejandro Aguilar L\u00f3pez, refiri\u00f3 que a partir de este martes 22 de octubre, el Congreso de la Uni\u00f3n iniciar\u00e1 con los trabajos de an\u00e1lisis y aprobaci\u00f3n del paquete econ\u00f3mico para el a\u00f1o 2025. El Diputado Federal, agreg\u00f3 que tienen como fecha l\u00edmite el pr\u00f3ximo 15 de noviembre para hacer [&hellip;]<\/p>\n","protected":false},"author":7,"featured_media":90415,"comment_status":"open","ping_status":"open","sticky":false,"template":"","format":"standard","meta":{"om_disable_all_campaigns":false,"_monsterinsights_skip_tracking":false,"_monsterinsights_sitenote_active":false,"_monsterinsights_sitenote_note":"","_monsterinsights_sitenote_category":0,"jnews-multi-image_gallery":[],"jnews_single_post":{"subtitle":"","format":"standard","video":"","gallery":"","source_name":"","source_url":"","via_name":"","via_url":"","override_template":"0","override":[{"template":"1","single_blog_custom":"","parallax":"1","fullscreen":"1","layout":"right-sidebar","sidebar":"default-sidebar","second_sidebar":"default-sidebar","sticky_sidebar":"1","share_position":"top","share_float_style":"share-monocrhome","show_share_counter":"1","show_view_counter":"1","show_featured":"1","show_post_meta":"1","show_post_author":"1","show_post_author_image":"1","show_post_date":"1","post_date_format":"default","post_date_format_custom":"Y\/m\/d","show_post_category":"1","show_post_reading_time":"0","post_reading_time_wpm":"300","show_zoom_button":"0","zoom_button_out_step":"2","zoom_button_in_step":"3","show_post_tag":"1","show_prev_next_post":"1","show_popup_post":"1","number_popup_post":"1","show_author_box":"1","show_post_related":"0","show_inline_post_related":"0"}],"override_image_size":"0","image_override":[{"single_post_thumbnail_size":"crop-500","single_post_gallery_size":"crop-500"}],"trending_post":"0","trending_post_position":"meta","trending_post_label":"Trending","sponsored_post":"0","sponsored_post_label":"Sponsored by","sponsored_post_name":"","sponsored_post_url":"","sponsored_post_logo_enable":"0","sponsored_post_logo":"","sponsored_post_desc":"","disable_ad":"0"},"jnews_primary_category":{"id":""},"footnotes":""},"categories":[1],"tags":[],"class_list":["post-90414","post","type-post","status-publish","format-standard","has-post-thumbnail","hentry","category-uncategorized"],"aioseo_notices":[],"_links":{"self":[{"href":"https:\/\/estado29.mx\/index.php?rest_route=\/wp\/v2\/posts\/90414","targetHints":{"allow":["GET"]}}],"collection":[{"href":"https:\/\/estado29.mx\/index.php?rest_route=\/wp\/v2\/posts"}],"about":[{"href":"https:\/\/estado29.mx\/index.php?rest_route=\/wp\/v2\/types\/post"}],"author":[{"embeddable":true,"href":"https:\/\/estado29.mx\/index.php?rest_route=\/wp\/v2\/users\/7"}],"replies":[{"embeddable":true,"href":"https:\/\/estado29.mx\/index.php?rest_route=%2Fwp%2Fv2%2Fcomments&post=90414"}],"version-history":[{"count":1,"href":"https:\/\/estado29.mx\/index.php?rest_route=\/wp\/v2\/posts\/90414\/revisions"}],"predecessor-version":[{"id":90416,"href":"https:\/\/estado29.mx\/index.php?rest_route=\/wp\/v2\/posts\/90414\/revisions\/90416"}],"wp:featuredmedia":[{"embeddable":true,"href":"https:\/\/estado29.mx\/index.php?rest_route=\/wp\/v2\/media\/90415"}],"wp:attachment":[{"href":"https:\/\/estado29.mx\/index.php?rest_route=%2Fwp%2Fv2%2Fmedia&parent=90414"}],"wp:term":[{"taxonomy":"category","embeddable":true,"href":"https:\/\/estado29.mx\/index.php?rest_route=%2Fwp%2Fv2%2Fcategories&post=90414"},{"taxonomy":"post_tag","embeddable":true,"href":"https:\/\/estado29.mx\/index.php?rest_route=%2Fwp%2Fv2%2Ftags&post=90414"}],"curies":[{"name":"wp","href":"https:\/\/api.w.org\/{rel}","templated":true}]}}