{"id":90463,"date":"2024-10-21T21:32:55","date_gmt":"2024-10-21T21:32:55","guid":{"rendered":"https:\/\/estado29.mx\/?p=90463"},"modified":"2024-10-21T21:32:55","modified_gmt":"2024-10-21T21:32:55","slug":"invita-la-escuela-moises-saenz-a-la-noche-de-estrellas","status":"publish","type":"post","link":"https:\/\/estado29.mx\/?p=90463","title":{"rendered":"Invita la escuela Mois\u00e9s S\u00e1enz a la \u201cNoche de Estrellas\u201d."},"content":{"rendered":"\n<p>Julio S\u00e1nchez Carvajal, docente y parte del comit\u00e9 organizador de los eventos del 55 aniversario de la fundaci\u00f3n de la escuela Mois\u00e9s S\u00e1enz, invit\u00f3 a mi p\u00fablico a participar en el evento \u201cNoches de Estrellas\u201d.<\/p>\n\n\n\n<p>Esta actividad tendr\u00e1 lugar en el Parque Ju\u00e1rez de Huamantla, frente a la Presidencia Municipal a partir de las 7:00 de la noche.<\/p>\n\n\n\n<p>Ah\u00ed el maestro, invit\u00f3 al p\u00fablico en general a participar y disfrutar de la s\u00faper luna, adem\u00e1s de obs\u00e9rvala a trav\u00e9s de los telescopios que se colocar\u00e1n o bien si hay quien cuente con uno tambi\u00e9n asistir con el .<\/p>\n\n\n\n<p>Este evento, forma parte de los eventos del 55 a\u00f1os de la fundaci\u00f3n de la escuela Mois\u00e9s S\u00e1enz en el municipio de Huamantla.<\/p>\n","protected":false},"excerpt":{"rendered":"<p>Julio S\u00e1nchez Carvajal, docente y parte del comit\u00e9 organizador de los eventos del 55 aniversario de la fundaci\u00f3n de la escuela Mois\u00e9s S\u00e1enz, invit\u00f3 a mi p\u00fablico a participar en el evento \u201cNoches de Estrellas\u201d. Esta actividad tendr\u00e1 lugar en el Parque Ju\u00e1rez de Huamantla, frente a la Presidencia Municipal a partir de las 7:00 [&hellip;]<\/p>\n","protected":false},"author":5,"featured_media":90464,"comment_status":"open","ping_status":"open","sticky":false,"template":"","format":"standard","meta":{"om_disable_all_campaigns":false,"_monsterinsights_skip_tracking":false,"_monsterinsights_sitenote_active":false,"_monsterinsights_sitenote_note":"","_monsterinsights_sitenote_category":0,"jnews-multi-image_gallery":[],"jnews_single_post":{"subtitle":"","format":"standard","video":"","gallery":"","source_name":"","source_url":"","via_name":"","via_url":"","override_template":"0","override":[{"template":"1","single_blog_custom":"","parallax":"1","fullscreen":"1","layout":"right-sidebar","sidebar":"default-sidebar","second_sidebar":"default-sidebar","sticky_sidebar":"1","share_position":"top","share_float_style":"share-monocrhome","show_share_counter":"1","show_view_counter":"1","show_featured":"1","show_post_meta":"1","show_post_author":"1","show_post_author_image":"1","show_post_date":"1","post_date_format":"default","post_date_format_custom":"Y\/m\/d","show_post_category":"1","show_post_reading_time":"0","post_reading_time_wpm":"300","show_zoom_button":"0","zoom_button_out_step":"2","zoom_button_in_step":"3","show_post_tag":"1","show_prev_next_post":"1","show_popup_post":"1","number_popup_post":"1","show_author_box":"1","show_post_related":"0","show_inline_post_related":"0"}],"override_image_size":"0","image_override":[{"single_post_thumbnail_size":"crop-500","single_post_gallery_size":"crop-500"}],"trending_post":"0","trending_post_position":"meta","trending_post_label":"Trending","sponsored_post":"0","sponsored_post_label":"Sponsored by","sponsored_post_name":"","sponsored_post_url":"","sponsored_post_logo_enable":"0","sponsored_post_logo":"","sponsored_post_desc":"","disable_ad":"0"},"jnews_primary_category":{"id":""},"footnotes":""},"categories":[43,66,47],"tags":[200,767,99,1407],"class_list":["post-90463","post","type-post","status-publish","format-standard","has-post-thumbnail","hentry","category-estado","category-huamantla","category-municipios","tag-escuela","tag-fundacion","tag-huamantla","tag-moises-saenz"],"aioseo_notices":[],"_links":{"self":[{"href":"https:\/\/estado29.mx\/index.php?rest_route=\/wp\/v2\/posts\/90463","targetHints":{"allow":["GET"]}}],"collection":[{"href":"https:\/\/estado29.mx\/index.php?rest_route=\/wp\/v2\/posts"}],"about":[{"href":"https:\/\/estado29.mx\/index.php?rest_route=\/wp\/v2\/types\/post"}],"author":[{"embeddable":true,"href":"https:\/\/estado29.mx\/index.php?rest_route=\/wp\/v2\/users\/5"}],"replies":[{"embeddable":true,"href":"https:\/\/estado29.mx\/index.php?rest_route=%2Fwp%2Fv2%2Fcomments&post=90463"}],"version-history":[{"count":1,"href":"https:\/\/estado29.mx\/index.php?rest_route=\/wp\/v2\/posts\/90463\/revisions"}],"predecessor-version":[{"id":90465,"href":"https:\/\/estado29.mx\/index.php?rest_route=\/wp\/v2\/posts\/90463\/revisions\/90465"}],"wp:featuredmedia":[{"embeddable":true,"href":"https:\/\/estado29.mx\/index.php?rest_route=\/wp\/v2\/media\/90464"}],"wp:attachment":[{"href":"https:\/\/estado29.mx\/index.php?rest_route=%2Fwp%2Fv2%2Fmedia&parent=90463"}],"wp:term":[{"taxonomy":"category","embeddable":true,"href":"https:\/\/estado29.mx\/index.php?rest_route=%2Fwp%2Fv2%2Fcategories&post=90463"},{"taxonomy":"post_tag","embeddable":true,"href":"https:\/\/estado29.mx\/index.php?rest_route=%2Fwp%2Fv2%2Ftags&post=90463"}],"curies":[{"name":"wp","href":"https:\/\/api.w.org\/{rel}","templated":true}]}}