{"id":90467,"date":"2024-10-21T22:21:21","date_gmt":"2024-10-21T22:21:21","guid":{"rendered":"https:\/\/estado29.mx\/?p=90467"},"modified":"2024-10-21T22:21:21","modified_gmt":"2024-10-21T22:21:21","slug":"develan-placa-a-jose-hernandez-castillo-en-el-jardin-de-las-mujeres-y-hombres-ilustres","status":"publish","type":"post","link":"https:\/\/estado29.mx\/?p=90467","title":{"rendered":"Develan placa a Jos\u00e9 Hern\u00e1ndez Castillo en el Jard\u00edn de las Mujeres y Hombres Ilustres."},"content":{"rendered":"\n<p>Autoridades municipales de Huamantla, realizaron la debelaci\u00f3n de la placa a Jos\u00e9 Hern\u00e1ndez Castillo, en el Jard\u00edn de las Mujeres y Hombres Ilustres, por su trayectoria, aportaci\u00f3n y destacada participaci\u00f3n en eventos que han quedado en la historia para el pueblo m\u00e1gico.<\/p>\n\n\n\n<p>El alcalde Salvador Santos de Cedillo, reconoci\u00f3 la trayectoria del ahora cronista em\u00e9rito y que a sus 98 a\u00f1os contin\u00faa brindando sus conocimientos y opiniones para resolver algunas problem\u00e1ticas que ocurren en el pueblo m\u00e1gico.<\/p>\n\n\n\n<p>Tambi\u00e9n la cronista de Huamantla, Isabel Aquino, hizo una remembranza de su vida, destacando la ocasion\u00f3 que fungi\u00f3 como presidente municipal, la participaci\u00f3n en la realizaci\u00f3n de ferias, colocaci\u00f3n del monograma del atrio de la Bas\u00edlica de la Caridad, paso del Fuego Ol\u00edmpico, participaci\u00f3n en la Cruz Roja, hermanamientos con ciudades importantes, entre otros.<\/p>\n\n\n\n<p>\u201cMe siento sumamente agradecido y sobre todo emocionado porque es en una fecha tan importante para Huamantla, en su fundaci\u00f3n 490, es grato saber que muchas de las personas que est\u00e1n en estas placas fueron personas que conoc\u00ed\u2026\u201d comparti\u00f3 Jos\u00e9 Hern\u00e1ndez Castillo.<\/p>\n","protected":false},"excerpt":{"rendered":"<p>Autoridades municipales de Huamantla, realizaron la debelaci\u00f3n de la placa a Jos\u00e9 Hern\u00e1ndez Castillo, en el Jard\u00edn de las Mujeres y Hombres Ilustres, por su trayectoria, aportaci\u00f3n y destacada participaci\u00f3n en eventos que han quedado en la historia para el pueblo m\u00e1gico. El alcalde Salvador Santos de Cedillo, reconoci\u00f3 la trayectoria del ahora cronista em\u00e9rito [&hellip;]<\/p>\n","protected":false},"author":5,"featured_media":90468,"comment_status":"open","ping_status":"open","sticky":false,"template":"","format":"standard","meta":{"om_disable_all_campaigns":false,"_monsterinsights_skip_tracking":false,"_monsterinsights_sitenote_active":false,"_monsterinsights_sitenote_note":"","_monsterinsights_sitenote_category":0,"jnews-multi-image_gallery":[],"jnews_single_post":{"subtitle":"","format":"standard","video":"","gallery":"","source_name":"","source_url":"","via_name":"","via_url":"","override_template":"0","override":[{"template":"1","single_blog_custom":"","parallax":"1","fullscreen":"1","layout":"right-sidebar","sidebar":"default-sidebar","second_sidebar":"default-sidebar","sticky_sidebar":"1","share_position":"top","share_float_style":"share-monocrhome","show_share_counter":"1","show_view_counter":"1","show_featured":"1","show_post_meta":"1","show_post_author":"1","show_post_author_image":"1","show_post_date":"1","post_date_format":"default","post_date_format_custom":"Y\/m\/d","show_post_category":"1","show_post_reading_time":"0","post_reading_time_wpm":"300","show_zoom_button":"0","zoom_button_out_step":"2","zoom_button_in_step":"3","show_post_tag":"1","show_prev_next_post":"1","show_popup_post":"1","number_popup_post":"1","show_author_box":"1","show_post_related":"0","show_inline_post_related":"0"}],"override_image_size":"0","image_override":[{"single_post_thumbnail_size":"crop-500","single_post_gallery_size":"crop-500"}],"trending_post":"0","trending_post_position":"meta","trending_post_label":"Trending","sponsored_post":"0","sponsored_post_label":"Sponsored by","sponsored_post_name":"","sponsored_post_url":"","sponsored_post_logo_enable":"0","sponsored_post_logo":"","sponsored_post_desc":"","disable_ad":"0"},"jnews_primary_category":{"id":""},"footnotes":""},"categories":[66,47],"tags":[99,1420,1419],"class_list":["post-90467","post","type-post","status-publish","format-standard","has-post-thumbnail","hentry","category-huamantla","category-municipios","tag-huamantla","tag-jose-hernandez-castillo","tag-placa"],"aioseo_notices":[],"_links":{"self":[{"href":"https:\/\/estado29.mx\/index.php?rest_route=\/wp\/v2\/posts\/90467","targetHints":{"allow":["GET"]}}],"collection":[{"href":"https:\/\/estado29.mx\/index.php?rest_route=\/wp\/v2\/posts"}],"about":[{"href":"https:\/\/estado29.mx\/index.php?rest_route=\/wp\/v2\/types\/post"}],"author":[{"embeddable":true,"href":"https:\/\/estado29.mx\/index.php?rest_route=\/wp\/v2\/users\/5"}],"replies":[{"embeddable":true,"href":"https:\/\/estado29.mx\/index.php?rest_route=%2Fwp%2Fv2%2Fcomments&post=90467"}],"version-history":[{"count":1,"href":"https:\/\/estado29.mx\/index.php?rest_route=\/wp\/v2\/posts\/90467\/revisions"}],"predecessor-version":[{"id":90469,"href":"https:\/\/estado29.mx\/index.php?rest_route=\/wp\/v2\/posts\/90467\/revisions\/90469"}],"wp:featuredmedia":[{"embeddable":true,"href":"https:\/\/estado29.mx\/index.php?rest_route=\/wp\/v2\/media\/90468"}],"wp:attachment":[{"href":"https:\/\/estado29.mx\/index.php?rest_route=%2Fwp%2Fv2%2Fmedia&parent=90467"}],"wp:term":[{"taxonomy":"category","embeddable":true,"href":"https:\/\/estado29.mx\/index.php?rest_route=%2Fwp%2Fv2%2Fcategories&post=90467"},{"taxonomy":"post_tag","embeddable":true,"href":"https:\/\/estado29.mx\/index.php?rest_route=%2Fwp%2Fv2%2Ftags&post=90467"}],"curies":[{"name":"wp","href":"https:\/\/api.w.org\/{rel}","templated":true}]}}