{"id":90718,"date":"2024-10-28T13:55:01","date_gmt":"2024-10-28T13:55:01","guid":{"rendered":"https:\/\/estado29.mx\/?p=90718"},"modified":"2024-10-28T13:55:02","modified_gmt":"2024-10-28T13:55:02","slug":"alejandro-armenta-promotor-de-la-cuarta-transformacion-y-defensor-de-los-recursos-de-mexico","status":"publish","type":"post","link":"https:\/\/estado29.mx\/?p=90718","title":{"rendered":"Alejandro Armenta: Promotor de la Cuarta Transformaci\u00f3n y defensor de los recursos de M\u00e9xico"},"content":{"rendered":"\n<p>-Destaca su voz cr\u00edtica y constante en contra de la corrupci\u00f3n y el abuso de poder.<\/p>\n\n\n\n<p>Puebla, Pue. Como representante del movimiento de Cuarta Transformaci\u00f3n en M\u00e9xico, Alejandro Armenta, al ser presidente del Senado de la Rep\u00fablica se caracteriz\u00f3 por el firme compromiso de la defensa de los recursos estrat\u00e9gicos y los principios de justicia social, promovidos por el expresidente, Andr\u00e9s Manuel L\u00f3pez Obrador, impuls\u00f3 la nacionalizaci\u00f3n del litio, recurso invaluable para el futuro econ\u00f3mico de nuestro pa\u00eds, con el fin de frenar intereses extranjeros y reforzando el objetivo de un pa\u00eds soberano y en control de sus riquezas naturales, siempre en beneficio del pueblo.<\/p>\n\n\n\n<p>Armenta ha sido tambi\u00e9n una voz cr\u00edtica y constante en contra de la corrupci\u00f3n y el abuso de poder; como senador de Morena enfrent\u00f3 una situaci\u00f3n con la entonces presidenta de la Suprema Corte de Justicia de la Naci\u00f3n (SCJN), Norma Pi\u00f1a, ya que, en mayo de 2023, Armenta denunci\u00f3 haber recibido mensajes &#8220;intimidantes&#8221; provenientes de Pi\u00f1a; por ello solicit\u00f3 transparencia en las relaciones entre el Poder Judicial y el Senado. Este acto de valent\u00eda evidenci\u00f3 las tensiones entre ambos poderes y resalt\u00f3 el papel de Alejandro Armenta en la defensa de los principios de &#8220;no mentir, no robar y no traicionar&#8221;, que sustentan al movimiento de Cuarta Transformaci\u00f3n.<\/p>\n\n\n\n<p>Durante la ceremonia de la Conmemoraci\u00f3n del D\u00eda de la Constituci\u00f3n, en su discurso del 5 de febrero de 2023, Armenta reiter\u00f3 su visi\u00f3n por una Reforma Judicial que respondiera a las necesidades del pueblo mexicano. Desde la hist\u00f3rica Casa de Xicot\u00e9ncatl, sede del Senado, abog\u00f3 por un Poder Judicial m\u00e1s accesible y comprometido con la justicia social, cuestionando los privilegios de algunos funcionarios y proponiendo una elecci\u00f3n popular de jueces y magistrados para garantizar que sirvan al pueblo. Su convicci\u00f3n por transformar el sistema de justicia refleja el esp\u00edritu de cambio estructural que define a la Cuarta Transformaci\u00f3n.<\/p>\n\n\n\n<p>Armenta ha demostrado en repetidas ocasiones su disposici\u00f3n a enfrentar desaf\u00edos en favor de M\u00e9xico, destac\u00e1ndose en confrontaciones con la senadora X\u00f3chitl G\u00e1lvez y otros miembros de la oposici\u00f3n cuando ha sido necesario. En cada instancia, su compromiso con los ciudadanos y su rol como uno de los pilares fundamentales de la Cuarta Transformaci\u00f3n, subrayan su inquebrantable convicci\u00f3n de que los recursos de M\u00e9xico y el poder judicial deben permanecer al servicio del pueblo, promoviendo siempre un cambio profundo y duradero para la naci\u00f3n.<\/p>\n","protected":false},"excerpt":{"rendered":"<p>-Destaca su voz cr\u00edtica y constante en contra de la corrupci\u00f3n y el abuso de poder. Puebla, Pue. Como representante del movimiento de Cuarta Transformaci\u00f3n en M\u00e9xico, Alejandro Armenta, al ser presidente del Senado de la Rep\u00fablica se caracteriz\u00f3 por el firme compromiso de la defensa de los recursos estrat\u00e9gicos y los principios de justicia [&hellip;]<\/p>\n","protected":false},"author":4,"featured_media":90719,"comment_status":"open","ping_status":"open","sticky":false,"template":"","format":"standard","meta":{"om_disable_all_campaigns":false,"_monsterinsights_skip_tracking":false,"_monsterinsights_sitenote_active":false,"_monsterinsights_sitenote_note":"","_monsterinsights_sitenote_category":0,"jnews-multi-image_gallery":[],"jnews_single_post":{"subtitle":"","format":"standard","video":"","gallery":"","source_name":"","source_url":"","via_name":"","via_url":"","override_template":"0","override":[{"template":"1","single_blog_custom":"","parallax":"1","fullscreen":"1","layout":"right-sidebar","sidebar":"default-sidebar","second_sidebar":"default-sidebar","sticky_sidebar":"1","share_position":"top","share_float_style":"share-monocrhome","show_share_counter":"1","show_view_counter":"1","show_featured":"1","show_post_meta":"1","show_post_author":"1","show_post_author_image":"1","show_post_date":"1","post_date_format":"default","post_date_format_custom":"Y\/m\/d","show_post_category":"1","show_post_reading_time":"0","post_reading_time_wpm":"300","show_zoom_button":"0","zoom_button_out_step":"2","zoom_button_in_step":"3","show_post_tag":"1","show_prev_next_post":"1","show_popup_post":"1","number_popup_post":"1","show_author_box":"1","show_post_related":"0","show_inline_post_related":"0"}],"override_image_size":"0","image_override":[{"single_post_thumbnail_size":"crop-500","single_post_gallery_size":"crop-500"}],"trending_post":"0","trending_post_position":"meta","trending_post_label":"Trending","sponsored_post":"0","sponsored_post_label":"Sponsored by","sponsored_post_name":"","sponsored_post_url":"","sponsored_post_logo_enable":"0","sponsored_post_logo":"","sponsored_post_desc":"","disable_ad":"0"},"jnews_primary_category":{"id":""},"footnotes":""},"categories":[47,51,46,1],"tags":[981,1458,293,123],"class_list":["post-90718","post","type-post","status-publish","format-standard","has-post-thumbnail","hentry","category-municipios","category-nacional","category-politica","category-uncategorized","tag-alejandro-armenta","tag-justicia","tag-mexico-2","tag-recursos"],"aioseo_notices":[],"_links":{"self":[{"href":"https:\/\/estado29.mx\/index.php?rest_route=\/wp\/v2\/posts\/90718","targetHints":{"allow":["GET"]}}],"collection":[{"href":"https:\/\/estado29.mx\/index.php?rest_route=\/wp\/v2\/posts"}],"about":[{"href":"https:\/\/estado29.mx\/index.php?rest_route=\/wp\/v2\/types\/post"}],"author":[{"embeddable":true,"href":"https:\/\/estado29.mx\/index.php?rest_route=\/wp\/v2\/users\/4"}],"replies":[{"embeddable":true,"href":"https:\/\/estado29.mx\/index.php?rest_route=%2Fwp%2Fv2%2Fcomments&post=90718"}],"version-history":[{"count":2,"href":"https:\/\/estado29.mx\/index.php?rest_route=\/wp\/v2\/posts\/90718\/revisions"}],"predecessor-version":[{"id":90721,"href":"https:\/\/estado29.mx\/index.php?rest_route=\/wp\/v2\/posts\/90718\/revisions\/90721"}],"wp:featuredmedia":[{"embeddable":true,"href":"https:\/\/estado29.mx\/index.php?rest_route=\/wp\/v2\/media\/90719"}],"wp:attachment":[{"href":"https:\/\/estado29.mx\/index.php?rest_route=%2Fwp%2Fv2%2Fmedia&parent=90718"}],"wp:term":[{"taxonomy":"category","embeddable":true,"href":"https:\/\/estado29.mx\/index.php?rest_route=%2Fwp%2Fv2%2Fcategories&post=90718"},{"taxonomy":"post_tag","embeddable":true,"href":"https:\/\/estado29.mx\/index.php?rest_route=%2Fwp%2Fv2%2Ftags&post=90718"}],"curies":[{"name":"wp","href":"https:\/\/api.w.org\/{rel}","templated":true}]}}