{"id":90749,"date":"2024-10-29T19:20:46","date_gmt":"2024-10-29T19:20:46","guid":{"rendered":"https:\/\/estado29.mx\/?p=90749"},"modified":"2024-10-29T19:20:46","modified_gmt":"2024-10-29T19:20:46","slug":"celebra-grupo-de-ballet-de-danza-folklorica-de-cuapiaxtla-su-15-aniversario-con-participaciones-en-region-oriente-de-tlaxcala","status":"publish","type":"post","link":"https:\/\/estado29.mx\/?p=90749","title":{"rendered":"Celebra Grupo de Ballet de Danza Folkl\u00f3rica de Cuapiaxtla su 15 Aniversario con participaciones en Regi\u00f3n Oriente de Tlaxcala."},"content":{"rendered":"\n<p><br>La Directora del Grupo de Ballet de Danza Folkl\u00f3rica Ollinqueztalli, del Municipio de Cuapiaxtla, Vanesa Barrientos Belmonte, refiri\u00f3 que dentro de las actividades del \u201cNoveno Encuentro Regional y Tercer Encuentro Internacional de Danza Folkl\u00f3rica\u201d, que se realiza en la zona Oriente de Tlaxcala, tambi\u00e9n se encuentra la Celebraci\u00f3n del 15 Aniversario de esta agrupaci\u00f3n que representa.<\/p>\n\n\n\n<p><br>Vanesa Barrientos, puntualiz\u00f3 que es orgullo participar y representar a Tlaxcala, as\u00ed como a M\u00e9xico en estos encuentros de talla Internacional.<\/p>\n\n\n\n<p><br>Asimismo hizo la invitaci\u00f3n a la ciudadan\u00eda en general a participar de estas actividades en los diversos municipios donde har\u00e1n sus presentaciones y conozcan la diversidad cultural, pues en esta ocasi\u00f3n participan pa\u00edses como Costa Rica, Colombia y Bolivia.<\/p>\n\n\n<figure class=\"wp-block-post-featured-image\"><img loading=\"lazy\" decoding=\"async\" width=\"2560\" height=\"1920\" src=\"https:\/\/estado29.mx\/wp-content\/uploads\/2024\/10\/IMG_20241026_162943-min-scaled.jpg\" class=\"attachment-post-thumbnail size-post-thumbnail wp-post-image\" alt=\"\" style=\"object-fit:cover;\" srcset=\"https:\/\/estado29.mx\/wp-content\/uploads\/2024\/10\/IMG_20241026_162943-min-scaled.jpg 2560w, https:\/\/estado29.mx\/wp-content\/uploads\/2024\/10\/IMG_20241026_162943-min-300x225.jpg 300w, https:\/\/estado29.mx\/wp-content\/uploads\/2024\/10\/IMG_20241026_162943-min-1024x768.jpg 1024w, https:\/\/estado29.mx\/wp-content\/uploads\/2024\/10\/IMG_20241026_162943-min-768x576.jpg 768w, https:\/\/estado29.mx\/wp-content\/uploads\/2024\/10\/IMG_20241026_162943-min-1536x1152.jpg 1536w, https:\/\/estado29.mx\/wp-content\/uploads\/2024\/10\/IMG_20241026_162943-min-2048x1536.jpg 2048w, https:\/\/estado29.mx\/wp-content\/uploads\/2024\/10\/IMG_20241026_162943-min-750x563.jpg 750w, https:\/\/estado29.mx\/wp-content\/uploads\/2024\/10\/IMG_20241026_162943-min-1140x855.jpg 1140w\" sizes=\"auto, (max-width: 2560px) 100vw, 2560px\" \/><\/figure>","protected":false},"excerpt":{"rendered":"<p>La Directora del Grupo de Ballet de Danza Folkl\u00f3rica Ollinqueztalli, del Municipio de Cuapiaxtla, Vanesa Barrientos Belmonte, refiri\u00f3 que dentro de las actividades del \u201cNoveno Encuentro Regional y Tercer Encuentro Internacional de Danza Folkl\u00f3rica\u201d, que se realiza en la zona Oriente de Tlaxcala, tambi\u00e9n se encuentra la Celebraci\u00f3n del 15 Aniversario de esta agrupaci\u00f3n que [&hellip;]<\/p>\n","protected":false},"author":7,"featured_media":90750,"comment_status":"open","ping_status":"open","sticky":false,"template":"","format":"standard","meta":{"om_disable_all_campaigns":false,"_monsterinsights_skip_tracking":false,"_monsterinsights_sitenote_active":false,"_monsterinsights_sitenote_note":"","_monsterinsights_sitenote_category":0,"jnews-multi-image_gallery":[],"jnews_single_post":{"subtitle":"","format":"standard","video":"","gallery":"","source_name":"","source_url":"","via_name":"","via_url":"","override_template":"0","override":[{"template":"1","single_blog_custom":"","parallax":"1","fullscreen":"1","layout":"right-sidebar","sidebar":"default-sidebar","second_sidebar":"default-sidebar","sticky_sidebar":"1","share_position":"top","share_float_style":"share-monocrhome","show_share_counter":"1","show_view_counter":"1","show_featured":"1","show_post_meta":"1","show_post_author":"1","show_post_author_image":"1","show_post_date":"1","post_date_format":"default","post_date_format_custom":"Y\/m\/d","show_post_category":"1","show_post_reading_time":"0","post_reading_time_wpm":"300","show_zoom_button":"0","zoom_button_out_step":"2","zoom_button_in_step":"3","show_post_tag":"1","show_prev_next_post":"1","show_popup_post":"1","number_popup_post":"1","show_author_box":"1","show_post_related":"0","show_inline_post_related":"0"}],"override_image_size":"0","image_override":[{"single_post_thumbnail_size":"crop-500","single_post_gallery_size":"crop-500"}],"trending_post":"0","trending_post_position":"meta","trending_post_label":"Trending","sponsored_post":"0","sponsored_post_label":"Sponsored by","sponsored_post_name":"","sponsored_post_url":"","sponsored_post_logo_enable":"0","sponsored_post_logo":"","sponsored_post_desc":"","disable_ad":"0"},"jnews_primary_category":{"id":""},"footnotes":""},"categories":[1],"tags":[],"class_list":["post-90749","post","type-post","status-publish","format-standard","has-post-thumbnail","hentry","category-uncategorized"],"aioseo_notices":[],"_links":{"self":[{"href":"https:\/\/estado29.mx\/index.php?rest_route=\/wp\/v2\/posts\/90749","targetHints":{"allow":["GET"]}}],"collection":[{"href":"https:\/\/estado29.mx\/index.php?rest_route=\/wp\/v2\/posts"}],"about":[{"href":"https:\/\/estado29.mx\/index.php?rest_route=\/wp\/v2\/types\/post"}],"author":[{"embeddable":true,"href":"https:\/\/estado29.mx\/index.php?rest_route=\/wp\/v2\/users\/7"}],"replies":[{"embeddable":true,"href":"https:\/\/estado29.mx\/index.php?rest_route=%2Fwp%2Fv2%2Fcomments&post=90749"}],"version-history":[{"count":1,"href":"https:\/\/estado29.mx\/index.php?rest_route=\/wp\/v2\/posts\/90749\/revisions"}],"predecessor-version":[{"id":90751,"href":"https:\/\/estado29.mx\/index.php?rest_route=\/wp\/v2\/posts\/90749\/revisions\/90751"}],"wp:featuredmedia":[{"embeddable":true,"href":"https:\/\/estado29.mx\/index.php?rest_route=\/wp\/v2\/media\/90750"}],"wp:attachment":[{"href":"https:\/\/estado29.mx\/index.php?rest_route=%2Fwp%2Fv2%2Fmedia&parent=90749"}],"wp:term":[{"taxonomy":"category","embeddable":true,"href":"https:\/\/estado29.mx\/index.php?rest_route=%2Fwp%2Fv2%2Fcategories&post=90749"},{"taxonomy":"post_tag","embeddable":true,"href":"https:\/\/estado29.mx\/index.php?rest_route=%2Fwp%2Fv2%2Ftags&post=90749"}],"curies":[{"name":"wp","href":"https:\/\/api.w.org\/{rel}","templated":true}]}}