{"id":90753,"date":"2024-10-29T23:47:36","date_gmt":"2024-10-29T23:47:36","guid":{"rendered":"https:\/\/estado29.mx\/?p=90753"},"modified":"2024-10-29T23:47:36","modified_gmt":"2024-10-29T23:47:36","slug":"unete-al-taller-de-corte-y-confeccion-de-dif-huamantla","status":"publish","type":"post","link":"https:\/\/estado29.mx\/?p=90753","title":{"rendered":"\u00a1\u00danete al Taller de Corte y Confecci\u00f3n de DIF Huamantla!"},"content":{"rendered":"<figure class=\"wp-block-post-featured-image\"><img loading=\"lazy\" decoding=\"async\" width=\"1280\" height=\"853\" src=\"https:\/\/estado29.mx\/wp-content\/uploads\/2024\/10\/WhatsApp-Image-2024-10-29-at-3.39.36-PM.jpeg\" class=\"attachment-post-thumbnail size-post-thumbnail wp-post-image\" alt=\"\" style=\"object-fit:cover;\" srcset=\"https:\/\/estado29.mx\/wp-content\/uploads\/2024\/10\/WhatsApp-Image-2024-10-29-at-3.39.36-PM.jpeg 1280w, https:\/\/estado29.mx\/wp-content\/uploads\/2024\/10\/WhatsApp-Image-2024-10-29-at-3.39.36-PM-300x200.jpeg 300w, https:\/\/estado29.mx\/wp-content\/uploads\/2024\/10\/WhatsApp-Image-2024-10-29-at-3.39.36-PM-1024x682.jpeg 1024w, https:\/\/estado29.mx\/wp-content\/uploads\/2024\/10\/WhatsApp-Image-2024-10-29-at-3.39.36-PM-768x512.jpeg 768w, https:\/\/estado29.mx\/wp-content\/uploads\/2024\/10\/WhatsApp-Image-2024-10-29-at-3.39.36-PM-750x500.jpeg 750w, https:\/\/estado29.mx\/wp-content\/uploads\/2024\/10\/WhatsApp-Image-2024-10-29-at-3.39.36-PM-1140x760.jpeg 1140w\" sizes=\"auto, (max-width: 1280px) 100vw, 1280px\" \/><\/figure>\n\n\n<p>El Sistema Municipal para el Desarrollo Integral de la Familia (SMDIF) de Huamantla te invita a participar en su Taller de Corte y Confecci\u00f3n, una excelente oportunidad para desarrollar tus habilidades en dise\u00f1o y confecci\u00f3n de prendas de vestir.<\/p>\n\n\n\n<p>\u00bfC\u00f3mo participar?<\/p>\n\n\n\n<ul class=\"wp-block-list\">\n<li>Inscripciones abiertas en las oficinas de DIF Huamantla (Bulevar Fernando Hern\u00e1ndez Carrasco 101)<\/li>\n\n\n\n<li>Horario de inscripci\u00f3n: 9:00 a 16:30 horas<\/li>\n\n\n\n<li>Elige entre dos horarios: turno matutino (9:30 a 12:30 horas) o vespertino (16:00 a 19:00 horas)<\/li>\n\n\n\n<li>Requisitos para registrarse: copia de identificaci\u00f3n oficial (INE), CURP y comprobante de domicilio vigente (no m\u00e1s de 3 meses de antig\u00fcedad)<\/li>\n<\/ul>\n\n\n\n<p>Este taller forma parte de las acciones del Gobierno Municipal, presidido por Salvador Santos Cedillo, para mejorar la calidad de vida de los ciudadanos mediante la adquisici\u00f3n de nuevas habilidades.<\/p>\n","protected":false},"excerpt":{"rendered":"<p>El Sistema Municipal para el Desarrollo Integral de la Familia (SMDIF) de Huamantla te invita a participar en su Taller de Corte y Confecci\u00f3n, una excelente oportunidad para desarrollar tus habilidades en dise\u00f1o y confecci\u00f3n de prendas de vestir. \u00bfC\u00f3mo participar? Este taller forma parte de las acciones del Gobierno Municipal, presidido por Salvador Santos [&hellip;]<\/p>\n","protected":false},"author":4,"featured_media":90754,"comment_status":"open","ping_status":"open","sticky":false,"template":"","format":"standard","meta":{"om_disable_all_campaigns":false,"_monsterinsights_skip_tracking":false,"_monsterinsights_sitenote_active":false,"_monsterinsights_sitenote_note":"","_monsterinsights_sitenote_category":0,"jnews-multi-image_gallery":[],"jnews_single_post":{"subtitle":"","format":"standard","video":"","gallery":"","source_name":"","source_url":"","via_name":"","via_url":"","override_template":"0","override":[{"template":"1","single_blog_custom":"","parallax":"1","fullscreen":"1","layout":"right-sidebar","sidebar":"default-sidebar","second_sidebar":"default-sidebar","sticky_sidebar":"1","share_position":"top","share_float_style":"share-monocrhome","show_share_counter":"1","show_view_counter":"1","show_featured":"1","show_post_meta":"1","show_post_author":"1","show_post_author_image":"1","show_post_date":"1","post_date_format":"default","post_date_format_custom":"Y\/m\/d","show_post_category":"1","show_post_reading_time":"0","post_reading_time_wpm":"300","show_zoom_button":"0","zoom_button_out_step":"2","zoom_button_in_step":"3","show_post_tag":"1","show_prev_next_post":"1","show_popup_post":"1","number_popup_post":"1","show_author_box":"1","show_post_related":"0","show_inline_post_related":"0"}],"override_image_size":"0","image_override":[{"single_post_thumbnail_size":"crop-500","single_post_gallery_size":"crop-500"}],"trending_post":"0","trending_post_position":"meta","trending_post_label":"Trending","sponsored_post":"0","sponsored_post_label":"Sponsored by","sponsored_post_name":"","sponsored_post_url":"","sponsored_post_logo_enable":"0","sponsored_post_logo":"","sponsored_post_desc":"","disable_ad":"0"},"jnews_primary_category":{"id":""},"footnotes":""},"categories":[1],"tags":[],"class_list":["post-90753","post","type-post","status-publish","format-standard","has-post-thumbnail","hentry","category-uncategorized"],"aioseo_notices":[],"_links":{"self":[{"href":"https:\/\/estado29.mx\/index.php?rest_route=\/wp\/v2\/posts\/90753","targetHints":{"allow":["GET"]}}],"collection":[{"href":"https:\/\/estado29.mx\/index.php?rest_route=\/wp\/v2\/posts"}],"about":[{"href":"https:\/\/estado29.mx\/index.php?rest_route=\/wp\/v2\/types\/post"}],"author":[{"embeddable":true,"href":"https:\/\/estado29.mx\/index.php?rest_route=\/wp\/v2\/users\/4"}],"replies":[{"embeddable":true,"href":"https:\/\/estado29.mx\/index.php?rest_route=%2Fwp%2Fv2%2Fcomments&post=90753"}],"version-history":[{"count":1,"href":"https:\/\/estado29.mx\/index.php?rest_route=\/wp\/v2\/posts\/90753\/revisions"}],"predecessor-version":[{"id":90755,"href":"https:\/\/estado29.mx\/index.php?rest_route=\/wp\/v2\/posts\/90753\/revisions\/90755"}],"wp:featuredmedia":[{"embeddable":true,"href":"https:\/\/estado29.mx\/index.php?rest_route=\/wp\/v2\/media\/90754"}],"wp:attachment":[{"href":"https:\/\/estado29.mx\/index.php?rest_route=%2Fwp%2Fv2%2Fmedia&parent=90753"}],"wp:term":[{"taxonomy":"category","embeddable":true,"href":"https:\/\/estado29.mx\/index.php?rest_route=%2Fwp%2Fv2%2Fcategories&post=90753"},{"taxonomy":"post_tag","embeddable":true,"href":"https:\/\/estado29.mx\/index.php?rest_route=%2Fwp%2Fv2%2Ftags&post=90753"}],"curies":[{"name":"wp","href":"https:\/\/api.w.org\/{rel}","templated":true}]}}