{"id":90756,"date":"2024-10-29T23:50:08","date_gmt":"2024-10-29T23:50:08","guid":{"rendered":"https:\/\/estado29.mx\/?p=90756"},"modified":"2024-10-29T23:50:09","modified_gmt":"2024-10-29T23:50:09","slug":"detiene-policia-municipal-de-huamantla-a-presunto-ladron-en-la-preciosa","status":"publish","type":"post","link":"https:\/\/estado29.mx\/?p=90756","title":{"rendered":"Detiene Polic\u00eda Municipal de Huamantla a presunto ladr\u00f3n en La Preciosa"},"content":{"rendered":"<figure class=\"wp-block-post-featured-image\"><img loading=\"lazy\" decoding=\"async\" width=\"1024\" height=\"1024\" src=\"https:\/\/estado29.mx\/wp-content\/uploads\/2024\/10\/WhatsApp-Image-2024-10-29-at-3.52.10-PM-1.jpeg\" class=\"attachment-post-thumbnail size-post-thumbnail wp-post-image\" alt=\"\" style=\"object-fit:cover;\" srcset=\"https:\/\/estado29.mx\/wp-content\/uploads\/2024\/10\/WhatsApp-Image-2024-10-29-at-3.52.10-PM-1.jpeg 1024w, https:\/\/estado29.mx\/wp-content\/uploads\/2024\/10\/WhatsApp-Image-2024-10-29-at-3.52.10-PM-1-300x300.jpeg 300w, https:\/\/estado29.mx\/wp-content\/uploads\/2024\/10\/WhatsApp-Image-2024-10-29-at-3.52.10-PM-1-150x150.jpeg 150w, https:\/\/estado29.mx\/wp-content\/uploads\/2024\/10\/WhatsApp-Image-2024-10-29-at-3.52.10-PM-1-768x768.jpeg 768w, https:\/\/estado29.mx\/wp-content\/uploads\/2024\/10\/WhatsApp-Image-2024-10-29-at-3.52.10-PM-1-75x75.jpeg 75w, https:\/\/estado29.mx\/wp-content\/uploads\/2024\/10\/WhatsApp-Image-2024-10-29-at-3.52.10-PM-1-350x350.jpeg 350w, https:\/\/estado29.mx\/wp-content\/uploads\/2024\/10\/WhatsApp-Image-2024-10-29-at-3.52.10-PM-1-750x750.jpeg 750w\" sizes=\"auto, (max-width: 1024px) 100vw, 1024px\" \/><\/figure>\n\n\n<p>Elementos de la Polic\u00eda Municipal de Huamantla lograron la detenci\u00f3n de un hombre se\u00f1alado como responsable de diversos robos en la zona de La Preciosa, el cual fue sorprendido mientras desprend\u00eda una puerta, cableado y tuber\u00eda de una vivienda.<\/p>\n\n\n\n<p>Al momento de su detenci\u00f3n, dicha persona se identific\u00f3 como Jorge \u201cN\u201d y confes\u00f3 haber cometido otros il\u00edcitos en la misma zona, por lo que fue puesto a disposici\u00f3n de las autoridades correspondientes para que se determine su situaci\u00f3n legal y se inicien las investigaciones del caso.<\/p>\n\n\n\n<p>Ante ello, la Polic\u00eda Municipal de Huamantla pidi\u00f3 a los vecinos de la zona interponer las denuncias correspondientes, a fin de que no queden impunes estos actos delictivos.<\/p>\n\n\n\n<h1 class=\"wp-block-heading\"><\/h1>\n","protected":false},"excerpt":{"rendered":"<p>Elementos de la Polic\u00eda Municipal de Huamantla lograron la detenci\u00f3n de un hombre se\u00f1alado como responsable de diversos robos en la zona de La Preciosa, el cual fue sorprendido mientras desprend\u00eda una puerta, cableado y tuber\u00eda de una vivienda. Al momento de su detenci\u00f3n, dicha persona se identific\u00f3 como Jorge \u201cN\u201d y confes\u00f3 haber cometido [&hellip;]<\/p>\n","protected":false},"author":4,"featured_media":90757,"comment_status":"open","ping_status":"open","sticky":false,"template":"","format":"standard","meta":{"om_disable_all_campaigns":false,"_monsterinsights_skip_tracking":false,"_monsterinsights_sitenote_active":false,"_monsterinsights_sitenote_note":"","_monsterinsights_sitenote_category":0,"jnews-multi-image_gallery":[],"jnews_single_post":{"subtitle":"","format":"standard","video":"","gallery":"","source_name":"","source_url":"","via_name":"","via_url":"","override_template":"0","override":[{"template":"1","single_blog_custom":"","parallax":"1","fullscreen":"1","layout":"right-sidebar","sidebar":"default-sidebar","second_sidebar":"default-sidebar","sticky_sidebar":"1","share_position":"top","share_float_style":"share-monocrhome","show_share_counter":"1","show_view_counter":"1","show_featured":"1","show_post_meta":"1","show_post_author":"1","show_post_author_image":"1","show_post_date":"1","post_date_format":"default","post_date_format_custom":"Y\/m\/d","show_post_category":"1","show_post_reading_time":"0","post_reading_time_wpm":"300","show_zoom_button":"0","zoom_button_out_step":"2","zoom_button_in_step":"3","show_post_tag":"1","show_prev_next_post":"1","show_popup_post":"1","number_popup_post":"1","show_author_box":"1","show_post_related":"0","show_inline_post_related":"0"}],"override_image_size":"0","image_override":[{"single_post_thumbnail_size":"crop-500","single_post_gallery_size":"crop-500"}],"trending_post":"0","trending_post_position":"meta","trending_post_label":"Trending","sponsored_post":"0","sponsored_post_label":"Sponsored by","sponsored_post_name":"","sponsored_post_url":"","sponsored_post_logo_enable":"0","sponsored_post_logo":"","sponsored_post_desc":"","disable_ad":"0"},"jnews_primary_category":{"id":""},"footnotes":""},"categories":[1],"tags":[],"class_list":["post-90756","post","type-post","status-publish","format-standard","has-post-thumbnail","hentry","category-uncategorized"],"aioseo_notices":[],"_links":{"self":[{"href":"https:\/\/estado29.mx\/index.php?rest_route=\/wp\/v2\/posts\/90756","targetHints":{"allow":["GET"]}}],"collection":[{"href":"https:\/\/estado29.mx\/index.php?rest_route=\/wp\/v2\/posts"}],"about":[{"href":"https:\/\/estado29.mx\/index.php?rest_route=\/wp\/v2\/types\/post"}],"author":[{"embeddable":true,"href":"https:\/\/estado29.mx\/index.php?rest_route=\/wp\/v2\/users\/4"}],"replies":[{"embeddable":true,"href":"https:\/\/estado29.mx\/index.php?rest_route=%2Fwp%2Fv2%2Fcomments&post=90756"}],"version-history":[{"count":2,"href":"https:\/\/estado29.mx\/index.php?rest_route=\/wp\/v2\/posts\/90756\/revisions"}],"predecessor-version":[{"id":90808,"href":"https:\/\/estado29.mx\/index.php?rest_route=\/wp\/v2\/posts\/90756\/revisions\/90808"}],"wp:featuredmedia":[{"embeddable":true,"href":"https:\/\/estado29.mx\/index.php?rest_route=\/wp\/v2\/media\/90757"}],"wp:attachment":[{"href":"https:\/\/estado29.mx\/index.php?rest_route=%2Fwp%2Fv2%2Fmedia&parent=90756"}],"wp:term":[{"taxonomy":"category","embeddable":true,"href":"https:\/\/estado29.mx\/index.php?rest_route=%2Fwp%2Fv2%2Fcategories&post=90756"},{"taxonomy":"post_tag","embeddable":true,"href":"https:\/\/estado29.mx\/index.php?rest_route=%2Fwp%2Fv2%2Ftags&post=90756"}],"curies":[{"name":"wp","href":"https:\/\/api.w.org\/{rel}","templated":true}]}}