{"id":90840,"date":"2024-10-31T02:11:42","date_gmt":"2024-10-31T02:11:42","guid":{"rendered":"https:\/\/estado29.mx\/?p=90840"},"modified":"2024-10-31T02:12:22","modified_gmt":"2024-10-31T02:12:22","slug":"arranca-en-el-carmen-tequexquitla-operativo-de-seguridad-por-temporada-de-dias-de-muertos","status":"publish","type":"post","link":"https:\/\/estado29.mx\/?p=90840","title":{"rendered":"Arranca en El Carmen Tequexquitla Operativo de Seguridad por Temporada de D\u00edas de Muertos."},"content":{"rendered":"\n<p><br>El Comisario de Seguridad P\u00fablica en el Municipio de El Carmen Tequexquitla, V\u00edctor Garc\u00eda Ch\u00e9ver, indic\u00f3 que el d\u00eda de hoy 31 de octubre da inicio el Operativo de Seguridad con motivo de D\u00edas de Muertos.<\/p>\n\n\n\n<p><br>El Comisario de Seguridad, puntualiz\u00f3 que este operativo, terminar\u00e1 el pr\u00f3ximo domingo 3 de noviembre, en donde estar\u00e1n trabajando de manera conjunta con Coordinaci\u00f3n de Protecci\u00f3n Civil Municipal y Guardia Nacional.<\/p>\n\n\n\n<p><br>Asimismo, Garc\u00eda Ch\u00e9ver, agreg\u00f3 que se desplegar\u00e1n los elementos, con los que cuenta esta corporaci\u00f3n, en los cementerios con que cuenta el municipio, as\u00ed como rondines constantes por las comunidades y cabecera municipal, a fin de garantizar la seguridad a pobladores y visitantes del lugar.<\/p>\n\n\n\n<p><br>Para finalizar, el Comisario de Seguridad, hizo el llamado a la ciudadan\u00eda a mantener el orden y a evitar ingerir bebidas embriagantes, si van a conducir para evitar incidentes y p\u00e9rdidas humanas en estas fechas.<\/p>\n\n\n<figure class=\"wp-block-post-featured-image\"><img loading=\"lazy\" decoding=\"async\" width=\"2560\" height=\"1920\" src=\"https:\/\/estado29.mx\/wp-content\/uploads\/2024\/10\/IMG_20241030_181221-min-scaled.jpg\" class=\"attachment-post-thumbnail size-post-thumbnail wp-post-image\" alt=\"\" style=\"object-fit:cover;\" srcset=\"https:\/\/estado29.mx\/wp-content\/uploads\/2024\/10\/IMG_20241030_181221-min-scaled.jpg 2560w, https:\/\/estado29.mx\/wp-content\/uploads\/2024\/10\/IMG_20241030_181221-min-300x225.jpg 300w, https:\/\/estado29.mx\/wp-content\/uploads\/2024\/10\/IMG_20241030_181221-min-1024x768.jpg 1024w, https:\/\/estado29.mx\/wp-content\/uploads\/2024\/10\/IMG_20241030_181221-min-768x576.jpg 768w, https:\/\/estado29.mx\/wp-content\/uploads\/2024\/10\/IMG_20241030_181221-min-1536x1152.jpg 1536w, https:\/\/estado29.mx\/wp-content\/uploads\/2024\/10\/IMG_20241030_181221-min-2048x1536.jpg 2048w, https:\/\/estado29.mx\/wp-content\/uploads\/2024\/10\/IMG_20241030_181221-min-750x563.jpg 750w, https:\/\/estado29.mx\/wp-content\/uploads\/2024\/10\/IMG_20241030_181221-min-1140x855.jpg 1140w\" sizes=\"auto, (max-width: 2560px) 100vw, 2560px\" \/><\/figure>","protected":false},"excerpt":{"rendered":"<p>El Comisario de Seguridad P\u00fablica en el Municipio de El Carmen Tequexquitla, V\u00edctor Garc\u00eda Ch\u00e9ver, indic\u00f3 que el d\u00eda de hoy 31 de octubre da inicio el Operativo de Seguridad con motivo de D\u00edas de Muertos. El Comisario de Seguridad, puntualiz\u00f3 que este operativo, terminar\u00e1 el pr\u00f3ximo domingo 3 de noviembre, en donde estar\u00e1n trabajando [&hellip;]<\/p>\n","protected":false},"author":7,"featured_media":90841,"comment_status":"open","ping_status":"open","sticky":false,"template":"","format":"standard","meta":{"om_disable_all_campaigns":false,"_monsterinsights_skip_tracking":false,"_monsterinsights_sitenote_active":false,"_monsterinsights_sitenote_note":"","_monsterinsights_sitenote_category":0,"jnews-multi-image_gallery":[],"jnews_single_post":{"subtitle":"","format":"standard","video":"","gallery":"","source_name":"","source_url":"","via_name":"","via_url":"","override_template":"0","override":[{"template":"1","single_blog_custom":"","parallax":"1","fullscreen":"1","layout":"right-sidebar","sidebar":"default-sidebar","second_sidebar":"default-sidebar","sticky_sidebar":"1","share_position":"top","share_float_style":"share-monocrhome","show_share_counter":"1","show_view_counter":"1","show_featured":"1","show_post_meta":"1","show_post_author":"1","show_post_author_image":"1","show_post_date":"1","post_date_format":"default","post_date_format_custom":"Y\/m\/d","show_post_category":"1","show_post_reading_time":"0","post_reading_time_wpm":"300","show_zoom_button":"0","zoom_button_out_step":"2","zoom_button_in_step":"3","show_post_tag":"1","show_prev_next_post":"1","show_popup_post":"1","number_popup_post":"1","show_author_box":"1","show_post_related":"0","show_inline_post_related":"0"}],"override_image_size":"0","image_override":[{"single_post_thumbnail_size":"crop-500","single_post_gallery_size":"crop-500"}],"trending_post":"0","trending_post_position":"meta","trending_post_label":"Trending","sponsored_post":"0","sponsored_post_label":"Sponsored by","sponsored_post_name":"","sponsored_post_url":"","sponsored_post_logo_enable":"0","sponsored_post_logo":"","sponsored_post_desc":"","disable_ad":"0"},"jnews_primary_category":{"id":""},"footnotes":""},"categories":[1],"tags":[],"class_list":["post-90840","post","type-post","status-publish","format-standard","has-post-thumbnail","hentry","category-uncategorized"],"aioseo_notices":[],"_links":{"self":[{"href":"https:\/\/estado29.mx\/index.php?rest_route=\/wp\/v2\/posts\/90840","targetHints":{"allow":["GET"]}}],"collection":[{"href":"https:\/\/estado29.mx\/index.php?rest_route=\/wp\/v2\/posts"}],"about":[{"href":"https:\/\/estado29.mx\/index.php?rest_route=\/wp\/v2\/types\/post"}],"author":[{"embeddable":true,"href":"https:\/\/estado29.mx\/index.php?rest_route=\/wp\/v2\/users\/7"}],"replies":[{"embeddable":true,"href":"https:\/\/estado29.mx\/index.php?rest_route=%2Fwp%2Fv2%2Fcomments&post=90840"}],"version-history":[{"count":1,"href":"https:\/\/estado29.mx\/index.php?rest_route=\/wp\/v2\/posts\/90840\/revisions"}],"predecessor-version":[{"id":90842,"href":"https:\/\/estado29.mx\/index.php?rest_route=\/wp\/v2\/posts\/90840\/revisions\/90842"}],"wp:featuredmedia":[{"embeddable":true,"href":"https:\/\/estado29.mx\/index.php?rest_route=\/wp\/v2\/media\/90841"}],"wp:attachment":[{"href":"https:\/\/estado29.mx\/index.php?rest_route=%2Fwp%2Fv2%2Fmedia&parent=90840"}],"wp:term":[{"taxonomy":"category","embeddable":true,"href":"https:\/\/estado29.mx\/index.php?rest_route=%2Fwp%2Fv2%2Fcategories&post=90840"},{"taxonomy":"post_tag","embeddable":true,"href":"https:\/\/estado29.mx\/index.php?rest_route=%2Fwp%2Fv2%2Ftags&post=90840"}],"curies":[{"name":"wp","href":"https:\/\/api.w.org\/{rel}","templated":true}]}}