{"id":90845,"date":"2024-10-31T12:01:05","date_gmt":"2024-10-31T12:01:05","guid":{"rendered":"https:\/\/estado29.mx\/?p=90845"},"modified":"2024-10-31T12:01:05","modified_gmt":"2024-10-31T12:01:05","slug":"inauguran-festival-de-dia-de-muertos-amados-por-siempre-en-huamantla","status":"publish","type":"post","link":"https:\/\/estado29.mx\/?p=90845","title":{"rendered":"Inauguran festival de d\u00eda de muertos \u201cAmados por siempre\u201d en Huamantla."},"content":{"rendered":"\n<p>En el marco de la temporada de Todos Santos, por tercer a\u00f1o consecutivo en el municipio de Huamantla, se inaugur\u00f3 el festival de d\u00eda de muertos denominado \u201cAmados por siempre\u201d.<\/p>\n\n\n\n<p>Bajo la coordinaci\u00f3n del cantante huamantleco Carlos Rivera y el ayuntamiento que preside Salvador Santos Cedillo, es que fue posible la realizaci\u00f3n de este evento en su tercera edici\u00f3n.<\/p>\n\n\n\n<p>Fabricio Mena Rodr\u00edguez, en representaci\u00f3n de la Gobernadora del Estado, Lorena Cu\u00e9llar, reconoci\u00f3 el arduo trabajo que han puesto las autoridades para lograr posicionar a Huamantla como el principal foco de atenci\u00f3n en la entidad tlaxcalteca en el \u00e1mbito tur\u00edstico.<\/p>\n\n\n\n<p>David Calva Corona, director esc\u00e9nico, agradeci\u00f3 la oportunidad que le brindan las autoridades y se\u00f1al\u00f3 todo el equipo con el que trabaja pondr\u00e1n todo su entusiasmo para realizar el recorrido en el festival donde destac\u00f3 la puesta en escena de una leyenda acompa\u00f1ada de un t\u00edtere gigante.<\/p>\n\n\n\n<p>Francisco Montiel, alfombrista huamantleco, expres\u00f3 su total agradecimiento y respaldo en este proyecto, pues siempre es grato hacer este tipo de arte pero realizarlo en Huamantla, da mayor orgullo.<\/p>\n\n\n\n<p>Alejandro Lira Carmona, puntualiz\u00f3 que todo el trabajo ha sido arduo pero siempre con la finalidad de que Huamantla, sobre salga del resto de municipios y compita en esta tradici\u00f3n a nivel nacional.<\/p>\n\n\n\n<p>Al finalizar Salvador Santos Cedillo, agradeci\u00f3 a todos los participantes as\u00ed como las empresas privadas para hacer de este proyecto una realidad.<\/p>\n\n\n\n<p>Finalmente se invit\u00f3 a disfrutar de este festival que durar\u00e1 hasta el 3 de noviembre y se espera la llegada de al rededor de 40 mil personas, tan solo en 5 d\u00edas.<\/p>\n","protected":false},"excerpt":{"rendered":"<p>En el marco de la temporada de Todos Santos, por tercer a\u00f1o consecutivo en el municipio de Huamantla, se inaugur\u00f3 el festival de d\u00eda de muertos denominado \u201cAmados por siempre\u201d. Bajo la coordinaci\u00f3n del cantante huamantleco Carlos Rivera y el ayuntamiento que preside Salvador Santos Cedillo, es que fue posible la realizaci\u00f3n de este evento [&hellip;]<\/p>\n","protected":false},"author":5,"featured_media":90846,"comment_status":"open","ping_status":"open","sticky":false,"template":"","format":"standard","meta":{"om_disable_all_campaigns":false,"_monsterinsights_skip_tracking":false,"_monsterinsights_sitenote_active":false,"_monsterinsights_sitenote_note":"","_monsterinsights_sitenote_category":0,"jnews-multi-image_gallery":[],"jnews_single_post":{"subtitle":"","format":"standard","video":"","gallery":"","source_name":"","source_url":"","via_name":"","via_url":"","override_template":"0","override":[{"template":"1","single_blog_custom":"","parallax":"1","fullscreen":"1","layout":"right-sidebar","sidebar":"default-sidebar","second_sidebar":"default-sidebar","sticky_sidebar":"1","share_position":"top","share_float_style":"share-monocrhome","show_share_counter":"1","show_view_counter":"1","show_featured":"1","show_post_meta":"1","show_post_author":"1","show_post_author_image":"1","show_post_date":"1","post_date_format":"default","post_date_format_custom":"Y\/m\/d","show_post_category":"1","show_post_reading_time":"0","post_reading_time_wpm":"300","show_zoom_button":"0","zoom_button_out_step":"2","zoom_button_in_step":"3","show_post_tag":"1","show_prev_next_post":"1","show_popup_post":"1","number_popup_post":"1","show_author_box":"1","show_post_related":"0","show_inline_post_related":"0"}],"override_image_size":"0","image_override":[{"single_post_thumbnail_size":"crop-500","single_post_gallery_size":"crop-500"}],"trending_post":"0","trending_post_position":"meta","trending_post_label":"Trending","sponsored_post":"0","sponsored_post_label":"Sponsored by","sponsored_post_name":"","sponsored_post_url":"","sponsored_post_logo_enable":"0","sponsored_post_logo":"","sponsored_post_desc":"","disable_ad":"0"},"jnews_primary_category":{"id":""},"footnotes":""},"categories":[66,47],"tags":[1024,1477,1409],"class_list":["post-90845","post","type-post","status-publish","format-standard","has-post-thumbnail","hentry","category-huamantla","category-municipios","tag-carlos-rivera","tag-dia-de-muertos-2","tag-inauguracion-2"],"aioseo_notices":[],"_links":{"self":[{"href":"https:\/\/estado29.mx\/index.php?rest_route=\/wp\/v2\/posts\/90845","targetHints":{"allow":["GET"]}}],"collection":[{"href":"https:\/\/estado29.mx\/index.php?rest_route=\/wp\/v2\/posts"}],"about":[{"href":"https:\/\/estado29.mx\/index.php?rest_route=\/wp\/v2\/types\/post"}],"author":[{"embeddable":true,"href":"https:\/\/estado29.mx\/index.php?rest_route=\/wp\/v2\/users\/5"}],"replies":[{"embeddable":true,"href":"https:\/\/estado29.mx\/index.php?rest_route=%2Fwp%2Fv2%2Fcomments&post=90845"}],"version-history":[{"count":1,"href":"https:\/\/estado29.mx\/index.php?rest_route=\/wp\/v2\/posts\/90845\/revisions"}],"predecessor-version":[{"id":90847,"href":"https:\/\/estado29.mx\/index.php?rest_route=\/wp\/v2\/posts\/90845\/revisions\/90847"}],"wp:featuredmedia":[{"embeddable":true,"href":"https:\/\/estado29.mx\/index.php?rest_route=\/wp\/v2\/media\/90846"}],"wp:attachment":[{"href":"https:\/\/estado29.mx\/index.php?rest_route=%2Fwp%2Fv2%2Fmedia&parent=90845"}],"wp:term":[{"taxonomy":"category","embeddable":true,"href":"https:\/\/estado29.mx\/index.php?rest_route=%2Fwp%2Fv2%2Fcategories&post=90845"},{"taxonomy":"post_tag","embeddable":true,"href":"https:\/\/estado29.mx\/index.php?rest_route=%2Fwp%2Fv2%2Ftags&post=90845"}],"curies":[{"name":"wp","href":"https:\/\/api.w.org\/{rel}","templated":true}]}}