{"id":90988,"date":"2024-11-05T13:30:31","date_gmt":"2024-11-05T13:30:31","guid":{"rendered":"https:\/\/estado29.mx\/?p=90988"},"modified":"2024-11-05T13:30:33","modified_gmt":"2024-11-05T13:30:33","slug":"analizan-temas-de-seguridad-gobernadora-lorena-cuellar-y-omar-garcia-harfuch","status":"publish","type":"post","link":"https:\/\/estado29.mx\/?p=90988","title":{"rendered":"Analizan temas de seguridad gobernadora Lorena Cu\u00e9llar y Omar Garc\u00eda Harfuch."},"content":{"rendered":"\n<p>*Se re\u00fanen en la Ciudad de M\u00e9xico para avanzar en la agenda de seguridad y fortalecer las acciones de la estrategia para abatir los \u00edndices delictivos<\/p>\n\n\n\n<p>El secretario de Seguridad Ciudadana del gobierno de M\u00e9xico, Omar Garc\u00eda Harfuch, y la gobernadora Lorena Cu\u00e9llar Cisneros se reunieron este lunes para abordar diversos temas de la agenda nacional, regional y estatal en esa materia, a fin de fortalecer la estrategia de seguridad.<\/p>\n\n\n\n<p>&#8220;Juntos trabajaremos por la seguridad y el bienestar de los tlaxcaltecas\u201d, se\u00f1al\u00f3 la mandataria estatal.<\/p>\n\n\n\n<p>Entre los temas abordados se encuentra la reactivaci\u00f3n de las reuniones interestatales de la regi\u00f3n centro, integradas por Tlaxcala, el estado de M\u00e9xico, la CDMX, Puebla e Hidalgo para reforzar la coordinaci\u00f3n de seguridad interestatal, la colaboraci\u00f3n de fiscal\u00edas y las labores de seguridad en v\u00edas de comunicaci\u00f3n carretera.<\/p>\n\n\n\n<p>El segundo punto fue sobre el an\u00e1lisis de la f\u00f3rmula de asignaci\u00f3n presupuestal de seguridad, con base en el n\u00famero de poblaci\u00f3n, territorio e incidencia delictiva. Se puso \u00e9nfasis en dotar de mayor presupuesto a Tlaxcala y sus municipios, al ser uno de los estados con menor incidencia delictiva en el pa\u00eds.<\/p>\n\n\n\n<p>Especial atenci\u00f3n requiri\u00f3 la prevenci\u00f3n y atenci\u00f3n de la violencia contra la mujer, tema en el que se acord\u00f3 desarrollar una estrategia integral, adem\u00e1s de fortalecer a los municipios con equipamiento, patrullas para la atenci\u00f3n de emergencias, \u00f3rdenes protecci\u00f3n y atenci\u00f3n de seguridad integral con perspectiva de g\u00e9nero.<\/p>\n\n\n\n<p>Otro de los puntos es analizar el mecanismo para la homologaci\u00f3n salarial a los elementos policiacos en la entidad y los municipios, con el objetivo de cumplir el mandato de la reforma constitucional al art\u00edculo 123, que establece la necesidad de mejorar las condiciones laborales de los polic\u00edas y evitar desigualdades, entre otras.<\/p>\n\n\n\n<p>En ese sentido, el Consejo el Consejo Estatal de Seguridad Ciudadana sesion\u00f3 el pasado 10 de octubre, fecha en el que el pleno de ese \u00f3rgano aprob\u00f3 un exhorto a las y los 60 alcaldes del estado para homologar los salarios de los polic\u00edas municipales, a fin de lograr percepciones dignas.<\/p>\n","protected":false},"excerpt":{"rendered":"<p>*Se re\u00fanen en la Ciudad de M\u00e9xico para avanzar en la agenda de seguridad y fortalecer las acciones de la estrategia para abatir los \u00edndices delictivos El secretario de Seguridad Ciudadana del gobierno de M\u00e9xico, Omar Garc\u00eda Harfuch, y la gobernadora Lorena Cu\u00e9llar Cisneros se reunieron este lunes para abordar diversos temas de la agenda [&hellip;]<\/p>\n","protected":false},"author":4,"featured_media":90989,"comment_status":"open","ping_status":"open","sticky":false,"template":"","format":"standard","meta":{"om_disable_all_campaigns":false,"_monsterinsights_skip_tracking":false,"_monsterinsights_sitenote_active":false,"_monsterinsights_sitenote_note":"","_monsterinsights_sitenote_category":0,"jnews-multi-image_gallery":[],"jnews_single_post":{"subtitle":"","format":"standard","video":"","gallery":"","source_name":"","source_url":"","via_name":"","via_url":"","override_template":"0","override":[{"template":"1","single_blog_custom":"","parallax":"1","fullscreen":"1","layout":"right-sidebar","sidebar":"default-sidebar","second_sidebar":"default-sidebar","sticky_sidebar":"1","share_position":"top","share_float_style":"share-monocrhome","show_share_counter":"1","show_view_counter":"1","show_featured":"1","show_post_meta":"1","show_post_author":"1","show_post_author_image":"1","show_post_date":"1","post_date_format":"default","post_date_format_custom":"Y\/m\/d","show_post_category":"1","show_post_reading_time":"0","post_reading_time_wpm":"300","show_zoom_button":"0","zoom_button_out_step":"2","zoom_button_in_step":"3","show_post_tag":"1","show_prev_next_post":"1","show_popup_post":"1","number_popup_post":"1","show_author_box":"1","show_post_related":"0","show_inline_post_related":"0"}],"override_image_size":"0","image_override":[{"single_post_thumbnail_size":"crop-500","single_post_gallery_size":"crop-500"}],"trending_post":"0","trending_post_position":"meta","trending_post_label":"Trending","sponsored_post":"0","sponsored_post_label":"Sponsored by","sponsored_post_name":"","sponsored_post_url":"","sponsored_post_logo_enable":"0","sponsored_post_logo":"","sponsored_post_desc":"","disable_ad":"0"},"jnews_primary_category":{"id":""},"footnotes":""},"categories":[65,80,43,52,47,51,67],"tags":[150,110,1496,119,96],"class_list":["post-90988","post","type-post","status-publish","format-standard","has-post-thumbnail","hentry","category-apizaco","category-educacion","category-estado","category-gobierno-de-tlaxcala","category-municipios","category-nacional","category-tlaxcala","tag-gobierno-del-estado","tag-municipios","tag-omar-garcia-hrfuch","tag-seguridad","tag-tlaxcala"],"aioseo_notices":[],"_links":{"self":[{"href":"https:\/\/estado29.mx\/index.php?rest_route=\/wp\/v2\/posts\/90988","targetHints":{"allow":["GET"]}}],"collection":[{"href":"https:\/\/estado29.mx\/index.php?rest_route=\/wp\/v2\/posts"}],"about":[{"href":"https:\/\/estado29.mx\/index.php?rest_route=\/wp\/v2\/types\/post"}],"author":[{"embeddable":true,"href":"https:\/\/estado29.mx\/index.php?rest_route=\/wp\/v2\/users\/4"}],"replies":[{"embeddable":true,"href":"https:\/\/estado29.mx\/index.php?rest_route=%2Fwp%2Fv2%2Fcomments&post=90988"}],"version-history":[{"count":2,"href":"https:\/\/estado29.mx\/index.php?rest_route=\/wp\/v2\/posts\/90988\/revisions"}],"predecessor-version":[{"id":90991,"href":"https:\/\/estado29.mx\/index.php?rest_route=\/wp\/v2\/posts\/90988\/revisions\/90991"}],"wp:featuredmedia":[{"embeddable":true,"href":"https:\/\/estado29.mx\/index.php?rest_route=\/wp\/v2\/media\/90989"}],"wp:attachment":[{"href":"https:\/\/estado29.mx\/index.php?rest_route=%2Fwp%2Fv2%2Fmedia&parent=90988"}],"wp:term":[{"taxonomy":"category","embeddable":true,"href":"https:\/\/estado29.mx\/index.php?rest_route=%2Fwp%2Fv2%2Fcategories&post=90988"},{"taxonomy":"post_tag","embeddable":true,"href":"https:\/\/estado29.mx\/index.php?rest_route=%2Fwp%2Fv2%2Ftags&post=90988"}],"curies":[{"name":"wp","href":"https:\/\/api.w.org\/{rel}","templated":true}]}}