{"id":91161,"date":"2024-11-08T19:12:07","date_gmt":"2024-11-08T19:12:07","guid":{"rendered":"https:\/\/estado29.mx\/?p=91161"},"modified":"2024-11-08T19:12:08","modified_gmt":"2024-11-08T19:12:08","slug":"en-g20-presidenta-claudia-sheinbaum-impulsara-atencion-a-los-mas-necesitados-del-mundo-y-la-reivindicacion-de-los-derechos-de-las-mujeres","status":"publish","type":"post","link":"https:\/\/estado29.mx\/?p=91161","title":{"rendered":"En G20, Presidenta Claudia Sheinbaum impulsar\u00e1 atenci\u00f3n a los m\u00e1s necesitados del mundo y la reivindicaci\u00f3n de los derechos de las mujeres"},"content":{"rendered":"<figure class=\"wp-block-post-featured-image\"><img loading=\"lazy\" decoding=\"async\" width=\"2560\" height=\"1707\" src=\"https:\/\/estado29.mx\/wp-content\/uploads\/2024\/11\/conferencia_matutina__5_.jpeg\" class=\"attachment-post-thumbnail size-post-thumbnail wp-post-image\" alt=\"\" style=\"object-fit:cover;\" srcset=\"https:\/\/estado29.mx\/wp-content\/uploads\/2024\/11\/conferencia_matutina__5_.jpeg 2560w, https:\/\/estado29.mx\/wp-content\/uploads\/2024\/11\/conferencia_matutina__5_-300x200.jpeg 300w, https:\/\/estado29.mx\/wp-content\/uploads\/2024\/11\/conferencia_matutina__5_-1024x683.jpeg 1024w, https:\/\/estado29.mx\/wp-content\/uploads\/2024\/11\/conferencia_matutina__5_-768x512.jpeg 768w, https:\/\/estado29.mx\/wp-content\/uploads\/2024\/11\/conferencia_matutina__5_-1536x1024.jpeg 1536w, https:\/\/estado29.mx\/wp-content\/uploads\/2024\/11\/conferencia_matutina__5_-2048x1366.jpeg 2048w, https:\/\/estado29.mx\/wp-content\/uploads\/2024\/11\/conferencia_matutina__5_-750x500.jpeg 750w, https:\/\/estado29.mx\/wp-content\/uploads\/2024\/11\/conferencia_matutina__5_-1140x760.jpeg 1140w\" sizes=\"auto, (max-width: 2560px) 100vw, 2560px\" \/><\/figure>\n\n\n<p>La Presidenta de M\u00e9xico, Claudia Sheinbaum Pardo, asegur\u00f3 que durante su asistencia a la reuni\u00f3n del G20 que se realizar\u00e1, el 18 y 19 de noviembre, en R\u00edo de Janeiro, Brasil, plantear\u00e1 la opci\u00f3n de invertir recursos destinados al gasto armamentista a la b\u00fasqueda del bienestar de quienes m\u00e1s lo necesitan en el mundo, adem\u00e1s que tratar\u00e1 temas como la reivindicaci\u00f3n de los derechos de las mujeres.<\/p>\n\n\n\n<p>Destac\u00f3 que durante su presencia en el G20 impulsar\u00e1 una relaci\u00f3n de iguales y nunca de subordinaci\u00f3n frente a otros pa\u00edses.<\/p>\n\n\n\n<p>Al respecto, el secretario de Relaciones Exteriores, Juan Ram\u00f3n de la Fuente Ram\u00edrez,&nbsp; destac\u00f3 que M\u00e9xico tambi\u00e9n impulsar\u00e1 temas como:&nbsp; igualdad de g\u00e9nero; el desarrollo sostenible, cultura y agenda digital en el rubro de Inteligencia Artificial.<\/p>\n\n\n\n<p>Detall\u00f3 que la Presidenta Sheinbaum asistir\u00e1 a las reuniones programadas del 18 de noviembre en las que se tratar\u00e1n temas como la lucha contra el hambre y la pobreza, as\u00ed como sobre reforma a instituciones de gobernanza mundial.<\/p>\n\n\n\n<p>Se\u00f1al\u00f3 que la Presidenta ha mostrado su inter\u00e9s de ser parte de la Alianza Global Contra el Hambre y la Pobreza, propuesta por el presidente de Brasil Lula da Silva a los pa\u00edses que conforman el G20.<\/p>\n\n\n\n<p>Inform\u00f3 que al momento, la Presidenta de M\u00e9xico es la \u00fanica mujer l\u00edder de estado que ha confirmado su asistencia a este foro en el que se re\u00fanen 19 pa\u00edses, la uni\u00f3n europea y la africana, por lo que su presencia ha generado gran inter\u00e9s, particularmente para: Canad\u00e1, China, Corea, Francia, India, Indonesia, Jap\u00f3n y Reino Unido, quienes ha solicitado reuniones bilaterales con M\u00e9xico, las cuales est\u00e1n en proceso de confirmaci\u00f3n.<\/p>\n","protected":false},"excerpt":{"rendered":"<p>La Presidenta de M\u00e9xico, Claudia Sheinbaum Pardo, asegur\u00f3 que durante su asistencia a la reuni\u00f3n del G20 que se realizar\u00e1, el 18 y 19 de noviembre, en R\u00edo de Janeiro, Brasil, plantear\u00e1 la opci\u00f3n de invertir recursos destinados al gasto armamentista a la b\u00fasqueda del bienestar de quienes m\u00e1s lo necesitan en el mundo, adem\u00e1s [&hellip;]<\/p>\n","protected":false},"author":4,"featured_media":91162,"comment_status":"open","ping_status":"open","sticky":false,"template":"","format":"standard","meta":{"om_disable_all_campaigns":false,"_monsterinsights_skip_tracking":false,"_monsterinsights_sitenote_active":false,"_monsterinsights_sitenote_note":"","_monsterinsights_sitenote_category":0,"jnews-multi-image_gallery":[],"jnews_single_post":{"subtitle":"","format":"standard","video":"","gallery":"","source_name":"","source_url":"","via_name":"","via_url":"","override_template":"0","override":[{"template":"1","single_blog_custom":"","parallax":"1","fullscreen":"1","layout":"right-sidebar","sidebar":"default-sidebar","second_sidebar":"default-sidebar","sticky_sidebar":"1","share_position":"top","share_float_style":"share-monocrhome","show_share_counter":"1","show_view_counter":"1","show_featured":"1","show_post_meta":"1","show_post_author":"1","show_post_author_image":"1","show_post_date":"1","post_date_format":"default","post_date_format_custom":"Y\/m\/d","show_post_category":"1","show_post_reading_time":"0","post_reading_time_wpm":"300","show_zoom_button":"0","zoom_button_out_step":"2","zoom_button_in_step":"3","show_post_tag":"1","show_prev_next_post":"1","show_popup_post":"1","number_popup_post":"1","show_author_box":"1","show_post_related":"0","show_inline_post_related":"0"}],"override_image_size":"0","image_override":[{"single_post_thumbnail_size":"crop-500","single_post_gallery_size":"crop-500"}],"trending_post":"0","trending_post_position":"meta","trending_post_label":"Trending","sponsored_post":"0","sponsored_post_label":"Sponsored by","sponsored_post_name":"","sponsored_post_url":"","sponsored_post_logo_enable":"0","sponsored_post_logo":"","sponsored_post_desc":"","disable_ad":"0"},"jnews_primary_category":{"id":""},"footnotes":""},"categories":[1],"tags":[],"class_list":["post-91161","post","type-post","status-publish","format-standard","has-post-thumbnail","hentry","category-uncategorized"],"aioseo_notices":[],"_links":{"self":[{"href":"https:\/\/estado29.mx\/index.php?rest_route=\/wp\/v2\/posts\/91161","targetHints":{"allow":["GET"]}}],"collection":[{"href":"https:\/\/estado29.mx\/index.php?rest_route=\/wp\/v2\/posts"}],"about":[{"href":"https:\/\/estado29.mx\/index.php?rest_route=\/wp\/v2\/types\/post"}],"author":[{"embeddable":true,"href":"https:\/\/estado29.mx\/index.php?rest_route=\/wp\/v2\/users\/4"}],"replies":[{"embeddable":true,"href":"https:\/\/estado29.mx\/index.php?rest_route=%2Fwp%2Fv2%2Fcomments&post=91161"}],"version-history":[{"count":1,"href":"https:\/\/estado29.mx\/index.php?rest_route=\/wp\/v2\/posts\/91161\/revisions"}],"predecessor-version":[{"id":91163,"href":"https:\/\/estado29.mx\/index.php?rest_route=\/wp\/v2\/posts\/91161\/revisions\/91163"}],"wp:featuredmedia":[{"embeddable":true,"href":"https:\/\/estado29.mx\/index.php?rest_route=\/wp\/v2\/media\/91162"}],"wp:attachment":[{"href":"https:\/\/estado29.mx\/index.php?rest_route=%2Fwp%2Fv2%2Fmedia&parent=91161"}],"wp:term":[{"taxonomy":"category","embeddable":true,"href":"https:\/\/estado29.mx\/index.php?rest_route=%2Fwp%2Fv2%2Fcategories&post=91161"},{"taxonomy":"post_tag","embeddable":true,"href":"https:\/\/estado29.mx\/index.php?rest_route=%2Fwp%2Fv2%2Ftags&post=91161"}],"curies":[{"name":"wp","href":"https:\/\/api.w.org\/{rel}","templated":true}]}}