{"id":91213,"date":"2024-11-12T04:35:31","date_gmt":"2024-11-12T04:35:31","guid":{"rendered":"https:\/\/estado29.mx\/?p=91213"},"modified":"2024-11-12T04:35:31","modified_gmt":"2024-11-12T04:35:31","slug":"esten-tranquilos-son-hechos-que-pasan-todos-los-dias-senala-javier-rivera-bonilla-ante-ola-de-inseguridad-en-apizaco","status":"publish","type":"post","link":"https:\/\/estado29.mx\/?p=91213","title":{"rendered":"\u201cEst\u00e9n tranquilos, son hechos que pasan todos los d\u00edas\u2026\u201d se\u00f1ala Javier Rivera Bonilla ante ola de inseguridad en Apizaco."},"content":{"rendered":"\n<p>El alcalde de Apizaco, Javier Rivera Bonilla, en entrevista se le cuestion\u00f3 sobre los actos de inseguridad que han registrado en la comuna, a lo que contest\u00f3 \u201cLes digo a los habitantes, est\u00e9n tranquilos son hechos que se registran todos los d\u00edas\u2026\u201d.<\/p>\n\n\n\n<p>El alcalde quien ha dejado ver su incapacidad para gobernar y sobre todo para brindar la tranquilidad de los apizaquenses, una vez m\u00e1s da de qu\u00e9 hablar con una administraci\u00f3n hundida en el fracaso.<\/p>\n\n\n\n<p>Entre otros m\u00faltiples problemas que presenta Apizaco, la seguridad ha sido mermada por quienes se est\u00e1n apoderando del control de callesc establecimientos y comunidades.<\/p>\n\n\n\n<p>A pesar de que se implementaron \u201cacciones\u201d preventivas con elementos de los tres \u00f3rdenes de gobierno, el municipio de Apizaco contin\u00faa viviendo todos los d\u00edas hechos violentos y desafortunadamente gobernado por un alcalde que le tiembla la voz para ejecutar acciones contundentes en pro de la ciudad rielera.<\/p>\n","protected":false},"excerpt":{"rendered":"<p>El alcalde de Apizaco, Javier Rivera Bonilla, en entrevista se le cuestion\u00f3 sobre los actos de inseguridad que han registrado en la comuna, a lo que contest\u00f3 \u201cLes digo a los habitantes, est\u00e9n tranquilos son hechos que se registran todos los d\u00edas\u2026\u201d. El alcalde quien ha dejado ver su incapacidad para gobernar y sobre todo [&hellip;]<\/p>\n","protected":false},"author":5,"featured_media":91214,"comment_status":"open","ping_status":"open","sticky":false,"template":"","format":"standard","meta":{"om_disable_all_campaigns":false,"_monsterinsights_skip_tracking":false,"_monsterinsights_sitenote_active":false,"_monsterinsights_sitenote_note":"","_monsterinsights_sitenote_category":0,"jnews-multi-image_gallery":[],"jnews_single_post":{"subtitle":"","format":"standard","video":"","gallery":"","source_name":"","source_url":"","via_name":"","via_url":"","override_template":"0","override":[{"template":"1","single_blog_custom":"","parallax":"1","fullscreen":"1","layout":"right-sidebar","sidebar":"default-sidebar","second_sidebar":"default-sidebar","sticky_sidebar":"1","share_position":"top","share_float_style":"share-monocrhome","show_share_counter":"1","show_view_counter":"1","show_featured":"1","show_post_meta":"1","show_post_author":"1","show_post_author_image":"1","show_post_date":"1","post_date_format":"default","post_date_format_custom":"Y\/m\/d","show_post_category":"1","show_post_reading_time":"0","post_reading_time_wpm":"300","show_zoom_button":"0","zoom_button_out_step":"2","zoom_button_in_step":"3","show_post_tag":"1","show_prev_next_post":"1","show_popup_post":"1","number_popup_post":"1","show_author_box":"1","show_post_related":"0","show_inline_post_related":"0"}],"override_image_size":"0","image_override":[{"single_post_thumbnail_size":"crop-500","single_post_gallery_size":"crop-500"}],"trending_post":"0","trending_post_position":"meta","trending_post_label":"Trending","sponsored_post":"0","sponsored_post_label":"Sponsored by","sponsored_post_name":"","sponsored_post_url":"","sponsored_post_logo_enable":"0","sponsored_post_logo":"","sponsored_post_desc":"","disable_ad":"0"},"jnews_primary_category":{"id":""},"footnotes":""},"categories":[65,47],"tags":[1534,482,1535],"class_list":["post-91213","post","type-post","status-publish","format-standard","has-post-thumbnail","hentry","category-apizaco","category-municipios","tag-alcalde","tag-apizaco","tag-comentarios"],"aioseo_notices":[],"_links":{"self":[{"href":"https:\/\/estado29.mx\/index.php?rest_route=\/wp\/v2\/posts\/91213","targetHints":{"allow":["GET"]}}],"collection":[{"href":"https:\/\/estado29.mx\/index.php?rest_route=\/wp\/v2\/posts"}],"about":[{"href":"https:\/\/estado29.mx\/index.php?rest_route=\/wp\/v2\/types\/post"}],"author":[{"embeddable":true,"href":"https:\/\/estado29.mx\/index.php?rest_route=\/wp\/v2\/users\/5"}],"replies":[{"embeddable":true,"href":"https:\/\/estado29.mx\/index.php?rest_route=%2Fwp%2Fv2%2Fcomments&post=91213"}],"version-history":[{"count":1,"href":"https:\/\/estado29.mx\/index.php?rest_route=\/wp\/v2\/posts\/91213\/revisions"}],"predecessor-version":[{"id":91215,"href":"https:\/\/estado29.mx\/index.php?rest_route=\/wp\/v2\/posts\/91213\/revisions\/91215"}],"wp:featuredmedia":[{"embeddable":true,"href":"https:\/\/estado29.mx\/index.php?rest_route=\/wp\/v2\/media\/91214"}],"wp:attachment":[{"href":"https:\/\/estado29.mx\/index.php?rest_route=%2Fwp%2Fv2%2Fmedia&parent=91213"}],"wp:term":[{"taxonomy":"category","embeddable":true,"href":"https:\/\/estado29.mx\/index.php?rest_route=%2Fwp%2Fv2%2Fcategories&post=91213"},{"taxonomy":"post_tag","embeddable":true,"href":"https:\/\/estado29.mx\/index.php?rest_route=%2Fwp%2Fv2%2Ftags&post=91213"}],"curies":[{"name":"wp","href":"https:\/\/api.w.org\/{rel}","templated":true}]}}