{"id":91233,"date":"2024-11-12T19:19:30","date_gmt":"2024-11-12T19:19:30","guid":{"rendered":"https:\/\/estado29.mx\/?p=91233"},"modified":"2024-11-12T19:19:32","modified_gmt":"2024-11-12T19:19:32","slug":"celebran-este-12-de-noviembre-en-centro-cultural-huamantla-dia-nacional-del-libro","status":"publish","type":"post","link":"https:\/\/estado29.mx\/?p=91233","title":{"rendered":"Celebran este 12 de noviembre en Centro Cultural Huamantla D\u00eda Nacional del Libro."},"content":{"rendered":"\n<p><br>Este martes 12 de noviembre del a\u00f1o en curso, como parte de las actividades de la Celebraci\u00f3n del D\u00eda Nacional del Libro, se lleva a cabo en las instalaciones del Centro Cultural Huamantla, un tendero de libros, as\u00ed como lectura compartida y todo lo relacionado con este tema.<\/p>\n\n\n\n<figure class=\"wp-block-image size-large\"><img loading=\"lazy\" decoding=\"async\" width=\"1024\" height=\"768\" src=\"https:\/\/estado29.mx\/wp-content\/uploads\/2024\/11\/IMG_20241112_122611-min-1024x768.jpg\" alt=\"\" class=\"wp-image-91235\" srcset=\"https:\/\/estado29.mx\/wp-content\/uploads\/2024\/11\/IMG_20241112_122611-min-1024x768.jpg 1024w, https:\/\/estado29.mx\/wp-content\/uploads\/2024\/11\/IMG_20241112_122611-min-300x225.jpg 300w, https:\/\/estado29.mx\/wp-content\/uploads\/2024\/11\/IMG_20241112_122611-min-768x576.jpg 768w, https:\/\/estado29.mx\/wp-content\/uploads\/2024\/11\/IMG_20241112_122611-min-1536x1152.jpg 1536w, https:\/\/estado29.mx\/wp-content\/uploads\/2024\/11\/IMG_20241112_122611-min-2048x1536.jpg 2048w, https:\/\/estado29.mx\/wp-content\/uploads\/2024\/11\/IMG_20241112_122611-min-750x563.jpg 750w, https:\/\/estado29.mx\/wp-content\/uploads\/2024\/11\/IMG_20241112_122611-min-1140x855.jpg 1140w\" sizes=\"auto, (max-width: 1024px) 100vw, 1024px\" \/><\/figure>\n\n\n\n<p><br>Estas actividades, dieron inicio a las doce del d\u00eda de hoy y estar\u00e1n concluyendo a las tres de la tarde, Silvia rojas, mediadora de lectura en el Centro Cultural Huamantla, refiri\u00f3 que las salas de lectura se realizan con el objetivo de fomentarla en la ciudadan\u00eda de Huamantla.<\/p>\n\n\n\n<figure class=\"wp-block-image size-large\"><img loading=\"lazy\" decoding=\"async\" width=\"1024\" height=\"768\" src=\"https:\/\/estado29.mx\/wp-content\/uploads\/2024\/11\/IMG_20241112_122627-min-1024x768.jpg\" alt=\"\" class=\"wp-image-91236\" srcset=\"https:\/\/estado29.mx\/wp-content\/uploads\/2024\/11\/IMG_20241112_122627-min-1024x768.jpg 1024w, https:\/\/estado29.mx\/wp-content\/uploads\/2024\/11\/IMG_20241112_122627-min-300x225.jpg 300w, https:\/\/estado29.mx\/wp-content\/uploads\/2024\/11\/IMG_20241112_122627-min-768x576.jpg 768w, https:\/\/estado29.mx\/wp-content\/uploads\/2024\/11\/IMG_20241112_122627-min-1536x1152.jpg 1536w, https:\/\/estado29.mx\/wp-content\/uploads\/2024\/11\/IMG_20241112_122627-min-2048x1536.jpg 2048w, https:\/\/estado29.mx\/wp-content\/uploads\/2024\/11\/IMG_20241112_122627-min-750x563.jpg 750w, https:\/\/estado29.mx\/wp-content\/uploads\/2024\/11\/IMG_20241112_122627-min-1140x855.jpg 1140w\" sizes=\"auto, (max-width: 1024px) 100vw, 1024px\" \/><\/figure>\n\n\n\n<p><br>Asimismo, hizo la invitaci\u00f3n a la ciudan\u00eda para que participe de estas actividades culturales, que pueden transportarnos a trav\u00e9s de sus l\u00edneas a un mundo diferente.<\/p>\n\n\n<figure class=\"wp-block-post-featured-image\"><img loading=\"lazy\" decoding=\"async\" width=\"2560\" height=\"1920\" src=\"https:\/\/estado29.mx\/wp-content\/uploads\/2024\/11\/IMG_20241112_122602-min-scaled.jpg\" class=\"attachment-post-thumbnail size-post-thumbnail wp-post-image\" alt=\"\" style=\"object-fit:cover;\" srcset=\"https:\/\/estado29.mx\/wp-content\/uploads\/2024\/11\/IMG_20241112_122602-min-scaled.jpg 2560w, https:\/\/estado29.mx\/wp-content\/uploads\/2024\/11\/IMG_20241112_122602-min-300x225.jpg 300w, https:\/\/estado29.mx\/wp-content\/uploads\/2024\/11\/IMG_20241112_122602-min-1024x768.jpg 1024w, https:\/\/estado29.mx\/wp-content\/uploads\/2024\/11\/IMG_20241112_122602-min-768x576.jpg 768w, https:\/\/estado29.mx\/wp-content\/uploads\/2024\/11\/IMG_20241112_122602-min-1536x1152.jpg 1536w, https:\/\/estado29.mx\/wp-content\/uploads\/2024\/11\/IMG_20241112_122602-min-2048x1536.jpg 2048w, https:\/\/estado29.mx\/wp-content\/uploads\/2024\/11\/IMG_20241112_122602-min-750x563.jpg 750w, https:\/\/estado29.mx\/wp-content\/uploads\/2024\/11\/IMG_20241112_122602-min-1140x855.jpg 1140w\" sizes=\"auto, (max-width: 2560px) 100vw, 2560px\" \/><\/figure>","protected":false},"excerpt":{"rendered":"<p>Este martes 12 de noviembre del a\u00f1o en curso, como parte de las actividades de la Celebraci\u00f3n del D\u00eda Nacional del Libro, se lleva a cabo en las instalaciones del Centro Cultural Huamantla, un tendero de libros, as\u00ed como lectura compartida y todo lo relacionado con este tema. Estas actividades, dieron inicio a las doce [&hellip;]<\/p>\n","protected":false},"author":7,"featured_media":91234,"comment_status":"open","ping_status":"open","sticky":false,"template":"","format":"standard","meta":{"om_disable_all_campaigns":false,"_monsterinsights_skip_tracking":false,"_monsterinsights_sitenote_active":false,"_monsterinsights_sitenote_note":"","_monsterinsights_sitenote_category":0,"jnews-multi-image_gallery":[],"jnews_single_post":{"subtitle":"","format":"standard","video":"","gallery":"","source_name":"","source_url":"","via_name":"","via_url":"","override_template":"0","override":[{"template":"1","single_blog_custom":"","parallax":"1","fullscreen":"1","layout":"right-sidebar","sidebar":"default-sidebar","second_sidebar":"default-sidebar","sticky_sidebar":"1","share_position":"top","share_float_style":"share-monocrhome","show_share_counter":"1","show_view_counter":"1","show_featured":"1","show_post_meta":"1","show_post_author":"1","show_post_author_image":"1","show_post_date":"1","post_date_format":"default","post_date_format_custom":"Y\/m\/d","show_post_category":"1","show_post_reading_time":"0","post_reading_time_wpm":"300","show_zoom_button":"0","zoom_button_out_step":"2","zoom_button_in_step":"3","show_post_tag":"1","show_prev_next_post":"1","show_popup_post":"1","number_popup_post":"1","show_author_box":"1","show_post_related":"0","show_inline_post_related":"0"}],"override_image_size":"0","image_override":[{"single_post_thumbnail_size":"crop-500","single_post_gallery_size":"crop-500"}],"trending_post":"0","trending_post_position":"meta","trending_post_label":"Trending","sponsored_post":"0","sponsored_post_label":"Sponsored by","sponsored_post_name":"","sponsored_post_url":"","sponsored_post_logo_enable":"0","sponsored_post_logo":"","sponsored_post_desc":"","disable_ad":"0"},"jnews_primary_category":{"id":""},"footnotes":""},"categories":[1],"tags":[],"class_list":["post-91233","post","type-post","status-publish","format-standard","has-post-thumbnail","hentry","category-uncategorized"],"aioseo_notices":[],"_links":{"self":[{"href":"https:\/\/estado29.mx\/index.php?rest_route=\/wp\/v2\/posts\/91233","targetHints":{"allow":["GET"]}}],"collection":[{"href":"https:\/\/estado29.mx\/index.php?rest_route=\/wp\/v2\/posts"}],"about":[{"href":"https:\/\/estado29.mx\/index.php?rest_route=\/wp\/v2\/types\/post"}],"author":[{"embeddable":true,"href":"https:\/\/estado29.mx\/index.php?rest_route=\/wp\/v2\/users\/7"}],"replies":[{"embeddable":true,"href":"https:\/\/estado29.mx\/index.php?rest_route=%2Fwp%2Fv2%2Fcomments&post=91233"}],"version-history":[{"count":1,"href":"https:\/\/estado29.mx\/index.php?rest_route=\/wp\/v2\/posts\/91233\/revisions"}],"predecessor-version":[{"id":91237,"href":"https:\/\/estado29.mx\/index.php?rest_route=\/wp\/v2\/posts\/91233\/revisions\/91237"}],"wp:featuredmedia":[{"embeddable":true,"href":"https:\/\/estado29.mx\/index.php?rest_route=\/wp\/v2\/media\/91234"}],"wp:attachment":[{"href":"https:\/\/estado29.mx\/index.php?rest_route=%2Fwp%2Fv2%2Fmedia&parent=91233"}],"wp:term":[{"taxonomy":"category","embeddable":true,"href":"https:\/\/estado29.mx\/index.php?rest_route=%2Fwp%2Fv2%2Fcategories&post=91233"},{"taxonomy":"post_tag","embeddable":true,"href":"https:\/\/estado29.mx\/index.php?rest_route=%2Fwp%2Fv2%2Ftags&post=91233"}],"curies":[{"name":"wp","href":"https:\/\/api.w.org\/{rel}","templated":true}]}}