{"id":91351,"date":"2024-11-15T18:31:21","date_gmt":"2024-11-15T18:31:21","guid":{"rendered":"https:\/\/estado29.mx\/?p=91351"},"modified":"2024-11-15T18:31:23","modified_gmt":"2024-11-15T18:31:23","slug":"cruz-roja-mexicana-delegacion-huamantla-da-banderazo-a-plan-invernal-2024","status":"publish","type":"post","link":"https:\/\/estado29.mx\/?p=91351","title":{"rendered":"Cruz Roja Mexicana Delegaci\u00f3n Huamantla da banderazo a Plan Invernal 2024"},"content":{"rendered":"<figure class=\"wp-block-post-featured-image\"><img loading=\"lazy\" decoding=\"async\" width=\"1536\" height=\"1536\" src=\"https:\/\/estado29.mx\/wp-content\/uploads\/2024\/11\/WhatsApp-Image-2024-11-15-at-12.26.20-PM.jpeg\" class=\"attachment-post-thumbnail size-post-thumbnail wp-post-image\" alt=\"\" style=\"object-fit:cover;\" srcset=\"https:\/\/estado29.mx\/wp-content\/uploads\/2024\/11\/WhatsApp-Image-2024-11-15-at-12.26.20-PM.jpeg 1536w, https:\/\/estado29.mx\/wp-content\/uploads\/2024\/11\/WhatsApp-Image-2024-11-15-at-12.26.20-PM-300x300.jpeg 300w, https:\/\/estado29.mx\/wp-content\/uploads\/2024\/11\/WhatsApp-Image-2024-11-15-at-12.26.20-PM-1024x1024.jpeg 1024w, https:\/\/estado29.mx\/wp-content\/uploads\/2024\/11\/WhatsApp-Image-2024-11-15-at-12.26.20-PM-150x150.jpeg 150w, https:\/\/estado29.mx\/wp-content\/uploads\/2024\/11\/WhatsApp-Image-2024-11-15-at-12.26.20-PM-768x768.jpeg 768w, https:\/\/estado29.mx\/wp-content\/uploads\/2024\/11\/WhatsApp-Image-2024-11-15-at-12.26.20-PM-75x75.jpeg 75w, https:\/\/estado29.mx\/wp-content\/uploads\/2024\/11\/WhatsApp-Image-2024-11-15-at-12.26.20-PM-350x350.jpeg 350w, https:\/\/estado29.mx\/wp-content\/uploads\/2024\/11\/WhatsApp-Image-2024-11-15-at-12.26.20-PM-750x750.jpeg 750w, https:\/\/estado29.mx\/wp-content\/uploads\/2024\/11\/WhatsApp-Image-2024-11-15-at-12.26.20-PM-1140x1140.jpeg 1140w\" sizes=\"auto, (max-width: 1536px) 100vw, 1536px\" \/><\/figure>\n\n\n<p>Este viernes 15 de noviembre, la Cruz Roja Mexicana lanz\u00f3 su Plan Invernal en Huamantla, Tlaxcala, con el objetivo de apoyar a las personas m\u00e1s vulnerables, especialmente ni\u00f1os y adultos mayores en situaci\u00f3n de calle.<\/p>\n\n\n\n<p>Las Comunidades Beneficiadas de este proyecto son: Altamira de Guadalupe, Pilares, San Jos\u00e9 Xicoht\u00e9ncatl, San Rafael Tepatlaxco y Loma Bonita.<\/p>\n\n\n\n<p>El Plan Invernal busca aliviar el sufrimiento humano y mejorar las condiciones de vida de las personas afectadas por el fr\u00edo.<\/p>\n\n\n\n<p>La Cruz Roja Mexicana, en colaboraci\u00f3n con la Fundaci\u00f3n Providencia, trabajar\u00e1 para brindar cobijo y apoyo a las comunidades necesitadas.<\/p>\n\n\n\n<p>Se cont\u00f3 con la participaci\u00f3n de Personal de la Cruz Roja, Presidentes Auxiliares de las comunidades beneficiadas, as\u00ed como autoridades estatales y municipales.<\/p>\n\n\n\n<p>La Delegada de Cruz Roja Huamantla, Elisa Osorio Fern\u00e1ndez manifest\u00f3 su agradecimiento a todas las personas que hicieron posible este Plan Invernal, estoy muy contenta de que se lleve a cabo en Huamantla.<\/p>\n\n\n\n<p>Por su parte, Mariana Espinoza de los Monteros Cuellar, Presidenta honor\u00edfica del Sistema DIF y Cruz Roja Mexicana expres\u00f3 &#8220;Esta acci\u00f3n no solo representa esa solidaridad, sino tambi\u00e9n ponerse en el lugar del otro.&#8221;<\/p>\n\n\n\n<p>Antonio Aces, Presidente de la Fundaci\u00f3n de Providencia puntualiz\u00f3 su compromiso con las familias de este estado. &#8220;Es un honor para nuestro grupo textil sumarse a esta gran causa, haciendo una aportaci\u00f3n de 3 por 1, demostrando nuestro compromiso con las familias de este estado\u201d agreg\u00f3.<\/p>\n\n\n\n<p>Finalmente Miguel Garc\u00eda M\u00e9ndez Salazar, Delegado Estatal de Cruz Roja extern\u00f3 la importancia de estar reunidos con un objetivo en com\u00fan, como resultado de la suma de esfuerzos como sociedad para ayudar a quienes m\u00e1s lo necesitan.<\/p>\n\n\n\n<p>La Cruz Roja Mexicana agradece la suma de esfuerzos de todas las personas y organizaciones involucradas en este Plan Invernal, que busca mejorar la calidad de vida de las comunidades m\u00e1s necesitadas.<\/p>\n\n\n\n<figure class=\"wp-block-gallery has-nested-images columns-default is-cropped wp-block-gallery-1 is-layout-flex wp-block-gallery-is-layout-flex\">\n<figure class=\"wp-block-image size-large\"><img loading=\"lazy\" decoding=\"async\" width=\"1024\" height=\"1024\" data-id=\"91354\" src=\"https:\/\/estado29.mx\/wp-content\/uploads\/2024\/11\/WhatsApp-Image-2024-11-15-at-12.26.20-PM-1-1024x1024.jpeg\" alt=\"\" class=\"wp-image-91354\" srcset=\"https:\/\/estado29.mx\/wp-content\/uploads\/2024\/11\/WhatsApp-Image-2024-11-15-at-12.26.20-PM-1-1024x1024.jpeg 1024w, https:\/\/estado29.mx\/wp-content\/uploads\/2024\/11\/WhatsApp-Image-2024-11-15-at-12.26.20-PM-1-300x300.jpeg 300w, https:\/\/estado29.mx\/wp-content\/uploads\/2024\/11\/WhatsApp-Image-2024-11-15-at-12.26.20-PM-1-150x150.jpeg 150w, https:\/\/estado29.mx\/wp-content\/uploads\/2024\/11\/WhatsApp-Image-2024-11-15-at-12.26.20-PM-1-768x768.jpeg 768w, https:\/\/estado29.mx\/wp-content\/uploads\/2024\/11\/WhatsApp-Image-2024-11-15-at-12.26.20-PM-1-75x75.jpeg 75w, https:\/\/estado29.mx\/wp-content\/uploads\/2024\/11\/WhatsApp-Image-2024-11-15-at-12.26.20-PM-1-350x350.jpeg 350w, https:\/\/estado29.mx\/wp-content\/uploads\/2024\/11\/WhatsApp-Image-2024-11-15-at-12.26.20-PM-1-750x750.jpeg 750w, https:\/\/estado29.mx\/wp-content\/uploads\/2024\/11\/WhatsApp-Image-2024-11-15-at-12.26.20-PM-1-1140x1140.jpeg 1140w, https:\/\/estado29.mx\/wp-content\/uploads\/2024\/11\/WhatsApp-Image-2024-11-15-at-12.26.20-PM-1.jpeg 1536w\" sizes=\"auto, (max-width: 1024px) 100vw, 1024px\" \/><\/figure>\n\n\n\n<figure class=\"wp-block-image size-large\"><img loading=\"lazy\" decoding=\"async\" width=\"1024\" height=\"559\" data-id=\"91353\" src=\"https:\/\/estado29.mx\/wp-content\/uploads\/2024\/11\/WhatsApp-Image-2024-11-15-at-12.26.33-PM-1024x559.jpeg\" alt=\"\" class=\"wp-image-91353\" srcset=\"https:\/\/estado29.mx\/wp-content\/uploads\/2024\/11\/WhatsApp-Image-2024-11-15-at-12.26.33-PM-1024x559.jpeg 1024w, https:\/\/estado29.mx\/wp-content\/uploads\/2024\/11\/WhatsApp-Image-2024-11-15-at-12.26.33-PM-300x164.jpeg 300w, https:\/\/estado29.mx\/wp-content\/uploads\/2024\/11\/WhatsApp-Image-2024-11-15-at-12.26.33-PM-768x420.jpeg 768w, https:\/\/estado29.mx\/wp-content\/uploads\/2024\/11\/WhatsApp-Image-2024-11-15-at-12.26.33-PM-750x410.jpeg 750w, https:\/\/estado29.mx\/wp-content\/uploads\/2024\/11\/WhatsApp-Image-2024-11-15-at-12.26.33-PM.jpeg 1080w\" sizes=\"auto, (max-width: 1024px) 100vw, 1024px\" \/><\/figure>\n<\/figure>\n","protected":false},"excerpt":{"rendered":"<p>Este viernes 15 de noviembre, la Cruz Roja Mexicana lanz\u00f3 su Plan Invernal en Huamantla, Tlaxcala, con el objetivo de apoyar a las personas m\u00e1s vulnerables, especialmente ni\u00f1os y adultos mayores en situaci\u00f3n de calle. Las Comunidades Beneficiadas de este proyecto son: Altamira de Guadalupe, Pilares, San Jos\u00e9 Xicoht\u00e9ncatl, San Rafael Tepatlaxco y Loma Bonita. [&hellip;]<\/p>\n","protected":false},"author":4,"featured_media":91352,"comment_status":"open","ping_status":"open","sticky":false,"template":"","format":"standard","meta":{"om_disable_all_campaigns":false,"_monsterinsights_skip_tracking":false,"_monsterinsights_sitenote_active":false,"_monsterinsights_sitenote_note":"","_monsterinsights_sitenote_category":0,"jnews-multi-image_gallery":[],"jnews_single_post":{"subtitle":"","format":"standard","video":"","gallery":"","source_name":"","source_url":"","via_name":"","via_url":"","override_template":"0","override":[{"template":"1","single_blog_custom":"","parallax":"1","fullscreen":"1","layout":"right-sidebar","sidebar":"default-sidebar","second_sidebar":"default-sidebar","sticky_sidebar":"1","share_position":"top","share_float_style":"share-monocrhome","show_share_counter":"1","show_view_counter":"1","show_featured":"1","show_post_meta":"1","show_post_author":"1","show_post_author_image":"1","show_post_date":"1","post_date_format":"default","post_date_format_custom":"Y\/m\/d","show_post_category":"1","show_post_reading_time":"0","post_reading_time_wpm":"300","show_zoom_button":"0","zoom_button_out_step":"2","zoom_button_in_step":"3","show_post_tag":"1","show_prev_next_post":"1","show_popup_post":"1","number_popup_post":"1","show_author_box":"1","show_post_related":"0","show_inline_post_related":"0"}],"override_image_size":"0","image_override":[{"single_post_thumbnail_size":"crop-500","single_post_gallery_size":"crop-500"}],"trending_post":"0","trending_post_position":"meta","trending_post_label":"Trending","sponsored_post":"0","sponsored_post_label":"Sponsored by","sponsored_post_name":"","sponsored_post_url":"","sponsored_post_logo_enable":"0","sponsored_post_logo":"","sponsored_post_desc":"","disable_ad":"0"},"jnews_primary_category":{"id":""},"footnotes":""},"categories":[1],"tags":[],"class_list":["post-91351","post","type-post","status-publish","format-standard","has-post-thumbnail","hentry","category-uncategorized"],"aioseo_notices":[],"_links":{"self":[{"href":"https:\/\/estado29.mx\/index.php?rest_route=\/wp\/v2\/posts\/91351","targetHints":{"allow":["GET"]}}],"collection":[{"href":"https:\/\/estado29.mx\/index.php?rest_route=\/wp\/v2\/posts"}],"about":[{"href":"https:\/\/estado29.mx\/index.php?rest_route=\/wp\/v2\/types\/post"}],"author":[{"embeddable":true,"href":"https:\/\/estado29.mx\/index.php?rest_route=\/wp\/v2\/users\/4"}],"replies":[{"embeddable":true,"href":"https:\/\/estado29.mx\/index.php?rest_route=%2Fwp%2Fv2%2Fcomments&post=91351"}],"version-history":[{"count":1,"href":"https:\/\/estado29.mx\/index.php?rest_route=\/wp\/v2\/posts\/91351\/revisions"}],"predecessor-version":[{"id":91355,"href":"https:\/\/estado29.mx\/index.php?rest_route=\/wp\/v2\/posts\/91351\/revisions\/91355"}],"wp:featuredmedia":[{"embeddable":true,"href":"https:\/\/estado29.mx\/index.php?rest_route=\/wp\/v2\/media\/91352"}],"wp:attachment":[{"href":"https:\/\/estado29.mx\/index.php?rest_route=%2Fwp%2Fv2%2Fmedia&parent=91351"}],"wp:term":[{"taxonomy":"category","embeddable":true,"href":"https:\/\/estado29.mx\/index.php?rest_route=%2Fwp%2Fv2%2Fcategories&post=91351"},{"taxonomy":"post_tag","embeddable":true,"href":"https:\/\/estado29.mx\/index.php?rest_route=%2Fwp%2Fv2%2Ftags&post=91351"}],"curies":[{"name":"wp","href":"https:\/\/api.w.org\/{rel}","templated":true}]}}