{"id":91361,"date":"2024-11-15T19:27:29","date_gmt":"2024-11-15T19:27:29","guid":{"rendered":"https:\/\/estado29.mx\/?p=91361"},"modified":"2024-11-15T19:27:30","modified_gmt":"2024-11-15T19:27:30","slug":"brinda-direccion-de-proteccion-civil-de-el-carmen-tequexquitla-capacitacion-de-primeros-auxilios-en-instituciones-educativas","status":"publish","type":"post","link":"https:\/\/estado29.mx\/?p=91361","title":{"rendered":"Brinda Direcci\u00f3n de Protecci\u00f3n Civil de El Carmen Tequexquitla capacitaci\u00f3n de Primeros Auxilios en instituciones educativas."},"content":{"rendered":"\n<p><\/p>\n\n\n\n<p>El Director de Protecci\u00f3n Civil en el Municipio de El Carmen Tequexquitla, Iv\u00e1n Garc\u00eda Vega, detall\u00f3 que como parte de las acciones que implementa esta corporaci\u00f3n de socorro, se realizan capacitaciones en instituciones educativas del lugar.<\/p>\n\n\n\n<figure class=\"wp-block-image size-large\"><img loading=\"lazy\" decoding=\"async\" width=\"1024\" height=\"576\" src=\"https:\/\/estado29.mx\/wp-content\/uploads\/2024\/11\/IMG-20241114-WA0007-1024x576.jpg\" alt=\"\" class=\"wp-image-91363\" srcset=\"https:\/\/estado29.mx\/wp-content\/uploads\/2024\/11\/IMG-20241114-WA0007-1024x576.jpg 1024w, https:\/\/estado29.mx\/wp-content\/uploads\/2024\/11\/IMG-20241114-WA0007-300x169.jpg 300w, https:\/\/estado29.mx\/wp-content\/uploads\/2024\/11\/IMG-20241114-WA0007-768x432.jpg 768w, https:\/\/estado29.mx\/wp-content\/uploads\/2024\/11\/IMG-20241114-WA0007-750x422.jpg 750w, https:\/\/estado29.mx\/wp-content\/uploads\/2024\/11\/IMG-20241114-WA0007-1140x641.jpg 1140w, https:\/\/estado29.mx\/wp-content\/uploads\/2024\/11\/IMG-20241114-WA0007.jpg 1408w\" sizes=\"auto, (max-width: 1024px) 100vw, 1024px\" \/><\/figure>\n\n\n\n<p><br>Iv\u00e1n Garc\u00eda Vega, agreg\u00f3 que con el objetivo de brindar los conocimientos necesarios a directivos y docentes, se realizan capacitaciones de Primeros Auxilios, en esta ocasi\u00f3n en la Escuela Primaria Josefa Ortiz de Dom\u00ednguez de esta localidad.<\/p>\n\n\n\n<figure class=\"wp-block-image size-large\"><img loading=\"lazy\" decoding=\"async\" width=\"1024\" height=\"576\" src=\"https:\/\/estado29.mx\/wp-content\/uploads\/2024\/11\/IMG-20241114-WA0008-1024x576.jpg\" alt=\"\" class=\"wp-image-91364\" srcset=\"https:\/\/estado29.mx\/wp-content\/uploads\/2024\/11\/IMG-20241114-WA0008-1024x576.jpg 1024w, https:\/\/estado29.mx\/wp-content\/uploads\/2024\/11\/IMG-20241114-WA0008-300x169.jpg 300w, https:\/\/estado29.mx\/wp-content\/uploads\/2024\/11\/IMG-20241114-WA0008-768x432.jpg 768w, https:\/\/estado29.mx\/wp-content\/uploads\/2024\/11\/IMG-20241114-WA0008-750x422.jpg 750w, https:\/\/estado29.mx\/wp-content\/uploads\/2024\/11\/IMG-20241114-WA0008-1140x641.jpg 1140w, https:\/\/estado29.mx\/wp-content\/uploads\/2024\/11\/IMG-20241114-WA0008.jpg 1408w\" sizes=\"auto, (max-width: 1024px) 100vw, 1024px\" \/><\/figure>\n\n\n\n<p><br>Destac\u00f3 la importancia de que los docentes, tengan estas capacitaciones, pues servir\u00edan de primer respondiente ante cualquier incidente dentro de las aulas.<\/p>\n\n\n<figure class=\"wp-block-post-featured-image\"><img loading=\"lazy\" decoding=\"async\" width=\"1408\" height=\"792\" src=\"https:\/\/estado29.mx\/wp-content\/uploads\/2024\/11\/IMG-20241114-WA0006.jpg\" class=\"attachment-post-thumbnail size-post-thumbnail wp-post-image\" alt=\"\" style=\"object-fit:cover;\" srcset=\"https:\/\/estado29.mx\/wp-content\/uploads\/2024\/11\/IMG-20241114-WA0006.jpg 1408w, https:\/\/estado29.mx\/wp-content\/uploads\/2024\/11\/IMG-20241114-WA0006-300x169.jpg 300w, https:\/\/estado29.mx\/wp-content\/uploads\/2024\/11\/IMG-20241114-WA0006-1024x576.jpg 1024w, https:\/\/estado29.mx\/wp-content\/uploads\/2024\/11\/IMG-20241114-WA0006-768x432.jpg 768w, https:\/\/estado29.mx\/wp-content\/uploads\/2024\/11\/IMG-20241114-WA0006-750x422.jpg 750w, https:\/\/estado29.mx\/wp-content\/uploads\/2024\/11\/IMG-20241114-WA0006-1140x641.jpg 1140w\" sizes=\"auto, (max-width: 1408px) 100vw, 1408px\" \/><\/figure>\n\n\n<p><br>El Director de Protecci\u00f3n Civil, dijo que continuar\u00e1n estas pl\u00e1ticas en los dem\u00e1s planteles educativos, a fin de lograr que los docentes que laboran en este municipio sepan c\u00f3mo reaccionar ante alg\u00fan incidente.<\/p>\n","protected":false},"excerpt":{"rendered":"<p>El Director de Protecci\u00f3n Civil en el Municipio de El Carmen Tequexquitla, Iv\u00e1n Garc\u00eda Vega, detall\u00f3 que como parte de las acciones que implementa esta corporaci\u00f3n de socorro, se realizan capacitaciones en instituciones educativas del lugar. Iv\u00e1n Garc\u00eda Vega, agreg\u00f3 que con el objetivo de brindar los conocimientos necesarios a directivos y docentes, se realizan [&hellip;]<\/p>\n","protected":false},"author":7,"featured_media":91362,"comment_status":"open","ping_status":"open","sticky":false,"template":"","format":"standard","meta":{"om_disable_all_campaigns":false,"_monsterinsights_skip_tracking":false,"_monsterinsights_sitenote_active":false,"_monsterinsights_sitenote_note":"","_monsterinsights_sitenote_category":0,"jnews-multi-image_gallery":[],"jnews_single_post":{"subtitle":"","format":"standard","video":"","gallery":"","source_name":"","source_url":"","via_name":"","via_url":"","override_template":"0","override":[{"template":"1","single_blog_custom":"","parallax":"1","fullscreen":"1","layout":"right-sidebar","sidebar":"default-sidebar","second_sidebar":"default-sidebar","sticky_sidebar":"1","share_position":"top","share_float_style":"share-monocrhome","show_share_counter":"1","show_view_counter":"1","show_featured":"1","show_post_meta":"1","show_post_author":"1","show_post_author_image":"1","show_post_date":"1","post_date_format":"default","post_date_format_custom":"Y\/m\/d","show_post_category":"1","show_post_reading_time":"0","post_reading_time_wpm":"300","show_zoom_button":"0","zoom_button_out_step":"2","zoom_button_in_step":"3","show_post_tag":"1","show_prev_next_post":"1","show_popup_post":"1","number_popup_post":"1","show_author_box":"1","show_post_related":"0","show_inline_post_related":"0"}],"override_image_size":"0","image_override":[{"single_post_thumbnail_size":"crop-500","single_post_gallery_size":"crop-500"}],"trending_post":"0","trending_post_position":"meta","trending_post_label":"Trending","sponsored_post":"0","sponsored_post_label":"Sponsored by","sponsored_post_name":"","sponsored_post_url":"","sponsored_post_logo_enable":"0","sponsored_post_logo":"","sponsored_post_desc":"","disable_ad":"0"},"jnews_primary_category":{"id":""},"footnotes":""},"categories":[1],"tags":[],"class_list":["post-91361","post","type-post","status-publish","format-standard","has-post-thumbnail","hentry","category-uncategorized"],"aioseo_notices":[],"_links":{"self":[{"href":"https:\/\/estado29.mx\/index.php?rest_route=\/wp\/v2\/posts\/91361","targetHints":{"allow":["GET"]}}],"collection":[{"href":"https:\/\/estado29.mx\/index.php?rest_route=\/wp\/v2\/posts"}],"about":[{"href":"https:\/\/estado29.mx\/index.php?rest_route=\/wp\/v2\/types\/post"}],"author":[{"embeddable":true,"href":"https:\/\/estado29.mx\/index.php?rest_route=\/wp\/v2\/users\/7"}],"replies":[{"embeddable":true,"href":"https:\/\/estado29.mx\/index.php?rest_route=%2Fwp%2Fv2%2Fcomments&post=91361"}],"version-history":[{"count":1,"href":"https:\/\/estado29.mx\/index.php?rest_route=\/wp\/v2\/posts\/91361\/revisions"}],"predecessor-version":[{"id":91365,"href":"https:\/\/estado29.mx\/index.php?rest_route=\/wp\/v2\/posts\/91361\/revisions\/91365"}],"wp:featuredmedia":[{"embeddable":true,"href":"https:\/\/estado29.mx\/index.php?rest_route=\/wp\/v2\/media\/91362"}],"wp:attachment":[{"href":"https:\/\/estado29.mx\/index.php?rest_route=%2Fwp%2Fv2%2Fmedia&parent=91361"}],"wp:term":[{"taxonomy":"category","embeddable":true,"href":"https:\/\/estado29.mx\/index.php?rest_route=%2Fwp%2Fv2%2Fcategories&post=91361"},{"taxonomy":"post_tag","embeddable":true,"href":"https:\/\/estado29.mx\/index.php?rest_route=%2Fwp%2Fv2%2Ftags&post=91361"}],"curies":[{"name":"wp","href":"https:\/\/api.w.org\/{rel}","templated":true}]}}