{"id":91405,"date":"2024-11-19T00:11:36","date_gmt":"2024-11-19T00:11:36","guid":{"rendered":"https:\/\/estado29.mx\/?p=91405"},"modified":"2024-11-19T00:11:38","modified_gmt":"2024-11-19T00:11:38","slug":"claudia-sheinbaum-se-reunio-con-varios-lideres-mundiales-en-la-cumbre-del-g20","status":"publish","type":"post","link":"https:\/\/estado29.mx\/?p=91405","title":{"rendered":"Claudia Sheinbaum se reuni\u00f3 con varios l\u00edderes mundiales en la cumbre del G20"},"content":{"rendered":"<figure class=\"wp-block-post-featured-image\"><img loading=\"lazy\" decoding=\"async\" width=\"1600\" height=\"1066\" src=\"https:\/\/estado29.mx\/wp-content\/uploads\/2024\/11\/IMG-20241118-WA0071.jpg\" class=\"attachment-post-thumbnail size-post-thumbnail wp-post-image\" alt=\"\" style=\"object-fit:cover;\" srcset=\"https:\/\/estado29.mx\/wp-content\/uploads\/2024\/11\/IMG-20241118-WA0071.jpg 1600w, https:\/\/estado29.mx\/wp-content\/uploads\/2024\/11\/IMG-20241118-WA0071-300x200.jpg 300w, https:\/\/estado29.mx\/wp-content\/uploads\/2024\/11\/IMG-20241118-WA0071-1024x682.jpg 1024w, https:\/\/estado29.mx\/wp-content\/uploads\/2024\/11\/IMG-20241118-WA0071-768x512.jpg 768w, https:\/\/estado29.mx\/wp-content\/uploads\/2024\/11\/IMG-20241118-WA0071-1536x1023.jpg 1536w, https:\/\/estado29.mx\/wp-content\/uploads\/2024\/11\/IMG-20241118-WA0071-750x500.jpg 750w, https:\/\/estado29.mx\/wp-content\/uploads\/2024\/11\/IMG-20241118-WA0071-1140x760.jpg 1140w\" sizes=\"auto, (max-width: 1600px) 100vw, 1600px\" \/><\/figure>\n\n\n<p>Claudia Sheinbaum, presidenta de M\u00e9xico, se reuni\u00f3 con varios l\u00edderes mundiales en la cumbre del G20 en R\u00edo de Janeiro. Algunos de ellos incluyen:<\/p>\n\n\n\n<figure class=\"wp-block-gallery has-nested-images columns-default is-cropped wp-block-gallery-1 is-layout-flex wp-block-gallery-is-layout-flex\">\n<figure class=\"wp-block-image size-large\"><img loading=\"lazy\" decoding=\"async\" width=\"1024\" height=\"819\" data-id=\"91410\" src=\"https:\/\/estado29.mx\/wp-content\/uploads\/2024\/11\/1000192643-1024x819.jpg\" alt=\"\" class=\"wp-image-91410\" srcset=\"https:\/\/estado29.mx\/wp-content\/uploads\/2024\/11\/1000192643-1024x819.jpg 1024w, https:\/\/estado29.mx\/wp-content\/uploads\/2024\/11\/1000192643-300x240.jpg 300w, https:\/\/estado29.mx\/wp-content\/uploads\/2024\/11\/1000192643-768x614.jpg 768w, https:\/\/estado29.mx\/wp-content\/uploads\/2024\/11\/1000192643-1536x1229.jpg 1536w, https:\/\/estado29.mx\/wp-content\/uploads\/2024\/11\/1000192643-750x600.jpg 750w, https:\/\/estado29.mx\/wp-content\/uploads\/2024\/11\/1000192643-1140x912.jpg 1140w, https:\/\/estado29.mx\/wp-content\/uploads\/2024\/11\/1000192643.jpg 2048w\" sizes=\"auto, (max-width: 1024px) 100vw, 1024px\" \/><\/figure>\n\n\n\n<figure class=\"wp-block-image size-large\"><img loading=\"lazy\" decoding=\"async\" width=\"1024\" height=\"683\" data-id=\"91409\" src=\"https:\/\/estado29.mx\/wp-content\/uploads\/2024\/11\/1000192642-1024x683.jpg\" alt=\"\" class=\"wp-image-91409\" srcset=\"https:\/\/estado29.mx\/wp-content\/uploads\/2024\/11\/1000192642-1024x683.jpg 1024w, https:\/\/estado29.mx\/wp-content\/uploads\/2024\/11\/1000192642-300x200.jpg 300w, https:\/\/estado29.mx\/wp-content\/uploads\/2024\/11\/1000192642-768x512.jpg 768w, https:\/\/estado29.mx\/wp-content\/uploads\/2024\/11\/1000192642-1536x1025.jpg 1536w, https:\/\/estado29.mx\/wp-content\/uploads\/2024\/11\/1000192642-750x500.jpg 750w, https:\/\/estado29.mx\/wp-content\/uploads\/2024\/11\/1000192642-1140x760.jpg 1140w, https:\/\/estado29.mx\/wp-content\/uploads\/2024\/11\/1000192642.jpg 2048w\" sizes=\"auto, (max-width: 1024px) 100vw, 1024px\" \/><\/figure>\n\n\n\n<figure class=\"wp-block-image size-large\"><img loading=\"lazy\" decoding=\"async\" width=\"1024\" height=\"683\" data-id=\"91412\" src=\"https:\/\/estado29.mx\/wp-content\/uploads\/2024\/11\/1000192641-1024x683.jpg\" alt=\"\" class=\"wp-image-91412\" srcset=\"https:\/\/estado29.mx\/wp-content\/uploads\/2024\/11\/1000192641-1024x683.jpg 1024w, https:\/\/estado29.mx\/wp-content\/uploads\/2024\/11\/1000192641-300x200.jpg 300w, https:\/\/estado29.mx\/wp-content\/uploads\/2024\/11\/1000192641-768x512.jpg 768w, https:\/\/estado29.mx\/wp-content\/uploads\/2024\/11\/1000192641-1536x1024.jpg 1536w, https:\/\/estado29.mx\/wp-content\/uploads\/2024\/11\/1000192641-2048x1365.jpg 2048w, https:\/\/estado29.mx\/wp-content\/uploads\/2024\/11\/1000192641-750x500.jpg 750w, https:\/\/estado29.mx\/wp-content\/uploads\/2024\/11\/1000192641-1140x760.jpg 1140w\" sizes=\"auto, (max-width: 1024px) 100vw, 1024px\" \/><\/figure>\n\n\n\n<figure class=\"wp-block-image size-large\"><img loading=\"lazy\" decoding=\"async\" width=\"1024\" height=\"566\" data-id=\"91408\" src=\"https:\/\/estado29.mx\/wp-content\/uploads\/2024\/11\/1000192640-1024x566.jpg\" alt=\"\" class=\"wp-image-91408\" srcset=\"https:\/\/estado29.mx\/wp-content\/uploads\/2024\/11\/1000192640-1024x566.jpg 1024w, https:\/\/estado29.mx\/wp-content\/uploads\/2024\/11\/1000192640-300x166.jpg 300w, https:\/\/estado29.mx\/wp-content\/uploads\/2024\/11\/1000192640-768x424.jpg 768w, https:\/\/estado29.mx\/wp-content\/uploads\/2024\/11\/1000192640-750x414.jpg 750w, https:\/\/estado29.mx\/wp-content\/uploads\/2024\/11\/1000192640-1140x630.jpg 1140w, https:\/\/estado29.mx\/wp-content\/uploads\/2024\/11\/1000192640.jpg 1280w\" sizes=\"auto, (max-width: 1024px) 100vw, 1024px\" \/><\/figure>\n\n\n\n<figure class=\"wp-block-image size-large\"><img loading=\"lazy\" decoding=\"async\" width=\"1024\" height=\"1024\" data-id=\"91411\" src=\"https:\/\/estado29.mx\/wp-content\/uploads\/2024\/11\/1000192639-1024x1024.jpg\" alt=\"\" class=\"wp-image-91411\" srcset=\"https:\/\/estado29.mx\/wp-content\/uploads\/2024\/11\/1000192639-1024x1024.jpg 1024w, https:\/\/estado29.mx\/wp-content\/uploads\/2024\/11\/1000192639-300x300.jpg 300w, https:\/\/estado29.mx\/wp-content\/uploads\/2024\/11\/1000192639-150x150.jpg 150w, https:\/\/estado29.mx\/wp-content\/uploads\/2024\/11\/1000192639-768x768.jpg 768w, https:\/\/estado29.mx\/wp-content\/uploads\/2024\/11\/1000192639-1536x1536.jpg 1536w, https:\/\/estado29.mx\/wp-content\/uploads\/2024\/11\/1000192639-2048x2048.jpg 2048w, https:\/\/estado29.mx\/wp-content\/uploads\/2024\/11\/1000192639-75x75.jpg 75w, https:\/\/estado29.mx\/wp-content\/uploads\/2024\/11\/1000192639-350x350.jpg 350w, https:\/\/estado29.mx\/wp-content\/uploads\/2024\/11\/1000192639-750x750.jpg 750w, https:\/\/estado29.mx\/wp-content\/uploads\/2024\/11\/1000192639-1140x1140.jpg 1140w\" sizes=\"auto, (max-width: 1024px) 100vw, 1024px\" \/><\/figure>\n\n\n\n<figure class=\"wp-block-image size-large\"><img loading=\"lazy\" decoding=\"async\" width=\"1024\" height=\"683\" data-id=\"91407\" src=\"https:\/\/estado29.mx\/wp-content\/uploads\/2024\/11\/1000192638-1024x683.jpg\" alt=\"\" class=\"wp-image-91407\" srcset=\"https:\/\/estado29.mx\/wp-content\/uploads\/2024\/11\/1000192638-1024x683.jpg 1024w, https:\/\/estado29.mx\/wp-content\/uploads\/2024\/11\/1000192638-300x200.jpg 300w, https:\/\/estado29.mx\/wp-content\/uploads\/2024\/11\/1000192638-768x512.jpg 768w, https:\/\/estado29.mx\/wp-content\/uploads\/2024\/11\/1000192638-1536x1025.jpg 1536w, https:\/\/estado29.mx\/wp-content\/uploads\/2024\/11\/1000192638-750x500.jpg 750w, https:\/\/estado29.mx\/wp-content\/uploads\/2024\/11\/1000192638-1140x760.jpg 1140w, https:\/\/estado29.mx\/wp-content\/uploads\/2024\/11\/1000192638.jpg 2048w\" sizes=\"auto, (max-width: 1024px) 100vw, 1024px\" \/><\/figure>\n<\/figure>\n\n\n\n<ul class=\"wp-block-list\">\n<li><em>Luiz In\u00e1cio Lula da Silva<\/em>, presidente de Brasil, donde discutieron la uni\u00f3n de Latinoam\u00e9rica y posibles colaboraciones entre los dos pa\u00edses.\u00b9<\/li>\n\n\n\n<li><em>Joe Biden<\/em>, presidente de Estados Unidos, donde abordaron temas de migraci\u00f3n, seguridad y econom\u00eda.\u00b2<\/li>\n\n\n\n<li><em>Justin Trudeau<\/em>, primer ministro de Canad\u00e1, donde analizaron el resultado del T-MEC y la colaboraci\u00f3n comercial entre ambos pa\u00edses.<\/li>\n\n\n\n<li><em>Xi Jinping<\/em>, presidente de China, donde hablar sobre la relaci\u00f3n comercial entre M\u00e9xico y China.<\/li>\n\n\n\n<li><em>Emmanuel Macron<\/em>, presidente de Francia, donde se espera que discutan temas de inter\u00e9s mutuo.<\/li>\n\n\n\n<li><em>Yoon Suk-Yeol<\/em>, presidente de Corea del Sur, donde se espera que aborden temas de cooperaci\u00f3n econ\u00f3mica y pol\u00edtica.<\/li>\n\n\n\n<li><em>Narendra Modi<\/em>, primer ministro de India, donde se espera que discutan temas de inter\u00e9s mutuo.<\/li>\n\n\n\n<li><em>Gustavo Petro<\/em>, presidente de Colombia, donde colaboran contra la pobreza.<\/li>\n\n\n\n<li><em>Gabriel Boric<\/em>, presidente de Chile, donde reflejan la uni\u00f3n entre gobiernos de izquierda en la regi\u00f3n.<\/li>\n\n\n\n<li><em>Pham Minh Chinh<\/em>, primer ministro de Vietnam, donde se espera que discutan temas de cooperaci\u00f3n econ\u00f3mica y pol\u00edtica.<\/li>\n<\/ul>\n","protected":false},"excerpt":{"rendered":"<p>Claudia Sheinbaum, presidenta de M\u00e9xico, se reuni\u00f3 con varios l\u00edderes mundiales en la cumbre del G20 en R\u00edo de Janeiro. Algunos de ellos incluyen:<\/p>\n","protected":false},"author":4,"featured_media":91406,"comment_status":"open","ping_status":"open","sticky":false,"template":"","format":"standard","meta":{"om_disable_all_campaigns":false,"_monsterinsights_skip_tracking":false,"_monsterinsights_sitenote_active":false,"_monsterinsights_sitenote_note":"","_monsterinsights_sitenote_category":0,"jnews-multi-image_gallery":[],"jnews_single_post":{"subtitle":"","format":"standard","video":"","gallery":"","source_name":"","source_url":"","via_name":"","via_url":"","override_template":"0","override":[{"template":"1","single_blog_custom":"","parallax":"1","fullscreen":"1","layout":"right-sidebar","sidebar":"default-sidebar","second_sidebar":"default-sidebar","sticky_sidebar":"1","share_position":"top","share_float_style":"share-monocrhome","show_share_counter":"1","show_view_counter":"1","show_featured":"1","show_post_meta":"1","show_post_author":"1","show_post_author_image":"1","show_post_date":"1","post_date_format":"default","post_date_format_custom":"Y\/m\/d","show_post_category":"1","show_post_reading_time":"0","post_reading_time_wpm":"300","show_zoom_button":"0","zoom_button_out_step":"2","zoom_button_in_step":"3","show_post_tag":"1","show_prev_next_post":"1","show_popup_post":"1","number_popup_post":"1","show_author_box":"1","show_post_related":"0","show_inline_post_related":"0"}],"override_image_size":"0","image_override":[{"single_post_thumbnail_size":"crop-500","single_post_gallery_size":"crop-500"}],"trending_post":"0","trending_post_position":"meta","trending_post_label":"Trending","sponsored_post":"0","sponsored_post_label":"Sponsored by","sponsored_post_name":"","sponsored_post_url":"","sponsored_post_logo_enable":"0","sponsored_post_logo":"","sponsored_post_desc":"","disable_ad":"0"},"jnews_primary_category":{"id":""},"footnotes":""},"categories":[1],"tags":[],"class_list":["post-91405","post","type-post","status-publish","format-standard","has-post-thumbnail","hentry","category-uncategorized"],"aioseo_notices":[],"_links":{"self":[{"href":"https:\/\/estado29.mx\/index.php?rest_route=\/wp\/v2\/posts\/91405","targetHints":{"allow":["GET"]}}],"collection":[{"href":"https:\/\/estado29.mx\/index.php?rest_route=\/wp\/v2\/posts"}],"about":[{"href":"https:\/\/estado29.mx\/index.php?rest_route=\/wp\/v2\/types\/post"}],"author":[{"embeddable":true,"href":"https:\/\/estado29.mx\/index.php?rest_route=\/wp\/v2\/users\/4"}],"replies":[{"embeddable":true,"href":"https:\/\/estado29.mx\/index.php?rest_route=%2Fwp%2Fv2%2Fcomments&post=91405"}],"version-history":[{"count":1,"href":"https:\/\/estado29.mx\/index.php?rest_route=\/wp\/v2\/posts\/91405\/revisions"}],"predecessor-version":[{"id":91413,"href":"https:\/\/estado29.mx\/index.php?rest_route=\/wp\/v2\/posts\/91405\/revisions\/91413"}],"wp:featuredmedia":[{"embeddable":true,"href":"https:\/\/estado29.mx\/index.php?rest_route=\/wp\/v2\/media\/91406"}],"wp:attachment":[{"href":"https:\/\/estado29.mx\/index.php?rest_route=%2Fwp%2Fv2%2Fmedia&parent=91405"}],"wp:term":[{"taxonomy":"category","embeddable":true,"href":"https:\/\/estado29.mx\/index.php?rest_route=%2Fwp%2Fv2%2Fcategories&post=91405"},{"taxonomy":"post_tag","embeddable":true,"href":"https:\/\/estado29.mx\/index.php?rest_route=%2Fwp%2Fv2%2Ftags&post=91405"}],"curies":[{"name":"wp","href":"https:\/\/api.w.org\/{rel}","templated":true}]}}