{"id":91503,"date":"2024-11-22T19:51:00","date_gmt":"2024-11-22T19:51:00","guid":{"rendered":"https:\/\/estado29.mx\/?p=91503"},"modified":"2024-11-22T19:51:00","modified_gmt":"2024-11-22T19:51:00","slug":"capacitara-briasa-huamantla-a-alumnos-de-instituciones-educativas-en-temas-de-primeros-auxilios","status":"publish","type":"post","link":"https:\/\/estado29.mx\/?p=91503","title":{"rendered":"Capacitar\u00e1 BRIASA Huamantla a alumnos de instituciones educativas en temas de Primeros Auxilios."},"content":{"rendered":"\n<p><br>El Secretario de \u00f1a Brigada de Auxilio y Salvamento (BRIASA) Delegaci\u00f3n Huamantla, Gerardo Espinoza Jim\u00e9nez, refiri\u00f3 que como parte de las acciones que se han implementado en instituciones educativas del lugar, el pr\u00f3ximo 28 de noviembre, capacitar\u00e1n a alumnos del Instituto Amado Nervo, en temas de Primeros Auxilios.<\/p>\n\n\n\n<p><br>Espinoza Jim\u00e9nez agreg\u00f3 que, este tipo de pl\u00e1ticas y capacitaciones son importantes, pues brindan a los estudiantes las herramientas necesarias para actuar en caso de accidentes dentro de las aulas.<\/p>\n\n\n\n<p><br>El Secretario de Briasa Huamantla, coment\u00f3 que los temas que se abordar\u00e1n con los estudiantes son: Lesiones, fracturas, hemorragias, as\u00ed como la introducci\u00f3n para realizar levantamientos correctos para traslado y eficaz movilizaci\u00f3n de una persona.<\/p>\n\n\n\n<p><br>Para finalizar, Espinoza Jim\u00e9nez, invit\u00f3 a directivos de otras instituciones que deseen que sus alumnos tengan estos conocimientos, a acercarse y solicitar estas capacitaciones.<\/p>\n\n\n<figure class=\"wp-block-post-featured-image\"><img loading=\"lazy\" decoding=\"async\" width=\"1920\" height=\"2560\" src=\"https:\/\/estado29.mx\/wp-content\/uploads\/2023\/10\/IMG_20230906_134005-min-scaled.jpg\" class=\"attachment-post-thumbnail size-post-thumbnail wp-post-image\" alt=\"\" style=\"object-fit:cover;\" srcset=\"https:\/\/estado29.mx\/wp-content\/uploads\/2023\/10\/IMG_20230906_134005-min-scaled.jpg 1920w, https:\/\/estado29.mx\/wp-content\/uploads\/2023\/10\/IMG_20230906_134005-min-225x300.jpg 225w, https:\/\/estado29.mx\/wp-content\/uploads\/2023\/10\/IMG_20230906_134005-min-768x1024.jpg 768w, https:\/\/estado29.mx\/wp-content\/uploads\/2023\/10\/IMG_20230906_134005-min-1152x1536.jpg 1152w, https:\/\/estado29.mx\/wp-content\/uploads\/2023\/10\/IMG_20230906_134005-min-1536x2048.jpg 1536w, https:\/\/estado29.mx\/wp-content\/uploads\/2023\/10\/IMG_20230906_134005-min-750x1000.jpg 750w, https:\/\/estado29.mx\/wp-content\/uploads\/2023\/10\/IMG_20230906_134005-min-1140x1520.jpg 1140w\" sizes=\"auto, (max-width: 1920px) 100vw, 1920px\" \/><\/figure>","protected":false},"excerpt":{"rendered":"<p>El Secretario de \u00f1a Brigada de Auxilio y Salvamento (BRIASA) Delegaci\u00f3n Huamantla, Gerardo Espinoza Jim\u00e9nez, refiri\u00f3 que como parte de las acciones que se han implementado en instituciones educativas del lugar, el pr\u00f3ximo 28 de noviembre, capacitar\u00e1n a alumnos del Instituto Amado Nervo, en temas de Primeros Auxilios. Espinoza Jim\u00e9nez agreg\u00f3 que, este tipo de [&hellip;]<\/p>\n","protected":false},"author":7,"featured_media":88262,"comment_status":"open","ping_status":"open","sticky":false,"template":"","format":"standard","meta":{"om_disable_all_campaigns":false,"_monsterinsights_skip_tracking":false,"_monsterinsights_sitenote_active":false,"_monsterinsights_sitenote_note":"","_monsterinsights_sitenote_category":0,"jnews-multi-image_gallery":[],"jnews_single_post":{"subtitle":"","format":"standard","video":"","gallery":"","source_name":"","source_url":"","via_name":"","via_url":"","override_template":"0","override":[{"template":"1","single_blog_custom":"","parallax":"1","fullscreen":"1","layout":"right-sidebar","sidebar":"default-sidebar","second_sidebar":"default-sidebar","sticky_sidebar":"1","share_position":"top","share_float_style":"share-monocrhome","show_share_counter":"1","show_view_counter":"1","show_featured":"1","show_post_meta":"1","show_post_author":"1","show_post_author_image":"1","show_post_date":"1","post_date_format":"default","post_date_format_custom":"Y\/m\/d","show_post_category":"1","show_post_reading_time":"0","post_reading_time_wpm":"300","show_zoom_button":"0","zoom_button_out_step":"2","zoom_button_in_step":"3","show_post_tag":"1","show_prev_next_post":"1","show_popup_post":"1","number_popup_post":"1","show_author_box":"1","show_post_related":"0","show_inline_post_related":"0"}],"override_image_size":"0","image_override":[{"single_post_thumbnail_size":"crop-500","single_post_gallery_size":"crop-500"}],"trending_post":"0","trending_post_position":"meta","trending_post_label":"Trending","sponsored_post":"0","sponsored_post_label":"Sponsored by","sponsored_post_name":"","sponsored_post_url":"","sponsored_post_logo_enable":"0","sponsored_post_logo":"","sponsored_post_desc":"","disable_ad":"0"},"jnews_primary_category":{"id":""},"footnotes":""},"categories":[1],"tags":[],"class_list":["post-91503","post","type-post","status-publish","format-standard","has-post-thumbnail","hentry","category-uncategorized"],"aioseo_notices":[],"_links":{"self":[{"href":"https:\/\/estado29.mx\/index.php?rest_route=\/wp\/v2\/posts\/91503","targetHints":{"allow":["GET"]}}],"collection":[{"href":"https:\/\/estado29.mx\/index.php?rest_route=\/wp\/v2\/posts"}],"about":[{"href":"https:\/\/estado29.mx\/index.php?rest_route=\/wp\/v2\/types\/post"}],"author":[{"embeddable":true,"href":"https:\/\/estado29.mx\/index.php?rest_route=\/wp\/v2\/users\/7"}],"replies":[{"embeddable":true,"href":"https:\/\/estado29.mx\/index.php?rest_route=%2Fwp%2Fv2%2Fcomments&post=91503"}],"version-history":[{"count":1,"href":"https:\/\/estado29.mx\/index.php?rest_route=\/wp\/v2\/posts\/91503\/revisions"}],"predecessor-version":[{"id":91504,"href":"https:\/\/estado29.mx\/index.php?rest_route=\/wp\/v2\/posts\/91503\/revisions\/91504"}],"wp:featuredmedia":[{"embeddable":true,"href":"https:\/\/estado29.mx\/index.php?rest_route=\/wp\/v2\/media\/88262"}],"wp:attachment":[{"href":"https:\/\/estado29.mx\/index.php?rest_route=%2Fwp%2Fv2%2Fmedia&parent=91503"}],"wp:term":[{"taxonomy":"category","embeddable":true,"href":"https:\/\/estado29.mx\/index.php?rest_route=%2Fwp%2Fv2%2Fcategories&post=91503"},{"taxonomy":"post_tag","embeddable":true,"href":"https:\/\/estado29.mx\/index.php?rest_route=%2Fwp%2Fv2%2Ftags&post=91503"}],"curies":[{"name":"wp","href":"https:\/\/api.w.org\/{rel}","templated":true}]}}