{"id":91549,"date":"2024-11-25T23:31:03","date_gmt":"2024-11-25T23:31:03","guid":{"rendered":"https:\/\/estado29.mx\/?p=91549"},"modified":"2024-11-25T23:31:04","modified_gmt":"2024-11-25T23:31:04","slug":"presidenta-claudia-sheinbaum-presenta-campana-permanente-es-tiempo-de-mujeres-sin-violencia-sumate-y-transforma","status":"publish","type":"post","link":"https:\/\/estado29.mx\/?p=91549","title":{"rendered":"PRESIDENTA CLAUDIA SHEINBAUM PRESENTA CAMPA\u00d1A PERMANENTE: \u00a1ES TIEMPO DE MUJERES SIN VIOLENCIA! \u00a1S\u00daMATE Y TRANSFORMA!"},"content":{"rendered":"<figure class=\"wp-block-post-featured-image\"><img loading=\"lazy\" decoding=\"async\" width=\"1600\" height=\"1064\" src=\"https:\/\/estado29.mx\/wp-content\/uploads\/2024\/11\/WhatsApp-Image-2024-11-25-at-5.26.19-PM.jpeg\" class=\"attachment-post-thumbnail size-post-thumbnail wp-post-image\" alt=\"\" style=\"object-fit:cover;\" srcset=\"https:\/\/estado29.mx\/wp-content\/uploads\/2024\/11\/WhatsApp-Image-2024-11-25-at-5.26.19-PM.jpeg 1600w, https:\/\/estado29.mx\/wp-content\/uploads\/2024\/11\/WhatsApp-Image-2024-11-25-at-5.26.19-PM-300x200.jpeg 300w, https:\/\/estado29.mx\/wp-content\/uploads\/2024\/11\/WhatsApp-Image-2024-11-25-at-5.26.19-PM-1024x681.jpeg 1024w, https:\/\/estado29.mx\/wp-content\/uploads\/2024\/11\/WhatsApp-Image-2024-11-25-at-5.26.19-PM-768x511.jpeg 768w, https:\/\/estado29.mx\/wp-content\/uploads\/2024\/11\/WhatsApp-Image-2024-11-25-at-5.26.19-PM-1536x1021.jpeg 1536w, https:\/\/estado29.mx\/wp-content\/uploads\/2024\/11\/WhatsApp-Image-2024-11-25-at-5.26.19-PM-750x499.jpeg 750w, https:\/\/estado29.mx\/wp-content\/uploads\/2024\/11\/WhatsApp-Image-2024-11-25-at-5.26.19-PM-1140x758.jpeg 1140w\" sizes=\"auto, (max-width: 1600px) 100vw, 1600px\" \/><\/figure>\n\n\n<ul class=\"wp-block-list\">\n<li>Decirle a una mujer o a una ni\u00f1a t\u00fa no puedes, no es una costumbre, es una forma de violencia, destac\u00f3 la Presidenta de M\u00e9xico, Claudia Sheinbaum Pardo<\/li>\n\n\n\n<li>\u201cFrente a cualquier feminicidio, cero impunidad, frente a la violencia sexual contra una mujer, cero impunidad\u201d, manifest\u00f3 en el marco del D\u00eda Internacional de la Eliminaci\u00f3n de la Violencia contra la Mujer<\/li>\n\n\n\n<li>El llamado es a cambiar nuestras conductas cotidianas, ubicar esas violencias que replicamos sin darnos cuenta, corregirlas y combatirlas: pr\u00f3xima Secretar\u00eda de las Mujeres<\/li>\n\n\n\n<li>\u201cReconocemos el lanzamiento de una campa\u00f1a permanente que representa un compromiso continuo para prevenir la violencia de g\u00e9nero: ONU Mujeres<\/li>\n<\/ul>\n\n\n\n<p>Ciudad de M\u00e9xico a 25 de noviembre de 2024.- En el marco del D\u00eda Internacional de la Eliminaci\u00f3n de la Violencia contra la Mujer, que se conmemora cada 25 de noviembre, la Presidenta Constitucional de los Estados Unidos Mexicanos, Claudia Sheinbaum Pardo, present\u00f3 la campa\u00f1a nacional permanente \u00a1Es tiempo de mujeres sin violencia! \u00a1S\u00famate y transforma!, como parte de las acciones del Gobierno de M\u00e9xico para proteger y garantizar los derechos plenos de las ni\u00f1as, j\u00f3venes y mujeres.<\/p>\n\n\n\n<p>\u201cEsta campa\u00f1a de concientizaci\u00f3n en donde conductas que parecen algo normal, como decirle a una mujer &#8216;calladita te ves m\u00e1s bonita&#8217;, pues son en realidad acciones violentas. O decirle a una mujer &#8216;t\u00fa no puedes \u2014o a una ni\u00f1a\u2014 t\u00fa no puedes ser ingeniera&#8217;, parece una costumbre; pues no, no es costumbre, es una forma de violencia el no permitir que las ni\u00f1as puedan cumplir sus sue\u00f1os\u201d, se\u00f1al\u00f3 en la conferencia matutina: \u201cLas ma\u00f1aneras del pueblo\u201d.<\/p>\n\n\n\n<p>Inform\u00f3 que tambi\u00e9n se enviaron al Senado de la Rep\u00fablica iniciativas de leyes secundarias para impulsar acciones a favor de los derechos de las mujeres, en particular para establecer la obligatoriedad de que las Fiscal\u00edas cuenten con Fiscal\u00edas especializadas para atender la violencia contra las mujeres, en particular el feminicidio.<\/p>\n\n\n\n<p>\u201cLas Abogadas de las Mujeres, atendiendo en las Fiscal\u00edas; y otras acciones y legislaciones que buscan la igualdad, proteger y fortalecer los derechos de las mujeres, y al mismo tiempo los dos grandes ejes para erradicar la violencia: uno, es la prevenci\u00f3n y la otra, es la cero impunidad. Frente a cualquier feminicidio, cero impunidad; frente a la violencia sexual contra una mujer, cero impunidad\u201d, manifest\u00f3.<\/p>\n\n\n\n<p>Destac\u00f3 que tener una mujer Presidenta es un s\u00edmbolo de la transformaci\u00f3n cultural que vive actualmente en el pa\u00eds, por lo cual asever\u00f3 que como la primera mexicana en ser Jefa del Ejecutivo Federal tiene la responsabilidad de hacer pol\u00edticas que impulsen a las mujeres, ni\u00f1as y j\u00f3venes.<\/p>\n\n\n\n<p>\u201cNosotros tenemos que enaltecer, empoderar a las mujeres, esa es mi responsabilidad como mujer Presidenta, no solo que sea un s\u00edmbolo que est\u00e9 la mujer, sino que adem\u00e1s, entre todos y todas transformemos la realidad de las mujeres en nuestro pa\u00eds\u201d, destac\u00f3.<\/p>\n\n\n\n<p>Por ello, anunci\u00f3 acciones como la integraci\u00f3n de la Comisi\u00f3n Nacional para Prevenir y Erradicar la Violencia contra las Mujeres (Conavim) a la nueva Secretar\u00eda de las Mujeres; la construcci\u00f3n del nuevo Sistema Nacional de Cuidados, que iniciar\u00e1 apoyando a las mujeres de la maquila en Ciudad Ju\u00e1rez, Chihuahua; as\u00ed como la distribuci\u00f3n de una Cartilla de Derechos en la que adem\u00e1s se visualizar\u00e1 todos aquellos prejuicios de la sociedad que impactan en la igualdad.<\/p>\n\n\n\n<p>La titular de la pr\u00f3xima Secretar\u00eda de las Mujeres, Citlalli Hern\u00e1ndez Mora, asegur\u00f3 que la campa\u00f1a \u00a1Es tiempo de mujeres sin violencia! \u00a1S\u00famate y transforma!, tiene como objetivo identificar y prevenir aquellas conductas cotidianas que pueden ser detonadoras de violencia.<\/p>\n\n\n\n<p>\u201cEste es un llamado, una convocatoria a toda la sociedad en su conjunto justamente para cambiar nuestras conductas cotidianas, para ubicar esas violencias que a veces replicamos, incluso sin darnos cuenta, quiz\u00e1, hombres y mujeres en nuestra cotidianeidad; ubicarlas, mencionarlas, combatirlas, corregirnos entre nosotras y nosotros\u201d, puntualiz\u00f3.<\/p>\n\n\n\n<p>Anunci\u00f3 que la campa\u00f1a permanente del Gobierno de M\u00e9xico establece 10 compromisos por las mujeres y ni\u00f1as, los cuales adem\u00e1s se plantean a las y los gobernadores:<\/p>\n\n\n\n<ol class=\"wp-block-list\">\n<li>Coordinaci\u00f3n permanente entre Federaci\u00f3n, estados y municipios.<\/li>\n\n\n\n<li>Capacitaciones para las personas servidoras p\u00fablicas.<\/li>\n\n\n\n<li>Garantizar que las mujeres en situaci\u00f3n de violencia reciban atenci\u00f3n adecuada.<\/li>\n\n\n\n<li>Acompa\u00f1ar con presupuesto estatal el esfuerzo de la Federaci\u00f3n en materia de atenci\u00f3n y prevenci\u00f3n a la violencia hacia las mujeres.<\/li>\n\n\n\n<li>Realizar de manera permanente campa\u00f1as y estrategias de comunicaci\u00f3n.<\/li>\n\n\n\n<li>Cero tolerancia a la violencia hacia las mujeres en cualquier \u00e1mbito.<\/li>\n\n\n\n<li>Llevar a cabo acciones integrales para que las mujeres y ni\u00f1as vivan una vida libre de violencias.<\/li>\n\n\n\n<li>Fortalecer los modelos de prevenci\u00f3n de la violencia feminicida en cada entidad.<\/li>\n\n\n\n<li>Prevenir la violencia desde espacios educativos.<\/li>\n\n\n\n<li>Creaci\u00f3n de Fiscal\u00edas Especializadas y Abogadas de las mujeres.<\/li>\n<\/ol>\n\n\n\n<p>Inform\u00f3 que como parte de la campa\u00f1a permanente se han colocado c\u00e1rteles en las dependencias del Gobierno de M\u00e9xico. Adem\u00e1s, de que se implementar\u00e1 un boleto de loter\u00eda especial de la Loter\u00eda Nacional y un timbre postal.<\/p>\n\n\n\n<p> &#8220;Hacemos un llamado, s\u00famate y transforma, porque es un compromiso del Gobierno de M\u00e9xico; un llamado a los dem\u00e1s \u00f3rdenes de gobierno y Poderes de la Federaci\u00f3n; pero tambi\u00e9n un llamado, insisto, a toda la sociedad a ubicar esas violencias, a empezar a convivir de manera distinta\u201d.<\/p>\n\n\n\n<p>Record\u00f3 que con la reforma a favor de la igualdad sustantiva que envi\u00f3 la Presidenta de M\u00e9xico y que fue aprobada, en la Constituci\u00f3n Pol\u00edtica se estableci\u00f3 en su art\u00edculo 4 que las mujeres tienen derecho a vivir una vida libre violencia; en los art\u00edculos 21 y 73, la obligatoriedad de que las instituciones p\u00fablicas act\u00faen con perspectiva de g\u00e9nero; y en el art\u00edculo 116 se estipul\u00f3 la perspectiva de g\u00e9nero para las personas juzgadoras y que las entidades federativas deber\u00e1n tener Fiscal\u00edas especializadas en delitos relacionados con violencia hacia las mujeres.<\/p>\n\n\n\n<p>El coordinador residente del Sistema de Naciones Unidas en M\u00e9xico, Peter Grohmann, destac\u00f3 el esfuerzo del Gobierno de M\u00e9xico al crear la nueva Secretar\u00eda de las Mujeres.<\/p>\n\n\n\n<p>La representante de la Oficina de ONU Mujeres en M\u00e9xico, Moni Pizani Orsini, reconoci\u00f3 el liderazgo de la Presidenta de M\u00e9xico y de la pr\u00f3xima secretaria de las Mujeres, para impulsar cambios que atiendan y prevengan la violencia, as\u00ed como para garantizar que las mujeres tengan acceso a todos sus derechos.<\/p>\n\n\n\n<p>\u201cReconocemos el lanzamiento de una campa\u00f1a permanente que representa un compromiso continuo para prevenir la violencia de g\u00e9nero\u201d, destac\u00f3.<\/p>\n\n\n\n<p>La subsecretaria de Acciones y Programas para una Vida Libre de Violencias, Ingrid G\u00f3mez Sarac\u00edbar, invit\u00f3 a los medios de comunicaci\u00f3n, a las organizaciones y a todos los \u00f3rganos de gobierno a sumarse a la campa\u00f1a \u00a1Es tiempo de mujeres sin violencia! \u00a1S\u00famate y transforma!<\/p>\n\n\n\n<p>Durante la conferencia matutina: \u201cLas ma\u00f1aneras del pueblo\u201d, se present\u00f3 la secci\u00f3n Vida saludable, en la que se proyect\u00f3 una c\u00e1psula con recomendaciones para comenzar a realizar actividades f\u00edsicas y mejorar el estilo de vida a trav\u00e9s del ejercicio.<\/p>\n\n\n\n<p><\/p>\n","protected":false},"excerpt":{"rendered":"<p>Ciudad de M\u00e9xico a 25 de noviembre de 2024.- En el marco del D\u00eda Internacional de la Eliminaci\u00f3n de la Violencia contra la Mujer, que se conmemora cada 25 de noviembre, la Presidenta Constitucional de los Estados Unidos Mexicanos, Claudia Sheinbaum Pardo, present\u00f3 la campa\u00f1a nacional permanente \u00a1Es tiempo de mujeres sin violencia! \u00a1S\u00famate y [&hellip;]<\/p>\n","protected":false},"author":4,"featured_media":91550,"comment_status":"open","ping_status":"open","sticky":false,"template":"","format":"standard","meta":{"om_disable_all_campaigns":false,"_monsterinsights_skip_tracking":false,"_monsterinsights_sitenote_active":false,"_monsterinsights_sitenote_note":"","_monsterinsights_sitenote_category":0,"jnews-multi-image_gallery":[],"jnews_single_post":{"subtitle":"","format":"standard","video":"","gallery":"","source_name":"","source_url":"","via_name":"","via_url":"","override_template":"0","override":[{"template":"1","single_blog_custom":"","parallax":"1","fullscreen":"1","layout":"right-sidebar","sidebar":"default-sidebar","second_sidebar":"default-sidebar","sticky_sidebar":"1","share_position":"top","share_float_style":"share-monocrhome","show_share_counter":"1","show_view_counter":"1","show_featured":"1","show_post_meta":"1","show_post_author":"1","show_post_author_image":"1","show_post_date":"1","post_date_format":"default","post_date_format_custom":"Y\/m\/d","show_post_category":"1","show_post_reading_time":"0","post_reading_time_wpm":"300","show_zoom_button":"0","zoom_button_out_step":"2","zoom_button_in_step":"3","show_post_tag":"1","show_prev_next_post":"1","show_popup_post":"1","number_popup_post":"1","show_author_box":"1","show_post_related":"0","show_inline_post_related":"0"}],"override_image_size":"0","image_override":[{"single_post_thumbnail_size":"crop-500","single_post_gallery_size":"crop-500"}],"trending_post":"0","trending_post_position":"meta","trending_post_label":"Trending","sponsored_post":"0","sponsored_post_label":"Sponsored by","sponsored_post_name":"","sponsored_post_url":"","sponsored_post_logo_enable":"0","sponsored_post_logo":"","sponsored_post_desc":"","disable_ad":"0"},"jnews_primary_category":{"id":""},"footnotes":""},"categories":[1],"tags":[],"class_list":["post-91549","post","type-post","status-publish","format-standard","has-post-thumbnail","hentry","category-uncategorized"],"aioseo_notices":[],"_links":{"self":[{"href":"https:\/\/estado29.mx\/index.php?rest_route=\/wp\/v2\/posts\/91549","targetHints":{"allow":["GET"]}}],"collection":[{"href":"https:\/\/estado29.mx\/index.php?rest_route=\/wp\/v2\/posts"}],"about":[{"href":"https:\/\/estado29.mx\/index.php?rest_route=\/wp\/v2\/types\/post"}],"author":[{"embeddable":true,"href":"https:\/\/estado29.mx\/index.php?rest_route=\/wp\/v2\/users\/4"}],"replies":[{"embeddable":true,"href":"https:\/\/estado29.mx\/index.php?rest_route=%2Fwp%2Fv2%2Fcomments&post=91549"}],"version-history":[{"count":1,"href":"https:\/\/estado29.mx\/index.php?rest_route=\/wp\/v2\/posts\/91549\/revisions"}],"predecessor-version":[{"id":91551,"href":"https:\/\/estado29.mx\/index.php?rest_route=\/wp\/v2\/posts\/91549\/revisions\/91551"}],"wp:featuredmedia":[{"embeddable":true,"href":"https:\/\/estado29.mx\/index.php?rest_route=\/wp\/v2\/media\/91550"}],"wp:attachment":[{"href":"https:\/\/estado29.mx\/index.php?rest_route=%2Fwp%2Fv2%2Fmedia&parent=91549"}],"wp:term":[{"taxonomy":"category","embeddable":true,"href":"https:\/\/estado29.mx\/index.php?rest_route=%2Fwp%2Fv2%2Fcategories&post=91549"},{"taxonomy":"post_tag","embeddable":true,"href":"https:\/\/estado29.mx\/index.php?rest_route=%2Fwp%2Fv2%2Ftags&post=91549"}],"curies":[{"name":"wp","href":"https:\/\/api.w.org\/{rel}","templated":true}]}}