{"id":91555,"date":"2024-11-26T00:10:23","date_gmt":"2024-11-26T00:10:23","guid":{"rendered":"https:\/\/estado29.mx\/?p=91555"},"modified":"2024-11-26T00:10:24","modified_gmt":"2024-11-26T00:10:24","slug":"con-exito-culmina-expo-venta-mujeres-emprendedoras-tequexquitla-2024","status":"publish","type":"post","link":"https:\/\/estado29.mx\/?p=91555","title":{"rendered":"Con \u00e9xito culmina Expo Venta Mujeres Emprendedoras Tequexquitla 2024."},"content":{"rendered":"\n<p><br>Este lunes 25 de noviembre del a\u00f1o en curso, se llev\u00f3 a cabo, la Expo Venta Mujeres Emprendedoras Tequexquitla 2024, esta actividad tiene como objetivo el apoyo al comercio local as\u00ed como al emprendimiento en mujeres de este lugar.<\/p>\n\n\n\n<figure class=\"wp-block-image size-large\"><img loading=\"lazy\" decoding=\"async\" width=\"1024\" height=\"768\" src=\"https:\/\/estado29.mx\/wp-content\/uploads\/2024\/11\/IMG_20241125_135447-min-1024x768.jpg\" alt=\"\" class=\"wp-image-91557\" srcset=\"https:\/\/estado29.mx\/wp-content\/uploads\/2024\/11\/IMG_20241125_135447-min-1024x768.jpg 1024w, https:\/\/estado29.mx\/wp-content\/uploads\/2024\/11\/IMG_20241125_135447-min-300x225.jpg 300w, https:\/\/estado29.mx\/wp-content\/uploads\/2024\/11\/IMG_20241125_135447-min-768x576.jpg 768w, https:\/\/estado29.mx\/wp-content\/uploads\/2024\/11\/IMG_20241125_135447-min-1536x1152.jpg 1536w, https:\/\/estado29.mx\/wp-content\/uploads\/2024\/11\/IMG_20241125_135447-min-2048x1536.jpg 2048w, https:\/\/estado29.mx\/wp-content\/uploads\/2024\/11\/IMG_20241125_135447-min-750x563.jpg 750w, https:\/\/estado29.mx\/wp-content\/uploads\/2024\/11\/IMG_20241125_135447-min-1140x855.jpg 1140w\" sizes=\"auto, (max-width: 1024px) 100vw, 1024px\" \/><\/figure>\n\n\n\n<p><br>Esta actividad tuvo lugar en la Explanada de la Presidencia Municipal en un horario de 10 de la ma\u00f1ana a cuatro de la tarde, en donde la afluencia y participaci\u00f3n de los pobladores se hizo notar.<\/p>\n\n\n\n<figure class=\"wp-block-image size-large\"><img loading=\"lazy\" decoding=\"async\" width=\"1024\" height=\"768\" src=\"https:\/\/estado29.mx\/wp-content\/uploads\/2024\/11\/IMG_20241125_135550-min-1024x768.jpg\" alt=\"\" class=\"wp-image-91558\" srcset=\"https:\/\/estado29.mx\/wp-content\/uploads\/2024\/11\/IMG_20241125_135550-min-1024x768.jpg 1024w, https:\/\/estado29.mx\/wp-content\/uploads\/2024\/11\/IMG_20241125_135550-min-300x225.jpg 300w, https:\/\/estado29.mx\/wp-content\/uploads\/2024\/11\/IMG_20241125_135550-min-768x576.jpg 768w, https:\/\/estado29.mx\/wp-content\/uploads\/2024\/11\/IMG_20241125_135550-min-1536x1152.jpg 1536w, https:\/\/estado29.mx\/wp-content\/uploads\/2024\/11\/IMG_20241125_135550-min-2048x1536.jpg 2048w, https:\/\/estado29.mx\/wp-content\/uploads\/2024\/11\/IMG_20241125_135550-min-750x563.jpg 750w, https:\/\/estado29.mx\/wp-content\/uploads\/2024\/11\/IMG_20241125_135550-min-1140x855.jpg 1140w\" sizes=\"auto, (max-width: 1024px) 100vw, 1024px\" \/><\/figure>\n\n\n\n<p><br>En esta edici\u00f3n 2024, se tuvo la participaci\u00f3n de al menos unas 30 participantes, entre reposteras, vendedoras de ropa, de jugueter\u00eda, joyer\u00eda y antojitos, que este d\u00eda acudieron a ofrecer su productos.<\/p>\n\n\n\n<figure class=\"wp-block-image size-large\"><img loading=\"lazy\" decoding=\"async\" width=\"1024\" height=\"768\" src=\"https:\/\/estado29.mx\/wp-content\/uploads\/2024\/11\/IMG_20241125_135522-min-1024x768.jpg\" alt=\"\" class=\"wp-image-91559\" srcset=\"https:\/\/estado29.mx\/wp-content\/uploads\/2024\/11\/IMG_20241125_135522-min-1024x768.jpg 1024w, https:\/\/estado29.mx\/wp-content\/uploads\/2024\/11\/IMG_20241125_135522-min-300x225.jpg 300w, https:\/\/estado29.mx\/wp-content\/uploads\/2024\/11\/IMG_20241125_135522-min-768x576.jpg 768w, https:\/\/estado29.mx\/wp-content\/uploads\/2024\/11\/IMG_20241125_135522-min-1536x1152.jpg 1536w, https:\/\/estado29.mx\/wp-content\/uploads\/2024\/11\/IMG_20241125_135522-min-2048x1536.jpg 2048w, https:\/\/estado29.mx\/wp-content\/uploads\/2024\/11\/IMG_20241125_135522-min-750x563.jpg 750w, https:\/\/estado29.mx\/wp-content\/uploads\/2024\/11\/IMG_20241125_135522-min-1140x855.jpg 1140w\" sizes=\"auto, (max-width: 1024px) 100vw, 1024px\" \/><\/figure>\n\n\n\n<p><br>Es importante destacar, que esta expo venta se realizan a\u00f1o con a\u00f1o y que estas emprendedoras son participan de forma independiente a cursos o talleres que se imparten por parte del ayuntamiento de este lugar.<\/p>\n\n\n<figure class=\"wp-block-post-featured-image\"><img loading=\"lazy\" decoding=\"async\" width=\"2560\" height=\"1920\" src=\"https:\/\/estado29.mx\/wp-content\/uploads\/2024\/11\/IMG_20241125_135554-min-scaled.jpg\" class=\"attachment-post-thumbnail size-post-thumbnail wp-post-image\" alt=\"\" style=\"object-fit:cover;\" srcset=\"https:\/\/estado29.mx\/wp-content\/uploads\/2024\/11\/IMG_20241125_135554-min-scaled.jpg 2560w, https:\/\/estado29.mx\/wp-content\/uploads\/2024\/11\/IMG_20241125_135554-min-300x225.jpg 300w, https:\/\/estado29.mx\/wp-content\/uploads\/2024\/11\/IMG_20241125_135554-min-1024x768.jpg 1024w, https:\/\/estado29.mx\/wp-content\/uploads\/2024\/11\/IMG_20241125_135554-min-768x576.jpg 768w, https:\/\/estado29.mx\/wp-content\/uploads\/2024\/11\/IMG_20241125_135554-min-1536x1152.jpg 1536w, https:\/\/estado29.mx\/wp-content\/uploads\/2024\/11\/IMG_20241125_135554-min-2048x1536.jpg 2048w, https:\/\/estado29.mx\/wp-content\/uploads\/2024\/11\/IMG_20241125_135554-min-750x563.jpg 750w, https:\/\/estado29.mx\/wp-content\/uploads\/2024\/11\/IMG_20241125_135554-min-1140x855.jpg 1140w\" sizes=\"auto, (max-width: 2560px) 100vw, 2560px\" \/><\/figure>","protected":false},"excerpt":{"rendered":"<p>Este lunes 25 de noviembre del a\u00f1o en curso, se llev\u00f3 a cabo, la Expo Venta Mujeres Emprendedoras Tequexquitla 2024, esta actividad tiene como objetivo el apoyo al comercio local as\u00ed como al emprendimiento en mujeres de este lugar. Esta actividad tuvo lugar en la Explanada de la Presidencia Municipal en un horario de 10 [&hellip;]<\/p>\n","protected":false},"author":7,"featured_media":91556,"comment_status":"open","ping_status":"open","sticky":false,"template":"","format":"standard","meta":{"om_disable_all_campaigns":false,"_monsterinsights_skip_tracking":false,"_monsterinsights_sitenote_active":false,"_monsterinsights_sitenote_note":"","_monsterinsights_sitenote_category":0,"jnews-multi-image_gallery":[],"jnews_single_post":{"subtitle":"","format":"standard","video":"","gallery":"","source_name":"","source_url":"","via_name":"","via_url":"","override_template":"0","override":[{"template":"1","single_blog_custom":"","parallax":"1","fullscreen":"1","layout":"right-sidebar","sidebar":"default-sidebar","second_sidebar":"default-sidebar","sticky_sidebar":"1","share_position":"top","share_float_style":"share-monocrhome","show_share_counter":"1","show_view_counter":"1","show_featured":"1","show_post_meta":"1","show_post_author":"1","show_post_author_image":"1","show_post_date":"1","post_date_format":"default","post_date_format_custom":"Y\/m\/d","show_post_category":"1","show_post_reading_time":"0","post_reading_time_wpm":"300","show_zoom_button":"0","zoom_button_out_step":"2","zoom_button_in_step":"3","show_post_tag":"1","show_prev_next_post":"1","show_popup_post":"1","number_popup_post":"1","show_author_box":"1","show_post_related":"0","show_inline_post_related":"0"}],"override_image_size":"0","image_override":[{"single_post_thumbnail_size":"crop-500","single_post_gallery_size":"crop-500"}],"trending_post":"0","trending_post_position":"meta","trending_post_label":"Trending","sponsored_post":"0","sponsored_post_label":"Sponsored by","sponsored_post_name":"","sponsored_post_url":"","sponsored_post_logo_enable":"0","sponsored_post_logo":"","sponsored_post_desc":"","disable_ad":"0"},"jnews_primary_category":{"id":""},"footnotes":""},"categories":[1],"tags":[],"class_list":["post-91555","post","type-post","status-publish","format-standard","has-post-thumbnail","hentry","category-uncategorized"],"aioseo_notices":[],"_links":{"self":[{"href":"https:\/\/estado29.mx\/index.php?rest_route=\/wp\/v2\/posts\/91555","targetHints":{"allow":["GET"]}}],"collection":[{"href":"https:\/\/estado29.mx\/index.php?rest_route=\/wp\/v2\/posts"}],"about":[{"href":"https:\/\/estado29.mx\/index.php?rest_route=\/wp\/v2\/types\/post"}],"author":[{"embeddable":true,"href":"https:\/\/estado29.mx\/index.php?rest_route=\/wp\/v2\/users\/7"}],"replies":[{"embeddable":true,"href":"https:\/\/estado29.mx\/index.php?rest_route=%2Fwp%2Fv2%2Fcomments&post=91555"}],"version-history":[{"count":1,"href":"https:\/\/estado29.mx\/index.php?rest_route=\/wp\/v2\/posts\/91555\/revisions"}],"predecessor-version":[{"id":91560,"href":"https:\/\/estado29.mx\/index.php?rest_route=\/wp\/v2\/posts\/91555\/revisions\/91560"}],"wp:featuredmedia":[{"embeddable":true,"href":"https:\/\/estado29.mx\/index.php?rest_route=\/wp\/v2\/media\/91556"}],"wp:attachment":[{"href":"https:\/\/estado29.mx\/index.php?rest_route=%2Fwp%2Fv2%2Fmedia&parent=91555"}],"wp:term":[{"taxonomy":"category","embeddable":true,"href":"https:\/\/estado29.mx\/index.php?rest_route=%2Fwp%2Fv2%2Fcategories&post=91555"},{"taxonomy":"post_tag","embeddable":true,"href":"https:\/\/estado29.mx\/index.php?rest_route=%2Fwp%2Fv2%2Ftags&post=91555"}],"curies":[{"name":"wp","href":"https:\/\/api.w.org\/{rel}","templated":true}]}}