{"id":91567,"date":"2024-11-26T18:13:35","date_gmt":"2024-11-26T18:13:35","guid":{"rendered":"https:\/\/estado29.mx\/?p=91567"},"modified":"2024-11-26T18:13:36","modified_gmt":"2024-11-26T18:13:36","slug":"estreno-de-amiga-mia-el-jilguerillo-de-tlaxcala-y-giovanny-dominguez","status":"publish","type":"post","link":"https:\/\/estado29.mx\/?p=91567","title":{"rendered":"Estreno de &#8220;Amiga Mia&#8221;: El Jilguerillo de Tlaxcala y Giovanny Dom\u00ednguez"},"content":{"rendered":"<figure class=\"wp-block-post-featured-image\"><img loading=\"lazy\" decoding=\"async\" width=\"1080\" height=\"987\" src=\"https:\/\/estado29.mx\/wp-content\/uploads\/2024\/11\/Screenshot_2024-11-26-12-10-30-96_99c04817c0de5652397fc8b56c3b3817.jpg\" class=\"attachment-post-thumbnail size-post-thumbnail wp-post-image\" alt=\"\" style=\"object-fit:cover;\" srcset=\"https:\/\/estado29.mx\/wp-content\/uploads\/2024\/11\/Screenshot_2024-11-26-12-10-30-96_99c04817c0de5652397fc8b56c3b3817.jpg 1080w, https:\/\/estado29.mx\/wp-content\/uploads\/2024\/11\/Screenshot_2024-11-26-12-10-30-96_99c04817c0de5652397fc8b56c3b3817-300x274.jpg 300w, https:\/\/estado29.mx\/wp-content\/uploads\/2024\/11\/Screenshot_2024-11-26-12-10-30-96_99c04817c0de5652397fc8b56c3b3817-1024x936.jpg 1024w, https:\/\/estado29.mx\/wp-content\/uploads\/2024\/11\/Screenshot_2024-11-26-12-10-30-96_99c04817c0de5652397fc8b56c3b3817-768x702.jpg 768w, https:\/\/estado29.mx\/wp-content\/uploads\/2024\/11\/Screenshot_2024-11-26-12-10-30-96_99c04817c0de5652397fc8b56c3b3817-750x685.jpg 750w\" sizes=\"auto, (max-width: 1080px) 100vw, 1080px\" \/><\/figure>\n\n\n<p>Tlaxcala, 26 de noviembre. Este martes se estren\u00f3 la canci\u00f3n &#8220;Amiga Mia&#8221;, una emotiva fusi\u00f3n de mariachi y cumbia interpretada por Jes\u00fas Rodr\u00edguez, &#8220;El Jilguerillo&#8221;, y Giovanny Dom\u00ednguez. La producci\u00f3n musical estuvo a cargo de Fernando Trejo, mientras que Fidel Castro se encarg\u00f3 de la producci\u00f3n del video.<\/p>\n\n\n\n<p>Asimismo puntualiz\u00f3 que su \u00e9xito &#8220;Ay Chabela&#8221; busca alcanzar un mill\u00f3n de reproducciones en plataformas digitales, siguiendo el \u00e9xito de &#8220;Amiga Mia&#8221;.<\/p>\n\n\n\n<p>Giovanny Dom\u00ednguez expres\u00f3 su entusiasmo por apoyar nuevos talentos y record\u00f3 su inicio en la m\u00fasica a los 13 a\u00f1os. &#8220;Amiga Mia&#8221; es un tema que ha cobrado un significado c\u00f3mico en su carrera.<\/p>\n\n\n\n<p>&#8220;Es un honor cantar con El Jilguerillo, un gran talento tlaxcalteca&#8221;, destac\u00f3 Dom\u00ednguez.<\/p>\n\n\n\n<p>El Jilguerillo asegur\u00f3 que la canci\u00f3n ya est\u00e1 disponible en plataformas musicales digitales y anunci\u00f3 una presentaci\u00f3n en vivo en Puebla el 26 de diciembre. &#8220;Se vienen sorpresas y m\u00e1s canciones&#8221;, adelant\u00f3.<\/p>\n\n\n\n<figure class=\"wp-block-image size-large\"><img loading=\"lazy\" decoding=\"async\" width=\"1024\" height=\"980\" src=\"https:\/\/estado29.mx\/wp-content\/uploads\/2024\/11\/1000231504-1024x980.jpg\" alt=\"\" class=\"wp-image-91569\" srcset=\"https:\/\/estado29.mx\/wp-content\/uploads\/2024\/11\/1000231504-1024x980.jpg 1024w, https:\/\/estado29.mx\/wp-content\/uploads\/2024\/11\/1000231504-300x287.jpg 300w, https:\/\/estado29.mx\/wp-content\/uploads\/2024\/11\/1000231504-768x735.jpg 768w, https:\/\/estado29.mx\/wp-content\/uploads\/2024\/11\/1000231504-750x718.jpg 750w, https:\/\/estado29.mx\/wp-content\/uploads\/2024\/11\/1000231504.jpg 1080w\" sizes=\"auto, (max-width: 1024px) 100vw, 1024px\" \/><figcaption class=\"wp-element-caption\">Oplus_131072<\/figcaption><\/figure>\n\n\n\n<p>La dupla promete seguir cosechando \u00e9xitos con su fusi\u00f3n musical, consolidando el legado del mariachi en la escena musical tlaxcalteca.<\/p>\n","protected":false},"excerpt":{"rendered":"<p>Tlaxcala, 26 de noviembre. Este martes se estren\u00f3 la canci\u00f3n &#8220;Amiga Mia&#8221;, una emotiva fusi\u00f3n de mariachi y cumbia interpretada por Jes\u00fas Rodr\u00edguez, &#8220;El Jilguerillo&#8221;, y Giovanny Dom\u00ednguez. La producci\u00f3n musical estuvo a cargo de Fernando Trejo, mientras que Fidel Castro se encarg\u00f3 de la producci\u00f3n del video. Asimismo puntualiz\u00f3 que su \u00e9xito &#8220;Ay Chabela&#8221; [&hellip;]<\/p>\n","protected":false},"author":4,"featured_media":91568,"comment_status":"open","ping_status":"open","sticky":false,"template":"","format":"standard","meta":{"om_disable_all_campaigns":false,"_monsterinsights_skip_tracking":false,"_monsterinsights_sitenote_active":false,"_monsterinsights_sitenote_note":"","_monsterinsights_sitenote_category":0,"jnews-multi-image_gallery":[],"jnews_single_post":{"subtitle":"","format":"standard","video":"","gallery":"","source_name":"","source_url":"","via_name":"","via_url":"","override_template":"0","override":[{"template":"1","single_blog_custom":"","parallax":"1","fullscreen":"1","layout":"right-sidebar","sidebar":"default-sidebar","second_sidebar":"default-sidebar","sticky_sidebar":"1","share_position":"top","share_float_style":"share-monocrhome","show_share_counter":"1","show_view_counter":"1","show_featured":"1","show_post_meta":"1","show_post_author":"1","show_post_author_image":"1","show_post_date":"1","post_date_format":"default","post_date_format_custom":"Y\/m\/d","show_post_category":"1","show_post_reading_time":"0","post_reading_time_wpm":"300","show_zoom_button":"0","zoom_button_out_step":"2","zoom_button_in_step":"3","show_post_tag":"1","show_prev_next_post":"1","show_popup_post":"1","number_popup_post":"1","show_author_box":"1","show_post_related":"0","show_inline_post_related":"0"}],"override_image_size":"0","image_override":[{"single_post_thumbnail_size":"crop-500","single_post_gallery_size":"crop-500"}],"trending_post":"0","trending_post_position":"meta","trending_post_label":"Trending","sponsored_post":"0","sponsored_post_label":"Sponsored by","sponsored_post_name":"","sponsored_post_url":"","sponsored_post_logo_enable":"0","sponsored_post_logo":"","sponsored_post_desc":"","disable_ad":"0"},"jnews_primary_category":{"id":""},"footnotes":""},"categories":[1],"tags":[],"class_list":["post-91567","post","type-post","status-publish","format-standard","has-post-thumbnail","hentry","category-uncategorized"],"aioseo_notices":[],"_links":{"self":[{"href":"https:\/\/estado29.mx\/index.php?rest_route=\/wp\/v2\/posts\/91567","targetHints":{"allow":["GET"]}}],"collection":[{"href":"https:\/\/estado29.mx\/index.php?rest_route=\/wp\/v2\/posts"}],"about":[{"href":"https:\/\/estado29.mx\/index.php?rest_route=\/wp\/v2\/types\/post"}],"author":[{"embeddable":true,"href":"https:\/\/estado29.mx\/index.php?rest_route=\/wp\/v2\/users\/4"}],"replies":[{"embeddable":true,"href":"https:\/\/estado29.mx\/index.php?rest_route=%2Fwp%2Fv2%2Fcomments&post=91567"}],"version-history":[{"count":1,"href":"https:\/\/estado29.mx\/index.php?rest_route=\/wp\/v2\/posts\/91567\/revisions"}],"predecessor-version":[{"id":91570,"href":"https:\/\/estado29.mx\/index.php?rest_route=\/wp\/v2\/posts\/91567\/revisions\/91570"}],"wp:featuredmedia":[{"embeddable":true,"href":"https:\/\/estado29.mx\/index.php?rest_route=\/wp\/v2\/media\/91568"}],"wp:attachment":[{"href":"https:\/\/estado29.mx\/index.php?rest_route=%2Fwp%2Fv2%2Fmedia&parent=91567"}],"wp:term":[{"taxonomy":"category","embeddable":true,"href":"https:\/\/estado29.mx\/index.php?rest_route=%2Fwp%2Fv2%2Fcategories&post=91567"},{"taxonomy":"post_tag","embeddable":true,"href":"https:\/\/estado29.mx\/index.php?rest_route=%2Fwp%2Fv2%2Ftags&post=91567"}],"curies":[{"name":"wp","href":"https:\/\/api.w.org\/{rel}","templated":true}]}}