{"id":91572,"date":"2024-11-26T20:16:12","date_gmt":"2024-11-26T20:16:12","guid":{"rendered":"https:\/\/estado29.mx\/?p=91572"},"modified":"2024-11-26T20:54:44","modified_gmt":"2024-11-26T20:54:44","slug":"realizan-en-huamantla-capacitacion-ciudadana-en-tema-de-primero-auxilios","status":"publish","type":"post","link":"https:\/\/estado29.mx\/?p=91572","title":{"rendered":"Realizan en Huamantla Capacitaci\u00f3n Ciudadana en tema de Primeros Auxilios."},"content":{"rendered":"\n<p><br>Este martes 26 de noviembre del a\u00f1o en curso se llev\u00f3 a cabo en el municipio de Huamantla, una capacitaci\u00f3n ciudadana en el tema de Primero Auxilios, Francisco Agust\u00edn Salda\u00f1a Hern\u00e1ndendez Presidente del Barrio de San Antonio en Huamantla, detall\u00f3 sobre la importancia de que los pobladores tengan conocimiento de c\u00f3mo reaccionar ante un incidente.<\/p>\n\n\n\n<figure class=\"wp-block-image size-large\"><img loading=\"lazy\" decoding=\"async\" width=\"1024\" height=\"1024\" src=\"https:\/\/estado29.mx\/wp-content\/uploads\/2024\/11\/IMG-20241126-WA0008-1024x1024.jpg\" alt=\"\" class=\"wp-image-91574\" srcset=\"https:\/\/estado29.mx\/wp-content\/uploads\/2024\/11\/IMG-20241126-WA0008-1024x1024.jpg 1024w, https:\/\/estado29.mx\/wp-content\/uploads\/2024\/11\/IMG-20241126-WA0008-300x300.jpg 300w, https:\/\/estado29.mx\/wp-content\/uploads\/2024\/11\/IMG-20241126-WA0008-150x150.jpg 150w, https:\/\/estado29.mx\/wp-content\/uploads\/2024\/11\/IMG-20241126-WA0008-768x768.jpg 768w, https:\/\/estado29.mx\/wp-content\/uploads\/2024\/11\/IMG-20241126-WA0008-1536x1536.jpg 1536w, https:\/\/estado29.mx\/wp-content\/uploads\/2024\/11\/IMG-20241126-WA0008-75x75.jpg 75w, https:\/\/estado29.mx\/wp-content\/uploads\/2024\/11\/IMG-20241126-WA0008-350x350.jpg 350w, https:\/\/estado29.mx\/wp-content\/uploads\/2024\/11\/IMG-20241126-WA0008-750x750.jpg 750w, https:\/\/estado29.mx\/wp-content\/uploads\/2024\/11\/IMG-20241126-WA0008-1140x1140.jpg 1140w, https:\/\/estado29.mx\/wp-content\/uploads\/2024\/11\/IMG-20241126-WA0008.jpg 1544w\" sizes=\"auto, (max-width: 1024px) 100vw, 1024px\" \/><\/figure>\n\n\n\n<p><br>En este sentido, agreg\u00f3 que este mi\u00e9rcoles 27 y jueves 28 se dar\u00e1 continuidad a este curso-capacitaci\u00f3n con el objetivo de que los pobladores cuenten con los conocimientos pr\u00e1cticos y te\u00f3ricos de este tema.<\/p>\n\n\n\n<figure class=\"wp-block-image size-large\"><img loading=\"lazy\" decoding=\"async\" width=\"1024\" height=\"1024\" src=\"https:\/\/estado29.mx\/wp-content\/uploads\/2024\/11\/IMG-20241126-WA0006-1024x1024.jpg\" alt=\"\" class=\"wp-image-91575\" srcset=\"https:\/\/estado29.mx\/wp-content\/uploads\/2024\/11\/IMG-20241126-WA0006-1024x1024.jpg 1024w, https:\/\/estado29.mx\/wp-content\/uploads\/2024\/11\/IMG-20241126-WA0006-300x300.jpg 300w, https:\/\/estado29.mx\/wp-content\/uploads\/2024\/11\/IMG-20241126-WA0006-150x150.jpg 150w, https:\/\/estado29.mx\/wp-content\/uploads\/2024\/11\/IMG-20241126-WA0006-768x768.jpg 768w, https:\/\/estado29.mx\/wp-content\/uploads\/2024\/11\/IMG-20241126-WA0006-1536x1536.jpg 1536w, https:\/\/estado29.mx\/wp-content\/uploads\/2024\/11\/IMG-20241126-WA0006-75x75.jpg 75w, https:\/\/estado29.mx\/wp-content\/uploads\/2024\/11\/IMG-20241126-WA0006-350x350.jpg 350w, https:\/\/estado29.mx\/wp-content\/uploads\/2024\/11\/IMG-20241126-WA0006-750x750.jpg 750w, https:\/\/estado29.mx\/wp-content\/uploads\/2024\/11\/IMG-20241126-WA0006-1140x1140.jpg 1140w, https:\/\/estado29.mx\/wp-content\/uploads\/2024\/11\/IMG-20241126-WA0006.jpg 1544w\" sizes=\"auto, (max-width: 1024px) 100vw, 1024px\" \/><\/figure>\n\n\n\n<p><br>Asimismo, Alberto L\u00f3pez Bonilla, param\u00e9dico del municipio de Huamantla, detall\u00f3 sobre los temas que se estar\u00e1n abordando, ya que esta capacitaci\u00f3n ser\u00e1 te\u00f3rica y pr\u00e1ctica.<\/p>\n\n\n\n<p><br>L\u00f3pez Bonilla, destac\u00f3 la importancia de estas capacitaciones, pues en muchas ocasiones, por el desconocimientos de este tema b\u00e1sico, se han tenido p\u00e9rdidas humanas.<\/p>\n\n\n<figure class=\"wp-block-post-featured-image\"><img loading=\"lazy\" decoding=\"async\" width=\"1544\" height=\"1544\" src=\"https:\/\/estado29.mx\/wp-content\/uploads\/2024\/11\/IMG-20241126-WA0007.jpg\" class=\"attachment-post-thumbnail size-post-thumbnail wp-post-image\" alt=\"\" style=\"object-fit:cover;\" srcset=\"https:\/\/estado29.mx\/wp-content\/uploads\/2024\/11\/IMG-20241126-WA0007.jpg 1544w, https:\/\/estado29.mx\/wp-content\/uploads\/2024\/11\/IMG-20241126-WA0007-300x300.jpg 300w, https:\/\/estado29.mx\/wp-content\/uploads\/2024\/11\/IMG-20241126-WA0007-1024x1024.jpg 1024w, https:\/\/estado29.mx\/wp-content\/uploads\/2024\/11\/IMG-20241126-WA0007-150x150.jpg 150w, https:\/\/estado29.mx\/wp-content\/uploads\/2024\/11\/IMG-20241126-WA0007-768x768.jpg 768w, https:\/\/estado29.mx\/wp-content\/uploads\/2024\/11\/IMG-20241126-WA0007-1536x1536.jpg 1536w, https:\/\/estado29.mx\/wp-content\/uploads\/2024\/11\/IMG-20241126-WA0007-75x75.jpg 75w, https:\/\/estado29.mx\/wp-content\/uploads\/2024\/11\/IMG-20241126-WA0007-350x350.jpg 350w, https:\/\/estado29.mx\/wp-content\/uploads\/2024\/11\/IMG-20241126-WA0007-750x750.jpg 750w, https:\/\/estado29.mx\/wp-content\/uploads\/2024\/11\/IMG-20241126-WA0007-1140x1140.jpg 1140w\" sizes=\"auto, (max-width: 1544px) 100vw, 1544px\" \/><\/figure>","protected":false},"excerpt":{"rendered":"<p>Este martes 26 de noviembre del a\u00f1o en curso se llev\u00f3 a cabo en el municipio de Huamantla, una capacitaci\u00f3n ciudadana en el tema de Primero Auxilios, Francisco Agust\u00edn Salda\u00f1a Hern\u00e1ndendez Presidente del Barrio de San Antonio en Huamantla, detall\u00f3 sobre la importancia de que los pobladores tengan conocimiento de c\u00f3mo reaccionar ante un incidente. [&hellip;]<\/p>\n","protected":false},"author":7,"featured_media":91573,"comment_status":"open","ping_status":"open","sticky":false,"template":"","format":"standard","meta":{"om_disable_all_campaigns":false,"_monsterinsights_skip_tracking":false,"_monsterinsights_sitenote_active":false,"_monsterinsights_sitenote_note":"","_monsterinsights_sitenote_category":0,"jnews-multi-image_gallery":[],"jnews_single_post":{"subtitle":"","format":"standard","video":"","gallery":"","source_name":"","source_url":"","via_name":"","via_url":"","override_template":"0","override":[{"template":"1","single_blog_custom":"","parallax":"1","fullscreen":"1","layout":"right-sidebar","sidebar":"default-sidebar","second_sidebar":"default-sidebar","sticky_sidebar":"1","share_position":"top","share_float_style":"share-monocrhome","show_share_counter":"1","show_view_counter":"1","show_featured":"1","show_post_meta":"1","show_post_author":"1","show_post_author_image":"1","show_post_date":"1","post_date_format":"default","post_date_format_custom":"Y\/m\/d","show_post_category":"1","show_post_reading_time":"0","post_reading_time_wpm":"300","show_zoom_button":"0","zoom_button_out_step":"2","zoom_button_in_step":"3","show_post_tag":"1","show_prev_next_post":"1","show_popup_post":"1","number_popup_post":"1","show_author_box":"1","show_post_related":"0","show_inline_post_related":"0"}],"override_image_size":"0","image_override":[{"single_post_thumbnail_size":"crop-500","single_post_gallery_size":"crop-500"}],"trending_post":"0","trending_post_position":"meta","trending_post_label":"Trending","sponsored_post":"0","sponsored_post_label":"Sponsored by","sponsored_post_name":"","sponsored_post_url":"","sponsored_post_logo_enable":"0","sponsored_post_logo":"","sponsored_post_desc":"","disable_ad":"0"},"jnews_primary_category":{"id":""},"footnotes":""},"categories":[1],"tags":[],"class_list":["post-91572","post","type-post","status-publish","format-standard","has-post-thumbnail","hentry","category-uncategorized"],"aioseo_notices":[],"_links":{"self":[{"href":"https:\/\/estado29.mx\/index.php?rest_route=\/wp\/v2\/posts\/91572","targetHints":{"allow":["GET"]}}],"collection":[{"href":"https:\/\/estado29.mx\/index.php?rest_route=\/wp\/v2\/posts"}],"about":[{"href":"https:\/\/estado29.mx\/index.php?rest_route=\/wp\/v2\/types\/post"}],"author":[{"embeddable":true,"href":"https:\/\/estado29.mx\/index.php?rest_route=\/wp\/v2\/users\/7"}],"replies":[{"embeddable":true,"href":"https:\/\/estado29.mx\/index.php?rest_route=%2Fwp%2Fv2%2Fcomments&post=91572"}],"version-history":[{"count":2,"href":"https:\/\/estado29.mx\/index.php?rest_route=\/wp\/v2\/posts\/91572\/revisions"}],"predecessor-version":[{"id":91592,"href":"https:\/\/estado29.mx\/index.php?rest_route=\/wp\/v2\/posts\/91572\/revisions\/91592"}],"wp:featuredmedia":[{"embeddable":true,"href":"https:\/\/estado29.mx\/index.php?rest_route=\/wp\/v2\/media\/91573"}],"wp:attachment":[{"href":"https:\/\/estado29.mx\/index.php?rest_route=%2Fwp%2Fv2%2Fmedia&parent=91572"}],"wp:term":[{"taxonomy":"category","embeddable":true,"href":"https:\/\/estado29.mx\/index.php?rest_route=%2Fwp%2Fv2%2Fcategories&post=91572"},{"taxonomy":"post_tag","embeddable":true,"href":"https:\/\/estado29.mx\/index.php?rest_route=%2Fwp%2Fv2%2Ftags&post=91572"}],"curies":[{"name":"wp","href":"https:\/\/api.w.org\/{rel}","templated":true}]}}