{"id":91577,"date":"2024-11-26T20:21:28","date_gmt":"2024-11-26T20:21:28","guid":{"rendered":"https:\/\/estado29.mx\/?p=91577"},"modified":"2024-11-26T20:21:29","modified_gmt":"2024-11-26T20:21:29","slug":"realizan-actividades-de-promocion-de-igualdad-de-genero-en-el-municipio-de-cuapiaxtla","status":"publish","type":"post","link":"https:\/\/estado29.mx\/?p=91577","title":{"rendered":"Realizan Actividades de Promoci\u00f3n de Igualdad de G\u00e9nero en el municipio de Cuapiaxtla."},"content":{"rendered":"\n<p><br>Este martes 26 de noviembre del a\u00f1o en curso, se llev\u00f3 a cabo en el municipio de Cuapiaxtla, como parte de las actividades de la Eliminaci\u00f3n de la Violencia de G\u00e9nero, se tuvo la participaci\u00f3n de alumnos de la Telesecundaria \u201c02 de Enero de 1968\u201d en el tema de Activaci\u00f3n F\u00edsica.<\/p>\n\n\n\n<p><br>Esta actividad tuvo lugar en la Comunidad de San Francisco Cuexcontzi, en la que se tuvo la participaci\u00f3n de 62 alumnos y tres docentes.<\/p>\n\n\n\n<p><br>Es importante mencionar que estas actividades de promoci\u00f3n por parte del Ayuntamiento de Cuapiaxtla, forman parte de la promoci\u00f3n en impulso a la igualdad de g\u00e9nero.<\/p>\n\n\n<figure class=\"wp-block-post-featured-image\"><img loading=\"lazy\" decoding=\"async\" width=\"720\" height=\"415\" src=\"https:\/\/estado29.mx\/wp-content\/uploads\/2024\/11\/Screenshot_2024-11-26-09-48-00-8192.jpg\" class=\"attachment-post-thumbnail size-post-thumbnail wp-post-image\" alt=\"\" style=\"object-fit:cover;\" srcset=\"https:\/\/estado29.mx\/wp-content\/uploads\/2024\/11\/Screenshot_2024-11-26-09-48-00-8192.jpg 720w, https:\/\/estado29.mx\/wp-content\/uploads\/2024\/11\/Screenshot_2024-11-26-09-48-00-8192-300x173.jpg 300w\" sizes=\"auto, (max-width: 720px) 100vw, 720px\" \/><\/figure>","protected":false},"excerpt":{"rendered":"<p>Este martes 26 de noviembre del a\u00f1o en curso, se llev\u00f3 a cabo en el municipio de Cuapiaxtla, como parte de las actividades de la Eliminaci\u00f3n de la Violencia de G\u00e9nero, se tuvo la participaci\u00f3n de alumnos de la Telesecundaria \u201c02 de Enero de 1968\u201d en el tema de Activaci\u00f3n F\u00edsica. Esta actividad tuvo lugar [&hellip;]<\/p>\n","protected":false},"author":7,"featured_media":91578,"comment_status":"open","ping_status":"open","sticky":false,"template":"","format":"standard","meta":{"om_disable_all_campaigns":false,"_monsterinsights_skip_tracking":false,"_monsterinsights_sitenote_active":false,"_monsterinsights_sitenote_note":"","_monsterinsights_sitenote_category":0,"jnews-multi-image_gallery":[],"jnews_single_post":{"subtitle":"","format":"standard","video":"","gallery":"","source_name":"","source_url":"","via_name":"","via_url":"","override_template":"0","override":[{"template":"1","single_blog_custom":"","parallax":"1","fullscreen":"1","layout":"right-sidebar","sidebar":"default-sidebar","second_sidebar":"default-sidebar","sticky_sidebar":"1","share_position":"top","share_float_style":"share-monocrhome","show_share_counter":"1","show_view_counter":"1","show_featured":"1","show_post_meta":"1","show_post_author":"1","show_post_author_image":"1","show_post_date":"1","post_date_format":"default","post_date_format_custom":"Y\/m\/d","show_post_category":"1","show_post_reading_time":"0","post_reading_time_wpm":"300","show_zoom_button":"0","zoom_button_out_step":"2","zoom_button_in_step":"3","show_post_tag":"1","show_prev_next_post":"1","show_popup_post":"1","number_popup_post":"1","show_author_box":"1","show_post_related":"0","show_inline_post_related":"0"}],"override_image_size":"0","image_override":[{"single_post_thumbnail_size":"crop-500","single_post_gallery_size":"crop-500"}],"trending_post":"0","trending_post_position":"meta","trending_post_label":"Trending","sponsored_post":"0","sponsored_post_label":"Sponsored by","sponsored_post_name":"","sponsored_post_url":"","sponsored_post_logo_enable":"0","sponsored_post_logo":"","sponsored_post_desc":"","disable_ad":"0"},"jnews_primary_category":{"id":""},"footnotes":""},"categories":[1],"tags":[],"class_list":["post-91577","post","type-post","status-publish","format-standard","has-post-thumbnail","hentry","category-uncategorized"],"aioseo_notices":[],"_links":{"self":[{"href":"https:\/\/estado29.mx\/index.php?rest_route=\/wp\/v2\/posts\/91577","targetHints":{"allow":["GET"]}}],"collection":[{"href":"https:\/\/estado29.mx\/index.php?rest_route=\/wp\/v2\/posts"}],"about":[{"href":"https:\/\/estado29.mx\/index.php?rest_route=\/wp\/v2\/types\/post"}],"author":[{"embeddable":true,"href":"https:\/\/estado29.mx\/index.php?rest_route=\/wp\/v2\/users\/7"}],"replies":[{"embeddable":true,"href":"https:\/\/estado29.mx\/index.php?rest_route=%2Fwp%2Fv2%2Fcomments&post=91577"}],"version-history":[{"count":2,"href":"https:\/\/estado29.mx\/index.php?rest_route=\/wp\/v2\/posts\/91577\/revisions"}],"predecessor-version":[{"id":91613,"href":"https:\/\/estado29.mx\/index.php?rest_route=\/wp\/v2\/posts\/91577\/revisions\/91613"}],"wp:featuredmedia":[{"embeddable":true,"href":"https:\/\/estado29.mx\/index.php?rest_route=\/wp\/v2\/media\/91578"}],"wp:attachment":[{"href":"https:\/\/estado29.mx\/index.php?rest_route=%2Fwp%2Fv2%2Fmedia&parent=91577"}],"wp:term":[{"taxonomy":"category","embeddable":true,"href":"https:\/\/estado29.mx\/index.php?rest_route=%2Fwp%2Fv2%2Fcategories&post=91577"},{"taxonomy":"post_tag","embeddable":true,"href":"https:\/\/estado29.mx\/index.php?rest_route=%2Fwp%2Fv2%2Ftags&post=91577"}],"curies":[{"name":"wp","href":"https:\/\/api.w.org\/{rel}","templated":true}]}}