{"id":91646,"date":"2024-11-27T18:42:19","date_gmt":"2024-11-27T18:42:19","guid":{"rendered":"https:\/\/estado29.mx\/?p=91646"},"modified":"2024-11-27T18:42:19","modified_gmt":"2024-11-27T18:42:19","slug":"sheinbaum-y-ebrard-dedican-mananera-a-trump-le-explican-por-que-arancel-danara-a-eu","status":"publish","type":"post","link":"https:\/\/estado29.mx\/?p=91646","title":{"rendered":"Sheinbaum y Ebrard dedican ma\u00f1anera a Trump: le explican por qu\u00e9 arancel da\u00f1ar\u00e1 a EU"},"content":{"rendered":"<figure class=\"wp-block-post-featured-image\"><img loading=\"lazy\" decoding=\"async\" width=\"1600\" height=\"1066\" src=\"https:\/\/estado29.mx\/wp-content\/uploads\/2024\/11\/WhatsApp-Image-2024-11-27-at-8.45.57-AM.jpeg\" class=\"attachment-post-thumbnail size-post-thumbnail wp-post-image\" alt=\"\" style=\"object-fit:cover;\" srcset=\"https:\/\/estado29.mx\/wp-content\/uploads\/2024\/11\/WhatsApp-Image-2024-11-27-at-8.45.57-AM.jpeg 1600w, https:\/\/estado29.mx\/wp-content\/uploads\/2024\/11\/WhatsApp-Image-2024-11-27-at-8.45.57-AM-300x200.jpeg 300w, https:\/\/estado29.mx\/wp-content\/uploads\/2024\/11\/WhatsApp-Image-2024-11-27-at-8.45.57-AM-1024x682.jpeg 1024w, https:\/\/estado29.mx\/wp-content\/uploads\/2024\/11\/WhatsApp-Image-2024-11-27-at-8.45.57-AM-768x512.jpeg 768w, https:\/\/estado29.mx\/wp-content\/uploads\/2024\/11\/WhatsApp-Image-2024-11-27-at-8.45.57-AM-1536x1023.jpeg 1536w, https:\/\/estado29.mx\/wp-content\/uploads\/2024\/11\/WhatsApp-Image-2024-11-27-at-8.45.57-AM-750x500.jpeg 750w, https:\/\/estado29.mx\/wp-content\/uploads\/2024\/11\/WhatsApp-Image-2024-11-27-at-8.45.57-AM-1140x760.jpeg 1140w\" sizes=\"auto, (max-width: 1600px) 100vw, 1600px\" \/><\/figure>\n\n\n<p>El&nbsp;<strong>Gobierno de la Presidenta Claudia Sheinbaum Pardo<\/strong>&nbsp;present\u00f3 esta ma\u00f1ana la propuesta que M\u00e9xico llevar\u00e1 a&nbsp;<strong>Donald Trump<\/strong>&nbsp;en donde explican, con cifras y datos, que los aranceles del 25 por ciento s\u00f3lo afectar\u00edan a la econom\u00eda de&nbsp;<strong>Estados Unidos<\/strong>. \u201cSer\u00eda un tiro en el pie\u201d, asegur\u00f3&nbsp;<a href=\"https:\/\/www.sinembargo.mx\/4268742\/entendimiento-bicentenario-con-eu-funciona-ante-crimenes-graves-y-decomisos-ebrard\/\" target=\"_blank\" rel=\"noreferrer noopener\"><strong>Marcelo Ebrard, titular de la Secretar\u00eda de Econom\u00eda<\/strong><\/a>.<\/p>\n\n\n\n<p>El Secretario de Econom\u00eda expuso esta ma\u00f1ana la propuesta de M\u00e9xico para construir una regi\u00f3n de Norteam\u00e9rica prospera y competitiva que se basa principalmente en tres ejes: cooperar en seguridad, migraci\u00f3n y gobernanza; crear empleos bien remunerados y optimizar las cadenas regionales de suministros.<\/p>\n\n\n\n<p>En ese sentido, Ebrard dijo que el Gobierno de M\u00e9xico ha recibido el respaldo de la industria aeron\u00e1utica y automotriz, al tiempo que adelant\u00f3 que la Secretar\u00eda de Econom\u00eda ha acelerado las conversaciones con la Uni\u00f3n Europea para terminar la modernizaci\u00f3n del acuerdo comercial con esta regi\u00f3n al igual que se est\u00e1 haciendo con Brasil.<\/p>\n\n\n\n<p>Como un ejemplo de c\u00f3mo afectar\u00edan a los estadounidenses los aranceles propuestos por Trump, Ebrard explic\u00f3 que Ford, General Motors y Stellantis proveen el 88 por ciento de las Pick ups de Estados Unidos, veh\u00edculos que subir\u00edan un promedio de 3 mil d\u00f3lares, adem\u00e1s de que se perder\u00edan 400 mil empleos en la Uni\u00f3n Americana, de acuerdo con el c\u00e1lculo del Gobierno mexicano y la industria automotriz estadounidense.<\/p>\n\n\n\n<p>Sobre este tema, las principales automotrices que tienen plantas en M\u00e9xico sufrieron el martes un descalabro burs\u00e1til. La m\u00e1s afectada fue&nbsp;<strong>General Motors<\/strong>&nbsp;(NYSE:GM), que lleg\u00f3 a caer casi un -8 por ciento en la primera hora de negociaciones en Wall Street.&nbsp;<strong>Stellantis y Ford Motor Company<\/strong>&nbsp;(NYSE:F) tambi\u00e9n ced\u00edan alrededor de un -4 por ciento y -2.5 por ciento, respectivamente.<\/p>\n\n\n\n<p>Justo estas empresas han sido identificadas por el Gobierno mexicano como algunas de las que m\u00e1s tendr\u00edan impacto por las tarifas arancelarias que Donald Trump impondr\u00eda a M\u00e9xico para presionarle a frenar la inmigraci\u00f3n y el tr\u00e1fico de drogas hacia Estados Unidos.<\/p>\n","protected":false},"excerpt":{"rendered":"<p>El&nbsp;Gobierno de la Presidenta Claudia Sheinbaum Pardo&nbsp;present\u00f3 esta ma\u00f1ana la propuesta que M\u00e9xico llevar\u00e1 a&nbsp;Donald Trump&nbsp;en donde explican, con cifras y datos, que los aranceles del 25 por ciento s\u00f3lo afectar\u00edan a la econom\u00eda de&nbsp;Estados Unidos. \u201cSer\u00eda un tiro en el pie\u201d, asegur\u00f3&nbsp;Marcelo Ebrard, titular de la Secretar\u00eda de Econom\u00eda. El Secretario de Econom\u00eda expuso [&hellip;]<\/p>\n","protected":false},"author":4,"featured_media":91650,"comment_status":"open","ping_status":"open","sticky":false,"template":"","format":"standard","meta":{"om_disable_all_campaigns":false,"_monsterinsights_skip_tracking":false,"_monsterinsights_sitenote_active":false,"_monsterinsights_sitenote_note":"","_monsterinsights_sitenote_category":0,"jnews-multi-image_gallery":[],"jnews_single_post":{"subtitle":"","format":"standard","video":"","gallery":"","source_name":"","source_url":"","via_name":"","via_url":"","override_template":"0","override":[{"template":"1","single_blog_custom":"","parallax":"1","fullscreen":"1","layout":"right-sidebar","sidebar":"default-sidebar","second_sidebar":"default-sidebar","sticky_sidebar":"1","share_position":"top","share_float_style":"share-monocrhome","show_share_counter":"1","show_view_counter":"1","show_featured":"1","show_post_meta":"1","show_post_author":"1","show_post_author_image":"1","show_post_date":"1","post_date_format":"default","post_date_format_custom":"Y\/m\/d","show_post_category":"1","show_post_reading_time":"0","post_reading_time_wpm":"300","show_zoom_button":"0","zoom_button_out_step":"2","zoom_button_in_step":"3","show_post_tag":"1","show_prev_next_post":"1","show_popup_post":"1","number_popup_post":"1","show_author_box":"1","show_post_related":"0","show_inline_post_related":"0"}],"override_image_size":"0","image_override":[{"single_post_thumbnail_size":"crop-500","single_post_gallery_size":"crop-500"}],"trending_post":"0","trending_post_position":"meta","trending_post_label":"Trending","sponsored_post":"0","sponsored_post_label":"Sponsored by","sponsored_post_name":"","sponsored_post_url":"","sponsored_post_logo_enable":"0","sponsored_post_logo":"","sponsored_post_desc":"","disable_ad":"0"},"jnews_primary_category":{"id":""},"footnotes":""},"categories":[1],"tags":[],"class_list":["post-91646","post","type-post","status-publish","format-standard","has-post-thumbnail","hentry","category-uncategorized"],"aioseo_notices":[],"_links":{"self":[{"href":"https:\/\/estado29.mx\/index.php?rest_route=\/wp\/v2\/posts\/91646","targetHints":{"allow":["GET"]}}],"collection":[{"href":"https:\/\/estado29.mx\/index.php?rest_route=\/wp\/v2\/posts"}],"about":[{"href":"https:\/\/estado29.mx\/index.php?rest_route=\/wp\/v2\/types\/post"}],"author":[{"embeddable":true,"href":"https:\/\/estado29.mx\/index.php?rest_route=\/wp\/v2\/users\/4"}],"replies":[{"embeddable":true,"href":"https:\/\/estado29.mx\/index.php?rest_route=%2Fwp%2Fv2%2Fcomments&post=91646"}],"version-history":[{"count":1,"href":"https:\/\/estado29.mx\/index.php?rest_route=\/wp\/v2\/posts\/91646\/revisions"}],"predecessor-version":[{"id":91653,"href":"https:\/\/estado29.mx\/index.php?rest_route=\/wp\/v2\/posts\/91646\/revisions\/91653"}],"wp:featuredmedia":[{"embeddable":true,"href":"https:\/\/estado29.mx\/index.php?rest_route=\/wp\/v2\/media\/91650"}],"wp:attachment":[{"href":"https:\/\/estado29.mx\/index.php?rest_route=%2Fwp%2Fv2%2Fmedia&parent=91646"}],"wp:term":[{"taxonomy":"category","embeddable":true,"href":"https:\/\/estado29.mx\/index.php?rest_route=%2Fwp%2Fv2%2Fcategories&post=91646"},{"taxonomy":"post_tag","embeddable":true,"href":"https:\/\/estado29.mx\/index.php?rest_route=%2Fwp%2Fv2%2Ftags&post=91646"}],"curies":[{"name":"wp","href":"https:\/\/api.w.org\/{rel}","templated":true}]}}