{"id":91673,"date":"2024-11-28T00:21:47","date_gmt":"2024-11-28T00:21:47","guid":{"rendered":"https:\/\/estado29.mx\/?p=91673"},"modified":"2024-11-28T00:21:48","modified_gmt":"2024-11-28T00:21:48","slug":"inician-cambio-de-luminarias-en-barrio-de-san-jose-en-huamantla","status":"publish","type":"post","link":"https:\/\/estado29.mx\/?p=91673","title":{"rendered":"Inician cambio de luminarias en Barrio de San Jos\u00e9 en Huamantla."},"content":{"rendered":"\n<p><br>Elvia Yadira Hern\u00e1ndez, presidenta del Barrio de San Jos\u00e9, perteneciente al municipio de Huamantla, detall\u00f3 que como parte de las acciones que ha realizado en lo que va de la presente administraci\u00f3n, se ha trabajado en identificar las necesidades de los pobladores de este barrio.<\/p>\n\n\n\n<p><br>La presidenta del Barrio de San Jos\u00e9, agreg\u00f3 que una de las necesidades b\u00e1sicas de esta comunidad, es el tema de alumbrado p\u00fablico.<\/p>\n\n\n\n<p><br>Asimismo, destac\u00f3 que ya se ha dado seguimiento a esta necesitad y se ha iniciado con el cambio de luminarias.<\/p>\n\n\n\n<p><br>Adicional a estos trabajos, puntualiz\u00f3 que se han estado gestionando calentadores solares, para beneficiar a personas en situaci\u00f3n vulnerable.<\/p>\n\n\n\n<p><br>Para finalizar, la presidenta de comunidad, Elvia Yadira Hern\u00e1ndez, agreg\u00f3 que se trabaja tambi\u00e9n con el sector educativo en la implementaci\u00f3n de cursos de ingl\u00e9s en peque\u00f1os.<\/p>\n\n\n<figure class=\"wp-block-post-featured-image\"><img loading=\"lazy\" decoding=\"async\" width=\"2560\" height=\"1920\" src=\"https:\/\/estado29.mx\/wp-content\/uploads\/2024\/11\/IMG_20241125_111207-min-scaled.jpg\" class=\"attachment-post-thumbnail size-post-thumbnail wp-post-image\" alt=\"\" style=\"object-fit:cover;\" srcset=\"https:\/\/estado29.mx\/wp-content\/uploads\/2024\/11\/IMG_20241125_111207-min-scaled.jpg 2560w, https:\/\/estado29.mx\/wp-content\/uploads\/2024\/11\/IMG_20241125_111207-min-300x225.jpg 300w, https:\/\/estado29.mx\/wp-content\/uploads\/2024\/11\/IMG_20241125_111207-min-1024x768.jpg 1024w, https:\/\/estado29.mx\/wp-content\/uploads\/2024\/11\/IMG_20241125_111207-min-768x576.jpg 768w, https:\/\/estado29.mx\/wp-content\/uploads\/2024\/11\/IMG_20241125_111207-min-1536x1152.jpg 1536w, https:\/\/estado29.mx\/wp-content\/uploads\/2024\/11\/IMG_20241125_111207-min-2048x1536.jpg 2048w, https:\/\/estado29.mx\/wp-content\/uploads\/2024\/11\/IMG_20241125_111207-min-750x563.jpg 750w, https:\/\/estado29.mx\/wp-content\/uploads\/2024\/11\/IMG_20241125_111207-min-1140x855.jpg 1140w\" sizes=\"auto, (max-width: 2560px) 100vw, 2560px\" \/><\/figure>","protected":false},"excerpt":{"rendered":"<p>Elvia Yadira Hern\u00e1ndez, presidenta del Barrio de San Jos\u00e9, perteneciente al municipio de Huamantla, detall\u00f3 que como parte de las acciones que ha realizado en lo que va de la presente administraci\u00f3n, se ha trabajado en identificar las necesidades de los pobladores de este barrio. La presidenta del Barrio de San Jos\u00e9, agreg\u00f3 que una [&hellip;]<\/p>\n","protected":false},"author":7,"featured_media":91674,"comment_status":"open","ping_status":"open","sticky":false,"template":"","format":"standard","meta":{"om_disable_all_campaigns":false,"_monsterinsights_skip_tracking":false,"_monsterinsights_sitenote_active":false,"_monsterinsights_sitenote_note":"","_monsterinsights_sitenote_category":0,"jnews-multi-image_gallery":[],"jnews_single_post":{"subtitle":"","format":"standard","video":"","gallery":"","source_name":"","source_url":"","via_name":"","via_url":"","override_template":"0","override":[{"template":"1","single_blog_custom":"","parallax":"1","fullscreen":"1","layout":"right-sidebar","sidebar":"default-sidebar","second_sidebar":"default-sidebar","sticky_sidebar":"1","share_position":"top","share_float_style":"share-monocrhome","show_share_counter":"1","show_view_counter":"1","show_featured":"1","show_post_meta":"1","show_post_author":"1","show_post_author_image":"1","show_post_date":"1","post_date_format":"default","post_date_format_custom":"Y\/m\/d","show_post_category":"1","show_post_reading_time":"0","post_reading_time_wpm":"300","show_zoom_button":"0","zoom_button_out_step":"2","zoom_button_in_step":"3","show_post_tag":"1","show_prev_next_post":"1","show_popup_post":"1","number_popup_post":"1","show_author_box":"1","show_post_related":"0","show_inline_post_related":"0"}],"override_image_size":"0","image_override":[{"single_post_thumbnail_size":"crop-500","single_post_gallery_size":"crop-500"}],"trending_post":"0","trending_post_position":"meta","trending_post_label":"Trending","sponsored_post":"0","sponsored_post_label":"Sponsored by","sponsored_post_name":"","sponsored_post_url":"","sponsored_post_logo_enable":"0","sponsored_post_logo":"","sponsored_post_desc":"","disable_ad":"0"},"jnews_primary_category":{"id":""},"footnotes":""},"categories":[1],"tags":[],"class_list":["post-91673","post","type-post","status-publish","format-standard","has-post-thumbnail","hentry","category-uncategorized"],"aioseo_notices":[],"_links":{"self":[{"href":"https:\/\/estado29.mx\/index.php?rest_route=\/wp\/v2\/posts\/91673","targetHints":{"allow":["GET"]}}],"collection":[{"href":"https:\/\/estado29.mx\/index.php?rest_route=\/wp\/v2\/posts"}],"about":[{"href":"https:\/\/estado29.mx\/index.php?rest_route=\/wp\/v2\/types\/post"}],"author":[{"embeddable":true,"href":"https:\/\/estado29.mx\/index.php?rest_route=\/wp\/v2\/users\/7"}],"replies":[{"embeddable":true,"href":"https:\/\/estado29.mx\/index.php?rest_route=%2Fwp%2Fv2%2Fcomments&post=91673"}],"version-history":[{"count":1,"href":"https:\/\/estado29.mx\/index.php?rest_route=\/wp\/v2\/posts\/91673\/revisions"}],"predecessor-version":[{"id":91675,"href":"https:\/\/estado29.mx\/index.php?rest_route=\/wp\/v2\/posts\/91673\/revisions\/91675"}],"wp:featuredmedia":[{"embeddable":true,"href":"https:\/\/estado29.mx\/index.php?rest_route=\/wp\/v2\/media\/91674"}],"wp:attachment":[{"href":"https:\/\/estado29.mx\/index.php?rest_route=%2Fwp%2Fv2%2Fmedia&parent=91673"}],"wp:term":[{"taxonomy":"category","embeddable":true,"href":"https:\/\/estado29.mx\/index.php?rest_route=%2Fwp%2Fv2%2Fcategories&post=91673"},{"taxonomy":"post_tag","embeddable":true,"href":"https:\/\/estado29.mx\/index.php?rest_route=%2Fwp%2Fv2%2Ftags&post=91673"}],"curies":[{"name":"wp","href":"https:\/\/api.w.org\/{rel}","templated":true}]}}