{"id":91676,"date":"2024-11-28T00:24:43","date_gmt":"2024-11-28T00:24:43","guid":{"rendered":"https:\/\/estado29.mx\/?p=91676"},"modified":"2024-11-28T00:24:44","modified_gmt":"2024-11-28T00:24:44","slug":"prioriza-presidente-de-comunidad-altamira-de-guadalupe-abasto-de-agua-potable-para-pobladores","status":"publish","type":"post","link":"https:\/\/estado29.mx\/?p=91676","title":{"rendered":"Prioriza Presidente de Comunidad Altamira de Guadalupe abasto de agua potable para pobladores."},"content":{"rendered":"\n<p><br>El Presidente de Comunidad Altamira de Guadalupe, Juan Carlos S\u00e1nchez de la Rosa, puntualiz\u00f3 que uno de los temas prioritarios en su comunidad es el abastecimiento de agua potable.<\/p>\n\n\n\n<p><br>El presidente de comunidad, puntualiz\u00f3 que ya se est\u00e1 trabajando en un proyecto basado en la rehabilitaci\u00f3n de l\u00edneas de agua as\u00ed como la creaci\u00f3n de un tanque de almacenamiento.<\/p>\n\n\n\n<p><br>S\u00e1nchez de la Rosa, agreg\u00f3 que se han realizado trabajos de limpieza en espacios p\u00fablicos de esta comunidad.<\/p>\n\n\n\n<p><br>El presidente de comunidad Altamira de Guadalupe, coment\u00f3 que se han establecido acercamientos con el sector educativo a fin de trabajar de manera conjunta, mediante talleres y pl\u00e1ticas que son impartidas a los alumnos.<\/p>\n\n\n\n<p><br>Para finalizar, el presidente hizo la invitaci\u00f3n a pobladores de esta comunidad, a sumarse a los diversos trabajos que se tienen en puerta as\u00ed como a cuidar el medio ambiente para tener el agua que necesita esta poblaci\u00f3n.<\/p>\n\n\n<figure class=\"wp-block-post-featured-image\"><img loading=\"lazy\" decoding=\"async\" width=\"2560\" height=\"1920\" src=\"https:\/\/estado29.mx\/wp-content\/uploads\/2024\/11\/IMG_20241125_111644-min-1-scaled.jpg\" class=\"attachment-post-thumbnail size-post-thumbnail wp-post-image\" alt=\"\" style=\"object-fit:cover;\" srcset=\"https:\/\/estado29.mx\/wp-content\/uploads\/2024\/11\/IMG_20241125_111644-min-1-scaled.jpg 2560w, https:\/\/estado29.mx\/wp-content\/uploads\/2024\/11\/IMG_20241125_111644-min-1-300x225.jpg 300w, https:\/\/estado29.mx\/wp-content\/uploads\/2024\/11\/IMG_20241125_111644-min-1-1024x768.jpg 1024w, https:\/\/estado29.mx\/wp-content\/uploads\/2024\/11\/IMG_20241125_111644-min-1-768x576.jpg 768w, https:\/\/estado29.mx\/wp-content\/uploads\/2024\/11\/IMG_20241125_111644-min-1-1536x1152.jpg 1536w, https:\/\/estado29.mx\/wp-content\/uploads\/2024\/11\/IMG_20241125_111644-min-1-2048x1536.jpg 2048w, https:\/\/estado29.mx\/wp-content\/uploads\/2024\/11\/IMG_20241125_111644-min-1-750x563.jpg 750w, https:\/\/estado29.mx\/wp-content\/uploads\/2024\/11\/IMG_20241125_111644-min-1-1140x855.jpg 1140w\" sizes=\"auto, (max-width: 2560px) 100vw, 2560px\" \/><\/figure>","protected":false},"excerpt":{"rendered":"<p>El Presidente de Comunidad Altamira de Guadalupe, Juan Carlos S\u00e1nchez de la Rosa, puntualiz\u00f3 que uno de los temas prioritarios en su comunidad es el abastecimiento de agua potable. El presidente de comunidad, puntualiz\u00f3 que ya se est\u00e1 trabajando en un proyecto basado en la rehabilitaci\u00f3n de l\u00edneas de agua as\u00ed como la creaci\u00f3n de [&hellip;]<\/p>\n","protected":false},"author":7,"featured_media":91677,"comment_status":"open","ping_status":"open","sticky":false,"template":"","format":"standard","meta":{"om_disable_all_campaigns":false,"_monsterinsights_skip_tracking":false,"_monsterinsights_sitenote_active":false,"_monsterinsights_sitenote_note":"","_monsterinsights_sitenote_category":0,"jnews-multi-image_gallery":[],"jnews_single_post":{"subtitle":"","format":"standard","video":"","gallery":"","source_name":"","source_url":"","via_name":"","via_url":"","override_template":"0","override":[{"template":"1","single_blog_custom":"","parallax":"1","fullscreen":"1","layout":"right-sidebar","sidebar":"default-sidebar","second_sidebar":"default-sidebar","sticky_sidebar":"1","share_position":"top","share_float_style":"share-monocrhome","show_share_counter":"1","show_view_counter":"1","show_featured":"1","show_post_meta":"1","show_post_author":"1","show_post_author_image":"1","show_post_date":"1","post_date_format":"default","post_date_format_custom":"Y\/m\/d","show_post_category":"1","show_post_reading_time":"0","post_reading_time_wpm":"300","show_zoom_button":"0","zoom_button_out_step":"2","zoom_button_in_step":"3","show_post_tag":"1","show_prev_next_post":"1","show_popup_post":"1","number_popup_post":"1","show_author_box":"1","show_post_related":"0","show_inline_post_related":"0"}],"override_image_size":"0","image_override":[{"single_post_thumbnail_size":"crop-500","single_post_gallery_size":"crop-500"}],"trending_post":"0","trending_post_position":"meta","trending_post_label":"Trending","sponsored_post":"0","sponsored_post_label":"Sponsored by","sponsored_post_name":"","sponsored_post_url":"","sponsored_post_logo_enable":"0","sponsored_post_logo":"","sponsored_post_desc":"","disable_ad":"0"},"jnews_primary_category":{"id":""},"footnotes":""},"categories":[1],"tags":[],"class_list":["post-91676","post","type-post","status-publish","format-standard","has-post-thumbnail","hentry","category-uncategorized"],"aioseo_notices":[],"_links":{"self":[{"href":"https:\/\/estado29.mx\/index.php?rest_route=\/wp\/v2\/posts\/91676","targetHints":{"allow":["GET"]}}],"collection":[{"href":"https:\/\/estado29.mx\/index.php?rest_route=\/wp\/v2\/posts"}],"about":[{"href":"https:\/\/estado29.mx\/index.php?rest_route=\/wp\/v2\/types\/post"}],"author":[{"embeddable":true,"href":"https:\/\/estado29.mx\/index.php?rest_route=\/wp\/v2\/users\/7"}],"replies":[{"embeddable":true,"href":"https:\/\/estado29.mx\/index.php?rest_route=%2Fwp%2Fv2%2Fcomments&post=91676"}],"version-history":[{"count":1,"href":"https:\/\/estado29.mx\/index.php?rest_route=\/wp\/v2\/posts\/91676\/revisions"}],"predecessor-version":[{"id":91678,"href":"https:\/\/estado29.mx\/index.php?rest_route=\/wp\/v2\/posts\/91676\/revisions\/91678"}],"wp:featuredmedia":[{"embeddable":true,"href":"https:\/\/estado29.mx\/index.php?rest_route=\/wp\/v2\/media\/91677"}],"wp:attachment":[{"href":"https:\/\/estado29.mx\/index.php?rest_route=%2Fwp%2Fv2%2Fmedia&parent=91676"}],"wp:term":[{"taxonomy":"category","embeddable":true,"href":"https:\/\/estado29.mx\/index.php?rest_route=%2Fwp%2Fv2%2Fcategories&post=91676"},{"taxonomy":"post_tag","embeddable":true,"href":"https:\/\/estado29.mx\/index.php?rest_route=%2Fwp%2Fv2%2Ftags&post=91676"}],"curies":[{"name":"wp","href":"https:\/\/api.w.org\/{rel}","templated":true}]}}